{"id":33451,"date":"2023-09-08T14:46:39","date_gmt":"2023-09-08T17:46:39","guid":{"rendered":"https:\/\/wpa.wscom.com.br\/?p=922020"},"modified":"2023-09-08T14:46:39","modified_gmt":"2023-09-08T17:46:39","slug":"prefeitura-de-cabedelo-inscreve-para-cursos-profissionalizantes-em-parceria-com-o-senac-pb","status":"publish","type":"post","link":"https:\/\/sindaopcpb.org.br\/index.php\/2023\/09\/08\/prefeitura-de-cabedelo-inscreve-para-cursos-profissionalizantes-em-parceria-com-o-senac-pb\/","title":{"rendered":"Prefeitura de Cabedelo inscreve para cursos profissionalizantes em parceria com o Senac-PB"},"content":{"rendered":"<p style=\"font-weight: 400;\">A Prefeitura Municipal de Cabedelo (PMC), Secretaria Desenvolvimento, Econ\u00f4mico e Portos (Sedep), abre inscri\u00e7\u00f5es, no per\u00edodo de 11 a 13 de setembro, para diversos cursos em parceria com o Senac-PB.<\/p>\n<p style=\"font-weight: 400;\">Ser\u00e3o ofertadas aulas de Barbeiro, Design de Sobrancelha, Preparo de doces e Oficina \u201cA Arte da pizza\u201d. Os cursos ser\u00e3o realizados pela manh\u00e3 e \u00e0 tarde, no Centro de Capacita\u00e7\u00e3o, localizado na Rua Ismael Farias, Centro.<\/p>\n<p style=\"font-weight: 400;\">As inscri\u00e7\u00f5es podem ser realizadas no pr\u00f3prio Centro, das 8h \u00e0s 17h. \u00c9 necess\u00e1rio levar apenas c\u00f3pias de RG, CPF, Comprovante de resid\u00eancia e Comprovante Escolaridade.\u00a0Est\u00e3o sendo oferecidas 20 vagas para cada curso.<\/p>\n<p style=\"font-weight: 400;\">As aulas est\u00e3o previstas para come\u00e7ar no dia 03 de outubro. Mais informa\u00e7\u00f5es podem ser obtidas pelo telefone (83) 3250.3298 (Whatsapp).<\/p>\n<p>O post <a rel=\"nofollow noopener\" href=\"https:\/\/wscom.com.br\/prefeitura-de-cabedelo-inscreve-para-cursos-profissionalizantes-em-parceria-com-o-senac-pb\/\" target=\"_blank\">Prefeitura de Cabedelo inscreve para cursos profissionalizantes em parceria com o Senac-PB<\/a> apareceu primeiro em <a rel=\"nofollow noopener\" href=\"https:\/\/wscom.com.br\/\" target=\"_blank\">WSCOM<\/a>.<\/p>\n","protected":false},"excerpt":{"rendered":"<p>A Prefeitura Municipal de Cabedelo (PMC), Secretaria Desenvolvimento, Econ\u00f4mico e Portos (Sedep), abre inscri\u00e7\u00f5es, no per\u00edodo de 11 a 13 de setembro, para diversos cursos em parceria com o Senac-PB. Ser\u00e3o ofertadas aulas de Barbeiro, Design de Sobrancelha, Preparo de doces e Oficina \u201cA Arte da pizza\u201d. Os cursos ser\u00e3o realizados pela manh\u00e3 e \u00e0 [\u2026]<\/p>\n<p>O post <a rel=\"nofollow\" href=\"https:\/\/wscom.com.br\/prefeitura-de-cabedelo-inscreve-para-cursos-profissionalizantes-em-parceria-com-o-senac-pb\/\">Prefeitura de Cabedelo inscreve para cursos profissionalizantes em parceria com o Senac-PB<\/a> apareceu primeiro em <a rel=\"nofollow\" href=\"https:\/\/wscom.com.br\/\">WSCOM<\/a>.<\/p>\n","protected":false},"author":49,"featured_media":0,"comment_status":"closed","ping_status":"closed","sticky":false,"template":"","format":"standard","meta":{"advgb_blocks_editor_width":"","advgb_blocks_columns_visual_guide":"","footnotes":""},"categories":[471,8866,3265,8867,34,8868,8869],"tags":[35],"class_list":["post-33451","post","type-post","status-publish","format-standard","hentry","category-cabedelo","category-centro-de-capacitacao-de-cabedelo","category-cursos","category-cursos-profissionalizantes","category-g1","category-prefeitura-de-cabedelo","category-senac-pb","tag-g1"],"author_meta":{"display_name":"Cristiane Cavalcante","author_link":"https:\/\/sindaopcpb.org.br\/author\/cristiane-cavalcante\/"},"featured_img":null,"coauthors":[],"tax_additional":{"categories":{"linked":["<a href=\"https:\/\/sindaopcpb.org.br\/cabedelo\/\" class=\"advgb-post-tax-term\">cabedelo<\/a>","<a href=\"https:\/\/sindaopcpb.org.br\/centro-de-capacitacao-de-cabedelo\/\" class=\"advgb-post-tax-term\">centro de capacita\u00e7\u00e3o de cabedelo<\/a>","<a href=\"https:\/\/sindaopcpb.org.br\/cursos\/\" class=\"advgb-post-tax-term\">cursos<\/a>","<a href=\"https:\/\/sindaopcpb.org.br\/cursos-profissionalizantes\/\" class=\"advgb-post-tax-term\">Cursos profissionalizantes<\/a>","<a href=\"https:\/\/sindaopcpb.org.br\/g1\/\" class=\"advgb-post-tax-term\">G1<\/a>","<a href=\"https:\/\/sindaopcpb.org.br\/prefeitura-de-cabedelo\/\" class=\"advgb-post-tax-term\">prefeitura de Cabedelo<\/a>","<a href=\"https:\/\/sindaopcpb.org.br\/senac-pb\/\" class=\"advgb-post-tax-term\">Senac-PB<\/a>"],"unlinked":["<span class=\"advgb-post-tax-term\">cabedelo<\/span>","<span class=\"advgb-post-tax-term\">centro de capacita\u00e7\u00e3o de cabedelo<\/span>","<span class=\"advgb-post-tax-term\">cursos<\/span>","<span class=\"advgb-post-tax-term\">Cursos profissionalizantes<\/span>","<span class=\"advgb-post-tax-term\">G1<\/span>","<span class=\"advgb-post-tax-term\">prefeitura de Cabedelo<\/span>","<span class=\"advgb-post-tax-term\">Senac-PB<\/span>"]},"tags":{"linked":["<a href=\"https:\/\/sindaopcpb.org.br\/senac-pb\/\" class=\"advgb-post-tax-term\">g1<\/a>"],"unlinked":["<span class=\"advgb-post-tax-term\">g1<\/span>"]}},"comment_count":"0","relative_dates":{"created":"Publicado 3 anos atr\u00e1s","modified":"Atualizado 3 anos atr\u00e1s"},"absolute_dates":{"created":"Publicado em 8 de setembro de 2023","modified":"Atualizado em 8 de setembro de 2023"},"absolute_dates_time":{"created":"Publicado em 8 de setembro de 2023 14:46","modified":"Atualizado em 8 de setembro de 2023 14:46"},"featured_img_caption":"","series_order":"","_links":{"self":[{"href":"https:\/\/sindaopcpb.org.br\/index.php\/wp-json\/wp\/v2\/posts\/33451","targetHints":{"allow":["GET"]}}],"collection":[{"href":"https:\/\/sindaopcpb.org.br\/index.php\/wp-json\/wp\/v2\/posts"}],"about":[{"href":"https:\/\/sindaopcpb.org.br\/index.php\/wp-json\/wp\/v2\/types\/post"}],"author":[{"embeddable":true,"href":"https:\/\/sindaopcpb.org.br\/index.php\/wp-json\/wp\/v2\/users\/49"}],"replies":[{"embeddable":true,"href":"https:\/\/sindaopcpb.org.br\/index.php\/wp-json\/wp\/v2\/comments?post=33451"}],"version-history":[{"count":1,"href":"https:\/\/sindaopcpb.org.br\/index.php\/wp-json\/wp\/v2\/posts\/33451\/revisions"}],"predecessor-version":[{"id":33452,"href":"https:\/\/sindaopcpb.org.br\/index.php\/wp-json\/wp\/v2\/posts\/33451\/revisions\/33452"}],"wp:attachment":[{"href":"https:\/\/sindaopcpb.org.br\/index.php\/wp-json\/wp\/v2\/media?parent=33451"}],"wp:term":[{"taxonomy":"category","embeddable":true,"href":"https:\/\/sindaopcpb.org.br\/index.php\/wp-json\/wp\/v2\/categories?post=33451"},{"taxonomy":"post_tag","embeddable":true,"href":"https:\/\/sindaopcpb.org.br\/index.php\/wp-json\/wp\/v2\/tags?post=33451"}],"curies":[{"name":"wp","href":"https:\/\/api.w.org\/{rel}","templated":true}]}}