{"id":33449,"date":"2023-09-08T14:51:15","date_gmt":"2023-09-08T17:51:15","guid":{"rendered":"https:\/\/wpa.wscom.com.br\/?p=922025"},"modified":"2023-09-08T14:51:15","modified_gmt":"2023-09-08T17:51:15","slug":"kayky-brito-permanece-sedado-e-tem-quadro-clinico-sem-alteracoes-diz-hospital","status":"publish","type":"post","link":"https:\/\/sindaopcpb.org.br\/index.php\/2023\/09\/08\/kayky-brito-permanece-sedado-e-tem-quadro-clinico-sem-alteracoes-diz-hospital\/","title":{"rendered":"Kayky Brito permanece sedado e tem quadro cl\u00ednico sem altera\u00e7\u00f5es, diz hospital"},"content":{"rendered":"<p>O ator Kayky Brito, de 34 anos, permanece sedado e em ventila\u00e7\u00e3o mec\u00e2nica, com o quadro cl\u00ednico sob controle e sem altera\u00e7\u00f5es nas \u00faltimas 24 horas, conforme boletim m\u00e9dico divulgado nesta sexta-feira (8) pelo Hospital Copa D\u2019Or, onde est\u00e1 internado desde a tarde de s\u00e1bado (2). A nota foi assinada pelos m\u00e9dicos Edno Wallace, Ney Pecegueiro e Marcelo London.<img decoding=\"async\" src=\"https:\/\/agenciabrasil.ebc.com.br\/ebc.png?id=1554058&amp;o=node\" alt=\"\" title=\"\"><img decoding=\"async\" src=\"https:\/\/agenciabrasil.ebc.com.br\/ebc.gif?id=1554058&amp;o=node\" alt=\"\" title=\"\"><\/p>\n<p>Ele foi submetido, na segunda-feira (4), a cirurgias para a fixa\u00e7\u00e3o de fratura na pelve e no bra\u00e7o direito. O ator foi diagnosticado com politraumatismo e traumatismo craniano e continua na Unidade de Terapia Intensiva (UTI).<\/p>\n<p>Kayky foi atropelado na madrugada de s\u00e1bado na Avenida L\u00facio Costa, na orla da Barra da Tijuca, zona oeste do Rio. O ator estava com amigos em um quiosque e resolveu pegar algo no carro estacionado do outro lado da via. Imagens de c\u00e2meras de seguran\u00e7a do local mostram que ele foi atingido por um ve\u00edculo quando voltava correndo para o quiosque.<\/p>\n<p>O motorista de aplicativo que dirigia o carro parou o ve\u00edculo, aguardou a chegada de policiais e o atendimento do Corpo de Bombeiros.<\/p>\n<p>O post <a rel=\"nofollow noopener\" href=\"https:\/\/wscom.com.br\/kayky-brito-permanece-sedado-e-tem-quadro-clinico-sem-alteracoes-diz-hospital\/\" target=\"_blank\">Kayky Brito permanece sedado e tem quadro cl\u00ednico sem altera\u00e7\u00f5es, diz hospital<\/a> apareceu primeiro em <a rel=\"nofollow noopener\" href=\"https:\/\/wscom.com.br\/\" target=\"_blank\">WSCOM<\/a>.<\/p>\n","protected":false},"excerpt":{"rendered":"<p>O ator Kayky Brito, de 34 anos, permanece sedado e em ventila\u00e7\u00e3o mec\u00e2nica, com o quadro cl\u00ednico sob controle e sem altera\u00e7\u00f5es nas \u00faltimas 24 horas, conforme boletim m\u00e9dico divulgado nesta sexta-feira (8) pelo Hospital Copa D\u2019Or, onde est\u00e1 internado desde a tarde de s\u00e1bado (2). A nota foi assinada pelos m\u00e9dicos Edno Wallace, Ney [\u2026]<\/p>\n<p>O post <a rel=\"nofollow\" href=\"https:\/\/wscom.com.br\/kayky-brito-permanece-sedado-e-tem-quadro-clinico-sem-alteracoes-diz-hospital\/\">Kayky Brito permanece sedado e tem quadro cl\u00ednico sem altera\u00e7\u00f5es, diz hospital<\/a> apareceu primeiro em <a rel=\"nofollow\" href=\"https:\/\/wscom.com.br\/\">WSCOM<\/a>.<\/p>\n","protected":false},"author":50,"featured_media":0,"comment_status":"closed","ping_status":"closed","sticky":false,"template":"","format":"standard","meta":{"advgb_blocks_editor_width":"","advgb_blocks_columns_visual_guide":"","footnotes":""},"categories":[115,8590,34,8591],"tags":[35],"class_list":["post-33449","post","type-post","status-publish","format-standard","hentry","category-brasil","category-brito","category-g1","category-kayky","tag-g1"],"author_meta":{"display_name":"Wallyson","author_link":"https:\/\/sindaopcpb.org.br\/author\/wallyson\/"},"featured_img":null,"coauthors":[],"tax_additional":{"categories":{"linked":["<a href=\"https:\/\/sindaopcpb.org.br\/brasil\/\" class=\"advgb-post-tax-term\">Brasil<\/a>","<a href=\"https:\/\/sindaopcpb.org.br\/brito\/\" class=\"advgb-post-tax-term\">brito<\/a>","<a href=\"https:\/\/sindaopcpb.org.br\/g1\/\" class=\"advgb-post-tax-term\">G1<\/a>","<a href=\"https:\/\/sindaopcpb.org.br\/kayky\/\" class=\"advgb-post-tax-term\">kayky<\/a>"],"unlinked":["<span class=\"advgb-post-tax-term\">Brasil<\/span>","<span class=\"advgb-post-tax-term\">brito<\/span>","<span class=\"advgb-post-tax-term\">G1<\/span>","<span class=\"advgb-post-tax-term\">kayky<\/span>"]},"tags":{"linked":["<a href=\"https:\/\/sindaopcpb.org.br\/kayky\/\" class=\"advgb-post-tax-term\">g1<\/a>"],"unlinked":["<span class=\"advgb-post-tax-term\">g1<\/span>"]}},"comment_count":"0","relative_dates":{"created":"Publicado 3 anos atr\u00e1s","modified":"Atualizado 3 anos atr\u00e1s"},"absolute_dates":{"created":"Publicado em 8 de setembro de 2023","modified":"Atualizado em 8 de setembro de 2023"},"absolute_dates_time":{"created":"Publicado em 8 de setembro de 2023 14:51","modified":"Atualizado em 8 de setembro de 2023 14:51"},"featured_img_caption":"","series_order":"","_links":{"self":[{"href":"https:\/\/sindaopcpb.org.br\/index.php\/wp-json\/wp\/v2\/posts\/33449","targetHints":{"allow":["GET"]}}],"collection":[{"href":"https:\/\/sindaopcpb.org.br\/index.php\/wp-json\/wp\/v2\/posts"}],"about":[{"href":"https:\/\/sindaopcpb.org.br\/index.php\/wp-json\/wp\/v2\/types\/post"}],"author":[{"embeddable":true,"href":"https:\/\/sindaopcpb.org.br\/index.php\/wp-json\/wp\/v2\/users\/50"}],"replies":[{"embeddable":true,"href":"https:\/\/sindaopcpb.org.br\/index.php\/wp-json\/wp\/v2\/comments?post=33449"}],"version-history":[{"count":1,"href":"https:\/\/sindaopcpb.org.br\/index.php\/wp-json\/wp\/v2\/posts\/33449\/revisions"}],"predecessor-version":[{"id":33450,"href":"https:\/\/sindaopcpb.org.br\/index.php\/wp-json\/wp\/v2\/posts\/33449\/revisions\/33450"}],"wp:attachment":[{"href":"https:\/\/sindaopcpb.org.br\/index.php\/wp-json\/wp\/v2\/media?parent=33449"}],"wp:term":[{"taxonomy":"category","embeddable":true,"href":"https:\/\/sindaopcpb.org.br\/index.php\/wp-json\/wp\/v2\/categories?post=33449"},{"taxonomy":"post_tag","embeddable":true,"href":"https:\/\/sindaopcpb.org.br\/index.php\/wp-json\/wp\/v2\/tags?post=33449"}],"curies":[{"name":"wp","href":"https:\/\/api.w.org\/{rel}","templated":true}]}}