{"id":33392,"date":"2023-09-08T06:03:39","date_gmt":"2023-09-08T09:03:39","guid":{"rendered":"https:\/\/g1.globo.com\/pb\/paraiba\/noticia\/2023\/09\/08\/comunicurtas-2023-inscreve-em-mostras-competitivas-ate-esta-sexta-8.ghtml"},"modified":"2023-09-08T06:03:39","modified_gmt":"2023-09-08T09:03:39","slug":"comunicurtas-2023-inscreve-em-mostras-competitivas-ate-esta-sexta-8","status":"publish","type":"post","link":"https:\/\/sindaopcpb.org.br\/index.php\/2023\/09\/08\/comunicurtas-2023-inscreve-em-mostras-competitivas-ate-esta-sexta-8\/","title":{"rendered":"Comunicurtas 2023 inscreve em mostras competitivas at\u00e9 esta sexta (8)"},"content":{"rendered":"   <img src=\"https:\/\/s2.glbimg.com\/B4O6PRcS1x7Qs27mj7ldQsslQkU=\/i.s3.glbimg.com\/v1\/AUTH_59edd422c0c84a879bd37670ae4f538a\/internal_photos\/bs\/2022\/6\/L\/03mO0YTQyyu7x6Txa1lw\/comunicurtas-mapp.jpg\" \/><br \/>     Festival Comunicurtas \u00e9 um dos mais tradicionais da Para\u00edba e acontece em dezembro deste ano. Comunicurtas UEPB 2022 no MAPP\nDivulga\u00e7\u00e3o\/Comunicurtas UEPB\nChega ao fim nesta sexta-feira (8) o prazo para inscri\u00e7\u00f5es nas mostras da 18\u00aa edi\u00e7\u00e3o do Festival Comunicurtas, um dos mais tradicionais do audiovisual paraibano. O festival \u00e9 promovido pela Universidade Estadual da Para\u00edba (UEPB), em Campina Grande, Agreste da Para\u00edba, e deve acontecer de 14 a 17 de dezembro deste ano.\nConfira o Guia Qual \u00e9 a Boa\nDe acordo com o edital do Comunicurtas, cada pessoa pode inscrever mais de um trabalho em cada mostra. O objetivo \u00e9 abrir espa\u00e7o pra divulga\u00e7\u00e3o das produ\u00e7\u00f5es audiovisuais, proporcionando mais visibilidade e reconhecimento aos profissionais do setor.\nO Comunicurtas chega a sua 18\u00aa edi\u00e7\u00e3o este ano e tem como tema \u201cO cinema em Super 8: Experimenta\u00e7\u00f5es e Frui\u00e7\u00f5es\u201d, que faz refer\u00eancia a um formato de filme popular entre amadores e entusiastas do cinema, entre as d\u00e9cadas de 1960 e 1980.\nInscri\u00e7\u00f5es\nPodem ser inscritos filmes e v\u00eddeos de curtas e longas-metragens locais, regionais, nacionais e internacionais, das \u00e1reas de Cinema, Jornalismo e Publicidade. E al\u00e9m das mostras competitivas, o Comunicurtas promove debates, palestras, oficinas e mostras n\u00e3o competitivas.\nAs inscri\u00e7\u00f5es nas mostras competitivas do festival acontecem pela internet, atrav\u00e9s do preenchimento de um\u00a0formul\u00e1rio eletr\u00f4nico. A premia\u00e7\u00e3o das produ\u00e7\u00f5es vencedoras acontecer\u00e1 no dia 17 de dezembro.\nV\u00eddeos mais assistidos do g1 Para\u00edba  ","protected":false},"excerpt":{"rendered":"<p>        Festival Comunicurtas \u00e9 um dos mais tradicionais da Para\u00edba e acontece em dezembro deste ano. Comunicurtas UEPB 2022 no MAPP<br \/>\nDivulga\u00e7\u00e3o\/Comunicurtas UEPB<br \/>\nChega ao fim nesta sexta-feira (8) o prazo para inscri\u00e7\u00f5es nas mostras da 18\u00aa edi\u00e7\u00e3o do Fe&#8230;<\/p>\n","protected":false},"author":2,"featured_media":0,"comment_status":"closed","ping_status":"closed","sticky":false,"template":"","format":"standard","meta":{"advgb_blocks_editor_width":"","advgb_blocks_columns_visual_guide":"","footnotes":""},"categories":[34],"tags":[35],"class_list":["post-33392","post","type-post","status-publish","format-standard","hentry","category-g1","tag-g1"],"author_meta":{"display_name":"g1 &gt; Para\u00edba","author_link":"https:\/\/sindaopcpb.org.br\/author\/g1-paraiba\/"},"featured_img":null,"coauthors":[],"tax_additional":{"categories":{"linked":["<a href=\"https:\/\/sindaopcpb.org.br\/g1\/\" class=\"advgb-post-tax-term\">G1<\/a>"],"unlinked":["<span class=\"advgb-post-tax-term\">G1<\/span>"]},"tags":{"linked":["<a href=\"https:\/\/sindaopcpb.org.br\/g1\/\" class=\"advgb-post-tax-term\">g1<\/a>"],"unlinked":["<span class=\"advgb-post-tax-term\">g1<\/span>"]}},"comment_count":"0","relative_dates":{"created":"Publicado 3 anos atr\u00e1s","modified":"Atualizado 3 anos atr\u00e1s"},"absolute_dates":{"created":"Publicado em 8 de setembro de 2023","modified":"Atualizado em 8 de setembro de 2023"},"absolute_dates_time":{"created":"Publicado em 8 de setembro de 2023 06:03","modified":"Atualizado em 8 de setembro de 2023 06:03"},"featured_img_caption":"","series_order":"","_links":{"self":[{"href":"https:\/\/sindaopcpb.org.br\/index.php\/wp-json\/wp\/v2\/posts\/33392","targetHints":{"allow":["GET"]}}],"collection":[{"href":"https:\/\/sindaopcpb.org.br\/index.php\/wp-json\/wp\/v2\/posts"}],"about":[{"href":"https:\/\/sindaopcpb.org.br\/index.php\/wp-json\/wp\/v2\/types\/post"}],"author":[{"embeddable":true,"href":"https:\/\/sindaopcpb.org.br\/index.php\/wp-json\/wp\/v2\/users\/2"}],"replies":[{"embeddable":true,"href":"https:\/\/sindaopcpb.org.br\/index.php\/wp-json\/wp\/v2\/comments?post=33392"}],"version-history":[{"count":1,"href":"https:\/\/sindaopcpb.org.br\/index.php\/wp-json\/wp\/v2\/posts\/33392\/revisions"}],"predecessor-version":[{"id":33393,"href":"https:\/\/sindaopcpb.org.br\/index.php\/wp-json\/wp\/v2\/posts\/33392\/revisions\/33393"}],"wp:attachment":[{"href":"https:\/\/sindaopcpb.org.br\/index.php\/wp-json\/wp\/v2\/media?parent=33392"}],"wp:term":[{"taxonomy":"category","embeddable":true,"href":"https:\/\/sindaopcpb.org.br\/index.php\/wp-json\/wp\/v2\/categories?post=33392"},{"taxonomy":"post_tag","embeddable":true,"href":"https:\/\/sindaopcpb.org.br\/index.php\/wp-json\/wp\/v2\/tags?post=33392"}],"curies":[{"name":"wp","href":"https:\/\/api.w.org\/{rel}","templated":true}]}}