{"id":33388,"date":"2023-09-08T06:12:58","date_gmt":"2023-09-08T09:12:58","guid":{"rendered":"https:\/\/g1.globo.com\/pb\/paraiba\/musica\/noticia\/2023\/09\/08\/qual-e-a-boa-confira-a-agenda-cultural-para-esse-fim-de-semana-8-9-e-10-de-setembro-na-paraiba.ghtml"},"modified":"2023-09-08T06:12:58","modified_gmt":"2023-09-08T09:12:58","slug":"qual-e-a-boa-confira-a-agenda-cultural-para-esse-fim-de-semana-8-9-e-10-de-setembro-na-paraiba","status":"publish","type":"post","link":"https:\/\/sindaopcpb.org.br\/index.php\/2023\/09\/08\/qual-e-a-boa-confira-a-agenda-cultural-para-esse-fim-de-semana-8-9-e-10-de-setembro-na-paraiba\/","title":{"rendered":"Qual \u00e9 a Boa? Confira a agenda cultural para esse fim de semana, 8, 9 e 10 de setembro, na Para\u00edba"},"content":{"rendered":"   <img src=\"https:\/\/s2.glbimg.com\/aQvXNZFmzdsI50FuViptYLBs4Mo=\/i.s3.glbimg.com\/v1\/AUTH_59edd422c0c84a879bd37670ae4f538a\/internal_photos\/bs\/2023\/S\/B\/OpAjxzQqOJf8tei3hkgQ\/img-4424.jpg\" \/><br \/>     Entre as atra\u00e7\u00f5es est\u00e3o o show de Padre F\u00e1bio de Melo em Ouro Velho e Nando Cordel no Caminhos do Frio. Padre F\u00e1bio de Melo estar\u00e1 em Ouro Velho\nBruna Couto\/g1\nA agenda cultural do 'Qual \u00e9 a Boa?' traz festas, shows e outros eventos que acontecem na Para\u00edba neste fim de semana, sexta-feira (8), s\u00e1bado (9) e domingo (10). Entre as principais atra\u00e7\u00f5es est\u00e3o o show de Padre F\u00e1bio de Melo em Ouro Velho e Nando Cordel no Caminhos do Frio.\nVeja o que fazer no Guia Qual \u00e9 a Boa\nSamba da Juliana Almeida\nLocal: Recanto da Cevada - Jo\u00e3o Pessoa\nHor\u00e1rio: 20h30 (sexta-feira)\nForr\u00f3 dos Fulano part. Mahatma Costa + Lukete\nLocal: Vila do Porto - Jo\u00e3o Pessoa\nHor\u00e1rio: 20h (sexta-feira)\nPedro Francisco e Ivo Limeira Duo\nLocal: Cherim Bom - Jo\u00e3o Pessoa\nHor\u00e1rio: 19h30 (sexta-feira)\nFreeto 22\nLocal: General Store - Jo\u00e3o Pessoa\nHor\u00e1rio: 19h (sexta-feira)\nForr\u00f3 da Livre + Matheus Lira\nLocal: Priscilla's Hall - Jo\u00e3o Pessoa\nHor\u00e1rio: 23h (sexta-feira)\nMeire Lima e Rinaldo Vitorinni \nLocal: Usina Cultural Energisa - Jo\u00e3o Pessoa\nHor\u00e1rio: 21h (sexta-feira)\nPlano B Blues Band\nLocal: Pub DeLaCruz - Campina Grande\nHor\u00e1rio: 21h30 (sexta-feira)\nGrupo T\u00e1 Na Pista\nLocal: Bohemios - Campina Grande\nHor\u00e1rio: 19h (sexta-feira)\nTrio Forr\u00f3 Borborema\nLocal: Espa\u00e7o Ominira - Campina Grande\nHor\u00e1rio: 20h (sexta-feira)\nJos\u00e9 Orlando e Forr\u00f3 p\u00e9-de-serra no Caminhos do Frio \nLocal: Alagoa Nova\nHor\u00e1rio: noite (sexta-feira)\nNando Cordel \u00e9 uma das atra\u00e7\u00f5es do Caminhos do Frio em Alagoa Nova, no Brejo paraibano\nEmanuel Tadeu\/Medow Promo\nNando Cordel e Placillio Diniz no Caminhos do Frio\nLocal: Alagoa Nova\nHor\u00e1rio: noite (s\u00e1bado)\nNathalia Bellar + Elon\nLocal: Vila do Porto - Jo\u00e3o Pessoa\nHor\u00e1rio: 20h (s\u00e1bado)\nPedro Faissal + Meiofree\nLocal: Pra\u00e7a Abdon Milanez, Castelo Branco - Jo\u00e3o Pessoa\nHor\u00e1rio: 21h (s\u00e1bado)\nForr\u00f3 do Pedro Paz\nLocal: Tribus Bar - Jo\u00e3o Pessoa\nHor\u00e1rio: 22h (s\u00e1bado)\nWav Music Store\nLocal: General Store - Jo\u00e3o Pessoa\nHor\u00e1rio: 15h (s\u00e1bado)\nVal Donato\nLocal: Recanto da Cevada - Jo\u00e3o Pessoa\nHor\u00e1rio: 20h30 (s\u00e1bado)\nTony Leon e Banda\nLocal: Caf\u00e9 da Usina - Jo\u00e3o Pessoa\nHor\u00e1rio: 21h (s\u00e1bado)\nStella Alves + Ramon Schnayder\nLocal: Priscilla's Hall - Jo\u00e3o Pessoa\nHor\u00e1rio: 23h (s\u00e1bado)\nBanda Project 46\nLocal: After Pub - Jo\u00e3o Pessoa\nHor\u00e1rio: n\u00e3o informado (s\u00e1bado)\nTurma do Chorinho + Roda de Samba\nLocal: Espa\u00e7o Ominira - Campina Grande\nHor\u00e1rio: 12h (s\u00e1bado)\nBanda Kamala\nLocal: After Pub - Jo\u00e3o Pessoa\nHor\u00e1rio: 19h (domingo)\nReduto do Samba\nLocal: Priscilla's Hall - Jo\u00e3o Pessoa\nHor\u00e1rio: 19h (domingo)\nLim\u00e3o com Mel e GG Bismarck\nLocal: Alagoa Nova\nHor\u00e1rio: noite (domingo)\nPadre F\u00e1bio de Melo\nLocal: Est\u00e1dio Municipal de Ouro Velho - Ouro Velho \nHor\u00e1rio: 19h (domingo)\nV\u00eddeos mais assistidos do g1 Para\u00edba  ","protected":false},"excerpt":{"rendered":"<p>        Entre as atra\u00e7\u00f5es est\u00e3o o show de Padre F\u00e1bio de Melo em Ouro Velho e Nando Cordel no Caminhos do Frio. Padre F\u00e1bio de Melo estar\u00e1 em Ouro Velho<br \/>\nBruna Couto\/g1<br \/>\nA agenda cultural do &#8216;Qual \u00e9 a Boa?&#8217; traz festas, shows e outros eventos que acontec&#8230;<\/p>\n","protected":false},"author":2,"featured_media":0,"comment_status":"closed","ping_status":"closed","sticky":false,"template":"","format":"standard","meta":{"advgb_blocks_editor_width":"","advgb_blocks_columns_visual_guide":"","footnotes":""},"categories":[34],"tags":[35],"class_list":["post-33388","post","type-post","status-publish","format-standard","hentry","category-g1","tag-g1"],"author_meta":{"display_name":"g1 &gt; Para\u00edba","author_link":"https:\/\/sindaopcpb.org.br\/author\/g1-paraiba\/"},"featured_img":null,"coauthors":[],"tax_additional":{"categories":{"linked":["<a href=\"https:\/\/sindaopcpb.org.br\/g1\/\" class=\"advgb-post-tax-term\">G1<\/a>"],"unlinked":["<span class=\"advgb-post-tax-term\">G1<\/span>"]},"tags":{"linked":["<a href=\"https:\/\/sindaopcpb.org.br\/g1\/\" class=\"advgb-post-tax-term\">g1<\/a>"],"unlinked":["<span class=\"advgb-post-tax-term\">g1<\/span>"]}},"comment_count":"0","relative_dates":{"created":"Publicado 3 anos atr\u00e1s","modified":"Atualizado 3 anos atr\u00e1s"},"absolute_dates":{"created":"Publicado em 8 de setembro de 2023","modified":"Atualizado em 8 de setembro de 2023"},"absolute_dates_time":{"created":"Publicado em 8 de setembro de 2023 06:12","modified":"Atualizado em 8 de setembro de 2023 06:12"},"featured_img_caption":"","series_order":"","_links":{"self":[{"href":"https:\/\/sindaopcpb.org.br\/index.php\/wp-json\/wp\/v2\/posts\/33388","targetHints":{"allow":["GET"]}}],"collection":[{"href":"https:\/\/sindaopcpb.org.br\/index.php\/wp-json\/wp\/v2\/posts"}],"about":[{"href":"https:\/\/sindaopcpb.org.br\/index.php\/wp-json\/wp\/v2\/types\/post"}],"author":[{"embeddable":true,"href":"https:\/\/sindaopcpb.org.br\/index.php\/wp-json\/wp\/v2\/users\/2"}],"replies":[{"embeddable":true,"href":"https:\/\/sindaopcpb.org.br\/index.php\/wp-json\/wp\/v2\/comments?post=33388"}],"version-history":[{"count":1,"href":"https:\/\/sindaopcpb.org.br\/index.php\/wp-json\/wp\/v2\/posts\/33388\/revisions"}],"predecessor-version":[{"id":33389,"href":"https:\/\/sindaopcpb.org.br\/index.php\/wp-json\/wp\/v2\/posts\/33388\/revisions\/33389"}],"wp:attachment":[{"href":"https:\/\/sindaopcpb.org.br\/index.php\/wp-json\/wp\/v2\/media?parent=33388"}],"wp:term":[{"taxonomy":"category","embeddable":true,"href":"https:\/\/sindaopcpb.org.br\/index.php\/wp-json\/wp\/v2\/categories?post=33388"},{"taxonomy":"post_tag","embeddable":true,"href":"https:\/\/sindaopcpb.org.br\/index.php\/wp-json\/wp\/v2\/tags?post=33388"}],"curies":[{"name":"wp","href":"https:\/\/api.w.org\/{rel}","templated":true}]}}