{"id":33383,"date":"2023-09-07T19:51:42","date_gmt":"2023-09-07T22:51:42","guid":{"rendered":"https:\/\/www.infomoney.com.br\/?p=2237300"},"modified":"2023-09-07T19:51:42","modified_gmt":"2023-09-07T22:51:42","slug":"ex-diretor-da-odebrecht-confirma-pagamentos-a-ex-presidentes-do-peru-nas-ultimas-duas-decadas","status":"publish","type":"post","link":"https:\/\/sindaopcpb.org.br\/index.php\/2023\/09\/07\/ex-diretor-da-odebrecht-confirma-pagamentos-a-ex-presidentes-do-peru-nas-ultimas-duas-decadas\/","title":{"rendered":"Ex-diretor da Odebrecht confirma pagamentos a ex-presidentes do Peru nas \u00faltimas duas d\u00e9cadas"},"content":{"rendered":"<p><img loading=\"lazy\" width=\"300\" height=\"200\" src=\"https:\/\/www.infomoney.com.br\/wp-content\/uploads\/2019\/06\/odebrecht-1.jpg?fit=300%2C200&amp;quality=70&amp;strip=all\" class=\"attachment-medium size-medium wp-post-image\" alt=\"\" decoding=\"async\" style=\"float:right; margin:0 0 10px 10px;\" srcset=\"https:\/\/www.infomoney.com.br\/wp-content\/uploads\/2019\/06\/odebrecht-1.jpg?w=900&amp;quality=70&amp;strip=all 900w, https:\/\/www.infomoney.com.br\/wp-content\/uploads\/2019\/06\/odebrecht-1.jpg?w=300&amp;quality=70&amp;strip=all 300w, https:\/\/www.infomoney.com.br\/wp-content\/uploads\/2019\/06\/odebrecht-1.jpg?w=768&amp;quality=70&amp;strip=all 768w, https:\/\/www.infomoney.com.br\/wp-content\/uploads\/2019\/06\/odebrecht-1.jpg?w=150&amp;quality=70&amp;strip=all 150w\" sizes=\"auto, (max-width: 300px) 100vw, 300px\" data-attachment-id=\"56570\" data-permalink=\"https:\/\/www.infomoney.com.br\/odebrecht-1\/\" data-orig-file=\"https:\/\/www.infomoney.com.br\/wp-content\/uploads\/2019\/06\/odebrecht-1.jpg?fit=900%2C600&amp;quality=70&amp;strip=all\" data-orig-size=\"900,600\" data-comments-opened=\"1\" data-image-meta=\"{&quot;aperture&quot;:&quot;0&quot;,&quot;credit&quot;:&quot;&quot;,&quot;camera&quot;:&quot;&quot;,&quot;caption&quot;:&quot;&quot;,&quot;created_timestamp&quot;:&quot;0&quot;,&quot;copyright&quot;:&quot;&quot;,&quot;focal_length&quot;:&quot;0&quot;,&quot;iso&quot;:&quot;0&quot;,&quot;shutter_speed&quot;:&quot;0&quot;,&quot;title&quot;:&quot;&quot;,&quot;orientation&quot;:&quot;0&quot;}\" data-image-title=\"odebrecht-1\" data-image-description=\"\" data-image-caption=\"\" data-medium-file=\"https:\/\/www.infomoney.com.br\/wp-content\/uploads\/2019\/06\/odebrecht-1.jpg?fit=300%2C200&amp;quality=70&amp;strip=all\" data-large-file=\"https:\/\/www.infomoney.com.br\/wp-content\/uploads\/2019\/06\/odebrecht-1.jpg?fit=900%2C600&amp;quality=70&amp;strip=all\" title=\"\"><\/p>\n<p>LIMA (Reuters) &ndash; Um ex-diretor da construtora brasileira Odebrecht afirmou nesta quinta-feira, durante julgamento por lavagem de dinheiro no Peru, que a empresa contribuiu financeiramente com as campanhas de quase todos aqueles que foram eleitos presidentes do pa&iacute;s nas &uacute;ltimas duas d&eacute;cadas.<\/p>\n<p>No Brasil e participando da audi&ecirc;ncia no tribunal peruano de maneira remota, Jorge Barata reconheceu a entrega de d&oacute;lares em esp&eacute;cie e as transfer&ecirc;ncias a empresas tendo como destinat&aacute;rios diversos candidatos presidenciais e candidatos ao Congresso do Peru.<\/p>\n<p>O executivo mencionou as campanhas dos ex-presidentes Alan Garc&iacute;a (2006-2011), Ollanta Humala (2011-2016) e Pedro Pablo Kuczynski (2016-2018), al&eacute;m da candidata presidencial Keiko Fujimori e da ex-prefeita de Lima Susana Villar&aacute;n.<\/p>\n<p>&ldquo;Lembro-me da quantia para o senhor Humala, que era de tr&ecirc;s milh&otilde;es, para a senhora Fujimori, que era de cerca de um milh&atilde;o; para a senhora Villar&aacute;n, tr&ecirc;s milh&otilde;es. Mas n&atilde;o me lembro exatamente dos outros&rdquo;, afirmou Barata quando questionado pelo promotor do caso.<\/p>\n<p>O ex-diretor disse que os aportes se traduziram em &ldquo;vantagens&rdquo; para a Odebrecht na licita&ccedil;&atilde;o de obras p&uacute;blicas.<\/p>\n<p>Barata compareceu como testemunha no caso de supostos subornos na constru&ccedil;&atilde;o do metr&ocirc; de Lima, como parte de um processo de lavagem de dinheiro que envolve funcion&aacute;rios de governo &#8203;&#8203;e pol&iacute;ticos do pa&iacute;s.<\/p>\n<p>O ex-executivo da Odebrecht, que revelou a entrega de subornos durante a fase de investiga&ccedil;&atilde;o do caso, falou pela primeira vez no julgamento no &acirc;mbito de um acordo de colabora&ccedil;&atilde;o com a justi&ccedil;a peruana assinado em 2018.<\/p>\n<p>A constru&ccedil;&atilde;o do Metr&ocirc; de Lima pela Odebrecht foi realizada durante o segundo governo de Garc&iacute;a, que se suicidou em 2019, quando a pol&iacute;cia chegou &agrave; sua casa para prend&ecirc;-lo em meio &agrave;s investiga&ccedil;&otilde;es do caso.<\/p>\n<p>A trama da Odebrecht tamb&eacute;m envolveu o ex-presidente Alejandro Toledo (2001-2006), que est&aacute; em pris&atilde;o preventiva desde abril, cumprindo pena de 18 meses enquanto &eacute; investigado por supostamente ter recebido 35 milh&otilde;es de d&oacute;lares da Odebrecht, em troca de apontar a empresa brasileira como vencedora de licita&ccedil;&atilde;o para a constru&ccedil;&atilde;o de uma importante rodovia.<\/p>\n<p>Na mesma pris&atilde;o de Toledo est&atilde;o o ex-presidente Alberto Fujimori (1990-2000), condenado por abusos dos direitos humanos e corrup&ccedil;&atilde;o, e o ex-presidente Pedro Castillo, que tentou fechar ilegalmente o Congresso em dezembro.<\/p>\n<p>A Odebrecht, foco do maior esc&acirc;ndalo de corrup&ccedil;&atilde;o no Brasil e que afetou v&aacute;rios governos latino-americanos, reconheceu num acordo judicial nos EUA, em 2017, que pagou milh&otilde;es de d&oacute;lares para ganhar concess&otilde;es em v&aacute;rios pa&iacute;ses da regi&atilde;o.<\/p>\n<p>(Reportagem Marco Aquino)<\/p>\n<\/p>\n<div class=\"cta-end\">\n<div class=\"im-cta\" >\n<div class=\"im-shortcode-forms bg-light bg-opacity-25 border rounded-4 p-3 p-sm-4 p-md-3 p-lg-4 px-xxl-5 my-5\" data-configuration='{\"form_name\":false,\"form_hat\":\"Newsletter\",\"form_email\":true,\"form_icon\":\"newsletter\",\"form_phone\":false,\"form_campaign\":\"NIM\",\"form_thankyou\":\"\",\"form_journey\":\"APIEvent-26a5198d-8e09-06ef-5f80-cd9127757ad1\",\"form_button\":\"Quero receber\",\"form_context\":\"newsletter\",\"form_origin\":\"https:\\\/\\\/www.infomoney.com.br\\\/politica\\\/feed\\\/?utm_medium=materia&#038;utm_source=infomoney&#038;utm_campaign=NIM&#038;utm_term=politica&#038;utm_content=newsletter\",\"form_position\":\"final\",\"form_category\":\"cta_form\"}'>\n<div class=\"d-flex flex-column align-items-center align-items-lg-start mb-4 flex-lg-row\">\n<div class=\"rounded-circle mb-2 mb-lg-0 mr-lg-4 me-lg-4 p-3 p-lg-4 bg-blue-400\"><svg width=\"40\" height=\"40\" viewBox=\"0 0 40 40\" fill=\"none\" xmlns=\"http:\/\/www.w3.org\/2000\/svg\"><path d=\"M20 20.25 6.042 11.042v19.041c0 .167.048.299.146.396a.535.535 0 0 0 .395.146h15.792V32.5H6.583a2.328 2.328 0 0 1-1.708-.708 2.328 2.328 0 0 1-.708-1.709V9.917c0-.667.236-1.236.708-1.709A2.328 2.328 0 0 1 6.583 7.5h26.834c.666 0 1.236.236 1.708.708a2.33 2.33 0 0 1 .708 1.709v12.458h-1.875V11.042L20 20.25Zm0-2 13.667-8.875H6.333L20 18.25Zm11.75 18.958-1.292-1.333 3.334-3.375h-9v-1.875h9l-3.375-3.417 1.333-1.291 5.667 5.625-5.667 5.666ZM6.042 11.042v20.791-9.458.25-13.25 1.667Z\" fill=\"#fff\"\/><\/svg><\/div>\n<div class=\"flex-fill text-center text-lg-left\">\n<div class=\"h6 small text-orange-700 lh-base mb-1\">Newsletter<\/div>\n<div class=\"text-body h4 m-0\">Infomorning<\/div>\n<div class=\"text-body small lh-base mt-2\">Receba no seu e-mail logo pela manh&atilde; as not&iacute;cias que v&atilde;o mexer com os mercados, com os seus investimentos e o seu bolso durante o dia<\/div>\n<\/div>\n<\/div>\n<\/div>\n<\/div>\n<\/div>\n<p>The post <a rel=\"nofollow noopener\" href=\"https:\/\/www.infomoney.com.br\/politica\/ex-diretor-da-odebrecht-confirma-pagamentos-a-ex-presidentes-do-peru-nas-ultimas-duas-decadas\/\" target=\"_blank\">Ex-diretor da Odebrecht confirma pagamentos a ex-presidentes do Peru nas \u00faltimas duas d\u00e9cadas<\/a> appeared first on <a rel=\"nofollow noopener\" href=\"https:\/\/www.infomoney.com.br\/\" target=\"_blank\">InfoMoney<\/a>.<\/p>\n","protected":false},"excerpt":{"rendered":"<p><img loading=\"lazy\" decoding=\"async\" width=\"300\" height=\"200\" src=\"https:\/\/www.infomoney.com.br\/wp-content\/uploads\/2019\/06\/odebrecht-1.jpg?fit=300%2C200&amp;quality=70&amp;strip=all\" class=\"attachment-medium size-medium wp-post-image\" alt=\"\" data-attachment-id=\"56570\" data-permalink=\"https:\/\/www.infomoney.com.br\/odebrecht-1\/\" data-orig-file=\"https:\/\/www.infomoney.com.br\/wp-content\/uploads\/2019\/06\/odebrecht-1.jpg?fit=900%2C600&amp;quality=70&amp;strip=all\" data-orig-size=\"900,600\" data-comments-opened=\"1\" data-image-meta='{\"aperture\":\"0\",\"credit\":\"\",\"camera\":\"\",\"caption\":\"\",\"created_timestamp\":\"0\",\"copyright\":\"\",\"focal_length\":\"0\",\"iso\":\"0\",\"shutter_speed\":\"0\",\"title\":\"\",\"orientation\":\"0\"}' data-image-title=\"odebrecht-1\" data-image-description=\"\" data-image-caption=\"\" data-medium-file=\"https:\/\/www.infomoney.com.br\/wp-content\/uploads\/2019\/06\/odebrecht-1.jpg?fit=300%2C200&amp;quality=70&amp;strip=all\" data-large-file=\"https:\/\/www.infomoney.com.br\/wp-content\/uploads\/2019\/06\/odebrecht-1.jpg?fit=900%2C600&amp;quality=70&amp;strip=all\">Jorge Barata disse que os aportes se traduziram em \u201cvantagens\u201d para a Odebrecht na licita\u00e7\u00e3o de obras p\u00fablicas<\/p>\n<p>The post <a rel=\"nofollow\" href=\"https:\/\/www.infomoney.com.br\/politica\/ex-diretor-da-odebrecht-confirma-pagamentos-a-ex-presidentes-do-peru-nas-ultimas-duas-decadas\/\">Ex-diretor da Odebrecht confirma pagamentos a ex-presidentes do Peru nas \u00faltimas duas d\u00e9cadas<\/a> appeared first on <a rel=\"nofollow\" href=\"https:\/\/www.infomoney.com.br\/\">InfoMoney<\/a>.<\/p>\n","protected":false},"author":46,"featured_media":0,"comment_status":"closed","ping_status":"closed","sticky":false,"template":"","format":"standard","meta":{"advgb_blocks_editor_width":"","advgb_blocks_columns_visual_guide":"","footnotes":""},"categories":[34,47],"tags":[35],"class_list":["post-33383","post","type-post","status-publish","format-standard","hentry","category-g1","category-politica","tag-g1"],"author_meta":{"display_name":"Reuters","author_link":"https:\/\/sindaopcpb.org.br\/author\/reuters\/"},"featured_img":null,"coauthors":[],"tax_additional":{"categories":{"linked":["<a href=\"https:\/\/sindaopcpb.org.br\/g1\/\" class=\"advgb-post-tax-term\">G1<\/a>","<a href=\"https:\/\/sindaopcpb.org.br\/politica\/\" class=\"advgb-post-tax-term\">POLITICA<\/a>"],"unlinked":["<span class=\"advgb-post-tax-term\">G1<\/span>","<span class=\"advgb-post-tax-term\">POLITICA<\/span>"]},"tags":{"linked":["<a href=\"https:\/\/sindaopcpb.org.br\/politica\/\" class=\"advgb-post-tax-term\">g1<\/a>"],"unlinked":["<span class=\"advgb-post-tax-term\">g1<\/span>"]}},"comment_count":"0","relative_dates":{"created":"Publicado 3 anos atr\u00e1s","modified":"Atualizado 3 anos atr\u00e1s"},"absolute_dates":{"created":"Publicado em 7 de setembro de 2023","modified":"Atualizado em 7 de setembro de 2023"},"absolute_dates_time":{"created":"Publicado em 7 de setembro de 2023 19:51","modified":"Atualizado em 7 de setembro de 2023 19:51"},"featured_img_caption":"","series_order":"","_links":{"self":[{"href":"https:\/\/sindaopcpb.org.br\/index.php\/wp-json\/wp\/v2\/posts\/33383","targetHints":{"allow":["GET"]}}],"collection":[{"href":"https:\/\/sindaopcpb.org.br\/index.php\/wp-json\/wp\/v2\/posts"}],"about":[{"href":"https:\/\/sindaopcpb.org.br\/index.php\/wp-json\/wp\/v2\/types\/post"}],"author":[{"embeddable":true,"href":"https:\/\/sindaopcpb.org.br\/index.php\/wp-json\/wp\/v2\/users\/46"}],"replies":[{"embeddable":true,"href":"https:\/\/sindaopcpb.org.br\/index.php\/wp-json\/wp\/v2\/comments?post=33383"}],"version-history":[{"count":2,"href":"https:\/\/sindaopcpb.org.br\/index.php\/wp-json\/wp\/v2\/posts\/33383\/revisions"}],"predecessor-version":[{"id":33398,"href":"https:\/\/sindaopcpb.org.br\/index.php\/wp-json\/wp\/v2\/posts\/33383\/revisions\/33398"}],"wp:attachment":[{"href":"https:\/\/sindaopcpb.org.br\/index.php\/wp-json\/wp\/v2\/media?parent=33383"}],"wp:term":[{"taxonomy":"category","embeddable":true,"href":"https:\/\/sindaopcpb.org.br\/index.php\/wp-json\/wp\/v2\/categories?post=33383"},{"taxonomy":"post_tag","embeddable":true,"href":"https:\/\/sindaopcpb.org.br\/index.php\/wp-json\/wp\/v2\/tags?post=33383"}],"curies":[{"name":"wp","href":"https:\/\/api.w.org\/{rel}","templated":true}]}}