{"id":33375,"date":"2023-09-07T18:10:39","date_gmt":"2023-09-07T21:10:39","guid":{"rendered":"https:\/\/wpa.wscom.com.br\/?p=921899"},"modified":"2023-09-08T18:10:39","modified_gmt":"2023-09-08T21:10:39","slug":"paraiba-abre-inscricoes-para-editais-de-incentivo-cultural-no-valor-de-r-50-milhoes-a-partir-deste-sabado","status":"publish","type":"post","link":"https:\/\/sindaopcpb.org.br\/index.php\/2023\/09\/07\/paraiba-abre-inscricoes-para-editais-de-incentivo-cultural-no-valor-de-r-50-milhoes-a-partir-deste-sabado\/","title":{"rendered":"Para\u00edba abre inscri\u00e7\u00f5es para editais de incentivo cultural no valor de R$ 50 milh\u00f5es a partir deste s\u00e1bado"},"content":{"rendered":"<p style=\"text-align: left;\" align=\"center\">A partir deste s\u00e1bado (9), a cada dia, at\u00e9 16 de setembro (\u00e0 exce\u00e7\u00e3o do domingo, 10), ser\u00e1 aberto ao menos um edital de chamamento p\u00fablico destinado ao setor cultural da Para\u00edba. Essas a\u00e7\u00f5es, que implicam em investimento de mais de R$ 50 milh\u00f5es, foram anunciadas na \u00faltima ter\u00e7a-feira (5) pelo governador Jo\u00e3o Azev\u00eado, em solenidade no Cine Bangu\u00ea (Espa\u00e7o Cultural), em Jo\u00e3o Pessoa.<\/p>\n<p>A Secretaria de Estado da Cultura (Secult-PB) disponibilizar\u00e1 em sua p\u00e1gina eletr\u00f4nica, no Portal do Governo do Estado, todos os 13 editais, formul\u00e1rios de inscri\u00e7\u00e3o e demais anexos desses programas e a\u00e7\u00f5es que comp\u00f5em a Lei Paulo Gustavo Para\u00edba (Lei 195\/22), o II Edital de Mostras e Festivais de Cinema, o Edital do ICMS Cultural e autorizou a 2\u00aa Chamada do Edital Arte na Bagagem . Os links de acesso ser\u00e3o divulgados nas redes sociais da Secult.<\/p>\n<p><b>Cronograma<\/b>\u00a0\u2013 O calend\u00e1rio de abertura de inscri\u00e7\u00f5es dos editais estabelece a seguinte ordem:<\/p>\n<p>09\/09 \u2013 Editais Regionais da Lei Paulo Gustavo Para\u00edba (LPG)<\/p>\n<p>12\/09 \u2013 Convocat\u00f3ria da Elei\u00e7\u00e3o do Conselho de Pol\u00edtica Cultural<\/p>\n<p>13\/09 \u2013 2\u00ba Edital de Mostras e Festivais de Cinema<\/p>\n<p>14\/09 \u2013 Convocat\u00f3ria da 4\u00aa Confer\u00eancia Estadual de Cultura<\/p>\n<p>15\/09 \u2013 Edital Longas-metragens \/ LPG<\/p>\n<p>16\/09 \u2013 ICMS Cultural<\/p>\n<p>O post <a rel=\"nofollow noopener\" href=\"https:\/\/wscom.com.br\/paraiba-abre-inscricoes-para-editais-de-incentivo-cultural-no-valor-de-r-50-milhoes-a-partir-deste-sabado\/\" target=\"_blank\">Para\u00edba abre inscri\u00e7\u00f5es para editais de incentivo cultural no valor de R$ 50 milh\u00f5es a partir deste s\u00e1bado<\/a> apareceu primeiro em <a rel=\"nofollow noopener\" href=\"https:\/\/wscom.com.br\/\" target=\"_blank\">WSCOM<\/a>.<\/p>\n","protected":false},"excerpt":{"rendered":"<p>A partir deste s\u00e1bado (9), a cada dia, at\u00e9 16 de setembro (\u00e0 exce\u00e7\u00e3o do domingo, 10), ser\u00e1 aberto ao menos um edital de chamamento p\u00fablico destinado ao setor cultural da Para\u00edba. Essas a\u00e7\u00f5es, que implicam em investimento de mais de R$ 50 milh\u00f5es, foram anunciadas na \u00faltima ter\u00e7a-feira (5) pelo governador Jo\u00e3o Azev\u00eado, em [\u2026]<\/p>\n<p>O post <a rel=\"nofollow\" href=\"https:\/\/wscom.com.br\/paraiba-abre-inscricoes-para-editais-de-incentivo-cultural-no-valor-de-r-50-milhoes-a-partir-deste-sabado\/\">Para\u00edba abre inscri\u00e7\u00f5es para editais de incentivo cultural no valor de R$ 50 milh\u00f5es a partir deste s\u00e1bado<\/a> apareceu primeiro em <a rel=\"nofollow\" href=\"https:\/\/wscom.com.br\/\">WSCOM<\/a>.<\/p>\n","protected":false},"author":49,"featured_media":0,"comment_status":"closed","ping_status":"closed","sticky":false,"template":"","format":"standard","meta":{"advgb_blocks_editor_width":"","advgb_blocks_columns_visual_guide":"","footnotes":""},"categories":[8835,34,352,54,47,840],"tags":[35],"class_list":["post-33375","post","type-post","status-publish","format-standard","hentry","category-editais-de-incentivo-cultural","category-g1","category-lei-paulo-gustavo","category-paraiba","category-politica","category-secult-pb","tag-g1"],"author_meta":{"display_name":"Cristiane Cavalcante","author_link":"https:\/\/sindaopcpb.org.br\/author\/cristiane-cavalcante\/"},"featured_img":null,"coauthors":[],"tax_additional":{"categories":{"linked":["<a href=\"https:\/\/sindaopcpb.org.br\/editais-de-incentivo-cultural\/\" class=\"advgb-post-tax-term\">editais de incentivo cultural<\/a>","<a href=\"https:\/\/sindaopcpb.org.br\/g1\/\" class=\"advgb-post-tax-term\">G1<\/a>","<a href=\"https:\/\/sindaopcpb.org.br\/lei-paulo-gustavo\/\" class=\"advgb-post-tax-term\">Lei Paulo Gustavo<\/a>","<a href=\"https:\/\/sindaopcpb.org.br\/paraiba\/\" class=\"advgb-post-tax-term\">Para\u00edba<\/a>","<a href=\"https:\/\/sindaopcpb.org.br\/politica\/\" class=\"advgb-post-tax-term\">POLITICA<\/a>","<a href=\"https:\/\/sindaopcpb.org.br\/secult-pb\/\" class=\"advgb-post-tax-term\">Secult-PB<\/a>"],"unlinked":["<span class=\"advgb-post-tax-term\">editais de incentivo cultural<\/span>","<span class=\"advgb-post-tax-term\">G1<\/span>","<span class=\"advgb-post-tax-term\">Lei Paulo Gustavo<\/span>","<span class=\"advgb-post-tax-term\">Para\u00edba<\/span>","<span class=\"advgb-post-tax-term\">POLITICA<\/span>","<span class=\"advgb-post-tax-term\">Secult-PB<\/span>"]},"tags":{"linked":["<a href=\"https:\/\/sindaopcpb.org.br\/secult-pb\/\" class=\"advgb-post-tax-term\">g1<\/a>"],"unlinked":["<span class=\"advgb-post-tax-term\">g1<\/span>"]}},"comment_count":"0","relative_dates":{"created":"Publicado 3 anos atr\u00e1s","modified":"Atualizado 3 anos atr\u00e1s"},"absolute_dates":{"created":"Publicado em 7 de setembro de 2023","modified":"Atualizado em 8 de setembro de 2023"},"absolute_dates_time":{"created":"Publicado em 7 de setembro de 2023 18:10","modified":"Atualizado em 8 de setembro de 2023 18:10"},"featured_img_caption":"","series_order":"","_links":{"self":[{"href":"https:\/\/sindaopcpb.org.br\/index.php\/wp-json\/wp\/v2\/posts\/33375","targetHints":{"allow":["GET"]}}],"collection":[{"href":"https:\/\/sindaopcpb.org.br\/index.php\/wp-json\/wp\/v2\/posts"}],"about":[{"href":"https:\/\/sindaopcpb.org.br\/index.php\/wp-json\/wp\/v2\/types\/post"}],"author":[{"embeddable":true,"href":"https:\/\/sindaopcpb.org.br\/index.php\/wp-json\/wp\/v2\/users\/49"}],"replies":[{"embeddable":true,"href":"https:\/\/sindaopcpb.org.br\/index.php\/wp-json\/wp\/v2\/comments?post=33375"}],"version-history":[{"count":2,"href":"https:\/\/sindaopcpb.org.br\/index.php\/wp-json\/wp\/v2\/posts\/33375\/revisions"}],"predecessor-version":[{"id":33502,"href":"https:\/\/sindaopcpb.org.br\/index.php\/wp-json\/wp\/v2\/posts\/33375\/revisions\/33502"}],"wp:attachment":[{"href":"https:\/\/sindaopcpb.org.br\/index.php\/wp-json\/wp\/v2\/media?parent=33375"}],"wp:term":[{"taxonomy":"category","embeddable":true,"href":"https:\/\/sindaopcpb.org.br\/index.php\/wp-json\/wp\/v2\/categories?post=33375"},{"taxonomy":"post_tag","embeddable":true,"href":"https:\/\/sindaopcpb.org.br\/index.php\/wp-json\/wp\/v2\/tags?post=33375"}],"curies":[{"name":"wp","href":"https:\/\/api.w.org\/{rel}","templated":true}]}}