{"id":33370,"date":"2023-09-07T17:40:27","date_gmt":"2023-09-07T20:40:27","guid":{"rendered":"https:\/\/www.infomoney.com.br\/?p=2237283"},"modified":"2023-09-07T17:40:27","modified_gmt":"2023-09-07T20:40:27","slug":"lula-embarca-para-nova-deli-para-participar-da-cupula-do-g20","status":"publish","type":"post","link":"https:\/\/sindaopcpb.org.br\/index.php\/2023\/09\/07\/lula-embarca-para-nova-deli-para-participar-da-cupula-do-g20\/","title":{"rendered":"Lula embarca para Nova D\u00e9li para participar da C\u00fapula do G20"},"content":{"rendered":"<p><img loading=\"lazy\" width=\"300\" height=\"200\" src=\"https:\/\/www.infomoney.com.br\/wp-content\/uploads\/2023\/08\/53139081296_fe703de29f_c.jpg?fit=300%2C200&amp;quality=70&amp;strip=all\" class=\"attachment-medium size-medium wp-post-image\" alt=\"\" decoding=\"async\" style=\"float:right; margin:0 0 10px 10px;\" srcset=\"https:\/\/www.infomoney.com.br\/wp-content\/uploads\/2023\/08\/53139081296_fe703de29f_c.jpg?w=799&amp;quality=70&amp;strip=all 799w, https:\/\/www.infomoney.com.br\/wp-content\/uploads\/2023\/08\/53139081296_fe703de29f_c.jpg?w=300&amp;quality=70&amp;strip=all 300w, https:\/\/www.infomoney.com.br\/wp-content\/uploads\/2023\/08\/53139081296_fe703de29f_c.jpg?w=768&amp;quality=70&amp;strip=all 768w, https:\/\/www.infomoney.com.br\/wp-content\/uploads\/2023\/08\/53139081296_fe703de29f_c.jpg?w=150&amp;quality=70&amp;strip=all 150w\" sizes=\"auto, (max-width: 300px) 100vw, 300px\" data-attachment-id=\"2226989\" data-permalink=\"https:\/\/www.infomoney.com.br\/politica\/lula-retorna-de-viagem-com-promessa-de-reforma-ministerial-para-destravar-novo-pacote-de-haddad-no-congresso\/attachment\/53139081296_fe703de29f_c\/\" data-orig-file=\"https:\/\/www.infomoney.com.br\/wp-content\/uploads\/2023\/08\/53139081296_fe703de29f_c.jpg?fit=799%2C533&amp;quality=70&amp;strip=all\" data-orig-size=\"799,533\" data-comments-opened=\"0\" data-image-meta=\"{&quot;aperture&quot;:&quot;0&quot;,&quot;credit&quot;:&quot;&quot;,&quot;camera&quot;:&quot;&quot;,&quot;caption&quot;:&quot;&quot;,&quot;created_timestamp&quot;:&quot;0&quot;,&quot;copyright&quot;:&quot;&quot;,&quot;focal_length&quot;:&quot;0&quot;,&quot;iso&quot;:&quot;0&quot;,&quot;shutter_speed&quot;:&quot;0&quot;,&quot;title&quot;:&quot;&quot;,&quot;orientation&quot;:&quot;0&quot;}\" data-image-title=\"Luiz In\u00e1cio Lula da Silva\" data-image-description=\"\" data-image-caption=\"&lt;p&gt;O presidente Luiz In\u00e1cio Lula da Silva (PT) concede entrevista coletiva durante viagem oficial \u00e0 \u00c1frica do Sul (Foto: Ricardo Stuckert\/PR)&lt;\/p&gt;\n\" data-medium-file=\"https:\/\/www.infomoney.com.br\/wp-content\/uploads\/2023\/08\/53139081296_fe703de29f_c.jpg?fit=300%2C200&amp;quality=70&amp;strip=all\" data-large-file=\"https:\/\/www.infomoney.com.br\/wp-content\/uploads\/2023\/08\/53139081296_fe703de29f_c.jpg?fit=799%2C533&amp;quality=70&amp;strip=all\" title=\"\"><\/p>\n<p>O presidente Luiz In&aacute;cio Lula da Silva embarcou, nesta quinta-feira (7), para Nova D&eacute;li, capital da &Iacute;ndia, onde participa da 18&ordf; C&uacute;pula do G20, grupo que re&uacute;ne as 19 na&ccedil;&otilde;es de maior economia do mundo e a Uni&atilde;o Europeia, nos dia 9 e 10 deste m&ecirc;s.<\/p>\n<p>A previs&atilde;o &eacute; que a comitiva brasileira chegue &agrave; cidade indiana no final da noite de sexta-feira (8), pelo hor&aacute;rio oficial de Bras&iacute;lia, manh&atilde; de s&aacute;bado no pa&iacute;s asi&aacute;tico.<\/p>\n<p>A c&uacute;pula &eacute; o ponto alto das atividades do G20 e marcar&aacute; tamb&eacute;m a reta final da presid&ecirc;ncia rotativa do bloco, atualmente com a &Iacute;ndia, e que ser&aacute; assumida pelo governo brasileiro, pela primeira vez, a partir do dia 1&ordm; de dezembro.<\/p>\n<p>Antes de embarcar, o presidente Lula, ao lado de ministros e autoridades dos demais Poderes, participou do desfile de 7 de Setembro, realizado na Esplanada dos Minist&eacute;rios<\/p>\n<h2>Programa&ccedil;&atilde;o<\/h2>\n<p>A programa&ccedil;&atilde;o oficial da C&uacute;pula do G20 prev&ecirc; pelo menos tr&ecirc;s sess&otilde;es tem&aacute;ticas principais.<\/p>\n<p>O presidente Lula participar&aacute; de duas delas no s&aacute;bado (9), com os temas &ldquo;Um Planeta&rdquo; &ndash; que se ocupar&aacute; do debate sobre desenvolvimento sustent&aacute;vel, transi&ccedil;&atilde;o energ&eacute;tica, mudan&ccedil;as clim&aacute;ticas, preserva&ccedil;&atilde;o ambiental e emiss&otilde;es de carbono &ndash; e &ldquo;Uma Fam&iacute;lia&rdquo; &ndash; para tratar do crescimento inclusivo, progresso nos objetivos de desenvolvimento sustent&aacute;vel (ODS), educa&ccedil;&atilde;o, sa&uacute;de e desenvolvimento liderado por mulheres.<\/p>\n<p>No domingo (10), est&aacute; prevista a terceira sess&atilde;o da c&uacute;pula intitulada &ldquo;Um Futuro&rdquo;, painel que ter&aacute; como temas as transforma&ccedil;&otilde;es tecnol&oacute;gicas, a infraestrutura p&uacute;blica digital, reformas multilaterais e o futuro do trabalho e emprego.<\/p>\n<h2>Presid&ecirc;ncia<\/h2>\n<p>Na sequ&ecirc;ncia da terceira reuni&atilde;o, haver&aacute; a cerim&ocirc;nia de transfer&ecirc;ncia da presid&ecirc;ncia do G20. O primeiro-ministro indiano, Narendra Modi, far&aacute; um balan&ccedil;o sobre a presid&ecirc;ncia da &Iacute;ndia em 2023. J&aacute; o presidente Lula vai encerrar o evento, apresentando as prioridades e os desafios da futura presid&ecirc;ncia brasileira, que come&ccedil;a efetivamente a partir de 1&ordm; de dezembro de 2023.<\/p>\n<p>A presid&ecirc;ncia rotativa do Brasil no G20 vai at&eacute; o fim de 2024, quando uma nova c&uacute;pula ser&aacute; realizada no Brasil, na cidade do Rio de Janeiro. O encontro est&aacute; previsto para ocorrer nos dias 18 e 19 de novembro do ano que vem.<\/p>\n<\/p>\n<div class=\"cta-end\">\n<div class=\"im-cta\" >\n<div class=\"im-shortcode-forms bg-light bg-opacity-25 border rounded-4 p-3 p-sm-4 p-md-3 p-lg-4 px-xxl-5 my-5\" data-configuration='{\"form_name\":false,\"form_hat\":\"Newsletter\",\"form_email\":true,\"form_icon\":\"newsletter\",\"form_phone\":false,\"form_campaign\":\"NIM\",\"form_thankyou\":\"\",\"form_journey\":\"APIEvent-26a5198d-8e09-06ef-5f80-cd9127757ad1\",\"form_button\":\"Quero receber\",\"form_context\":\"newsletter\",\"form_origin\":\"https:\\\/\\\/www.infomoney.com.br\\\/politica\\\/feed\\\/?utm_medium=materia&#038;utm_source=infomoney&#038;utm_campaign=NIM&#038;utm_term=politica&#038;utm_content=newsletter\",\"form_position\":\"final\",\"form_category\":\"cta_form\"}'>\n<div class=\"d-flex flex-column align-items-center align-items-lg-start mb-4 flex-lg-row\">\n<div class=\"rounded-circle mb-2 mb-lg-0 mr-lg-4 me-lg-4 p-3 p-lg-4 bg-blue-400\"><svg width=\"40\" height=\"40\" viewBox=\"0 0 40 40\" fill=\"none\" xmlns=\"http:\/\/www.w3.org\/2000\/svg\"><path d=\"M20 20.25 6.042 11.042v19.041c0 .167.048.299.146.396a.535.535 0 0 0 .395.146h15.792V32.5H6.583a2.328 2.328 0 0 1-1.708-.708 2.328 2.328 0 0 1-.708-1.709V9.917c0-.667.236-1.236.708-1.709A2.328 2.328 0 0 1 6.583 7.5h26.834c.666 0 1.236.236 1.708.708a2.33 2.33 0 0 1 .708 1.709v12.458h-1.875V11.042L20 20.25Zm0-2 13.667-8.875H6.333L20 18.25Zm11.75 18.958-1.292-1.333 3.334-3.375h-9v-1.875h9l-3.375-3.417 1.333-1.291 5.667 5.625-5.667 5.666ZM6.042 11.042v20.791-9.458.25-13.25 1.667Z\" fill=\"#fff\"\/><\/svg><\/div>\n<div class=\"flex-fill text-center text-lg-left\">\n<div class=\"h6 small text-orange-700 lh-base mb-1\">Newsletter<\/div>\n<div class=\"text-body h4 m-0\">Infomorning<\/div>\n<div class=\"text-body small lh-base mt-2\">Receba no seu e-mail logo pela manh&atilde; as not&iacute;cias que v&atilde;o mexer com os mercados, com os seus investimentos e o seu bolso durante o dia<\/div>\n<\/div>\n<\/div>\n<\/div>\n<\/div>\n<\/div>\n<p>The post <a rel=\"nofollow noopener\" href=\"https:\/\/www.infomoney.com.br\/politica\/lula-embarca-para-nova-deli-para-participar-da-cupula-do-g20\/\" target=\"_blank\">Lula embarca para Nova D\u00e9li para participar da C\u00fapula do G20<\/a> appeared first on <a rel=\"nofollow noopener\" href=\"https:\/\/www.infomoney.com.br\/\" target=\"_blank\">InfoMoney<\/a>.<\/p>\n","protected":false},"excerpt":{"rendered":"<p><img loading=\"lazy\" decoding=\"async\" width=\"300\" height=\"200\" src=\"https:\/\/www.infomoney.com.br\/wp-content\/uploads\/2023\/08\/53139081296_fe703de29f_c.jpg?fit=300%2C200&amp;quality=70&amp;strip=all\" class=\"attachment-medium size-medium wp-post-image\" alt=\"\" data-attachment-id=\"2226989\" data-permalink=\"https:\/\/www.infomoney.com.br\/politica\/lula-retorna-de-viagem-com-promessa-de-reforma-ministerial-para-destravar-novo-pacote-de-haddad-no-congresso\/attachment\/53139081296_fe703de29f_c\/\" data-orig-file=\"https:\/\/www.infomoney.com.br\/wp-content\/uploads\/2023\/08\/53139081296_fe703de29f_c.jpg?fit=799%2C533&amp;quality=70&amp;strip=all\" data-orig-size=\"799,533\" data-comments-opened=\"0\" data-image-meta='{\"aperture\":\"0\",\"credit\":\"\",\"camera\":\"\",\"caption\":\"\",\"created_timestamp\":\"0\",\"copyright\":\"\",\"focal_length\":\"0\",\"iso\":\"0\",\"shutter_speed\":\"0\",\"title\":\"\",\"orientation\":\"0\"}' data-image-title=\"Luiz In\u00e1cio Lula da Silva\" data-image-description=\"\" data-image-caption=\"&lt;p&gt;O presidente Luiz In\u00e1cio Lula da Silva (PT) concede entrevista coletiva durante viagem oficial \u00e0 \u00c1frica do Sul (Foto: Ricardo Stuckert\/PR)&lt;\/p&gt;\n\" data-medium-file=\"https:\/\/www.infomoney.com.br\/wp-content\/uploads\/2023\/08\/53139081296_fe703de29f_c.jpg?fit=300%2C200&amp;quality=70&amp;strip=all\" data-large-file=\"https:\/\/www.infomoney.com.br\/wp-content\/uploads\/2023\/08\/53139081296_fe703de29f_c.jpg?fit=799%2C533&amp;quality=70&amp;strip=all\">Reuni\u00e3o de l\u00edderes ser\u00e1 realizada no s\u00e1bado e no domingo<\/p>\n<p>The post <a rel=\"nofollow\" href=\"https:\/\/www.infomoney.com.br\/politica\/lula-embarca-para-nova-deli-para-participar-da-cupula-do-g20\/\">Lula embarca para Nova D\u00e9li para participar da C\u00fapula do G20<\/a> appeared first on <a rel=\"nofollow\" href=\"https:\/\/www.infomoney.com.br\/\">InfoMoney<\/a>.<\/p>\n","protected":false},"author":44,"featured_media":0,"comment_status":"closed","ping_status":"closed","sticky":false,"template":"","format":"standard","meta":{"advgb_blocks_editor_width":"","advgb_blocks_columns_visual_guide":"","footnotes":""},"categories":[34,5192,3292,129,47],"tags":[35],"class_list":["post-33370","post","type-post","status-publish","format-standard","hentry","category-g1","category-g20","category-india","category-luiz-inacio-lula-da-silva","category-politica","tag-g1"],"author_meta":{"display_name":"Ag\u00eancia Brasil","author_link":"https:\/\/sindaopcpb.org.br\/author\/agencia-brasil\/"},"featured_img":null,"coauthors":[],"tax_additional":{"categories":{"linked":["<a href=\"https:\/\/sindaopcpb.org.br\/g1\/\" class=\"advgb-post-tax-term\">G1<\/a>","<a href=\"https:\/\/sindaopcpb.org.br\/g20\/\" class=\"advgb-post-tax-term\">g20<\/a>","<a href=\"https:\/\/sindaopcpb.org.br\/india\/\" class=\"advgb-post-tax-term\">\u00cdndia<\/a>","<a href=\"https:\/\/sindaopcpb.org.br\/luiz-inacio-lula-da-silva\/\" class=\"advgb-post-tax-term\">Luiz In\u00e1cio Lula da Silva<\/a>","<a href=\"https:\/\/sindaopcpb.org.br\/politica\/\" class=\"advgb-post-tax-term\">POLITICA<\/a>"],"unlinked":["<span class=\"advgb-post-tax-term\">G1<\/span>","<span class=\"advgb-post-tax-term\">g20<\/span>","<span class=\"advgb-post-tax-term\">\u00cdndia<\/span>","<span class=\"advgb-post-tax-term\">Luiz In\u00e1cio Lula da Silva<\/span>","<span class=\"advgb-post-tax-term\">POLITICA<\/span>"]},"tags":{"linked":["<a href=\"https:\/\/sindaopcpb.org.br\/politica\/\" class=\"advgb-post-tax-term\">g1<\/a>"],"unlinked":["<span class=\"advgb-post-tax-term\">g1<\/span>"]}},"comment_count":"0","relative_dates":{"created":"Publicado 3 anos atr\u00e1s","modified":"Atualizado 3 anos atr\u00e1s"},"absolute_dates":{"created":"Publicado em 7 de setembro de 2023","modified":"Atualizado em 7 de setembro de 2023"},"absolute_dates_time":{"created":"Publicado em 7 de setembro de 2023 17:40","modified":"Atualizado em 7 de setembro de 2023 17:40"},"featured_img_caption":"","series_order":"","_links":{"self":[{"href":"https:\/\/sindaopcpb.org.br\/index.php\/wp-json\/wp\/v2\/posts\/33370","targetHints":{"allow":["GET"]}}],"collection":[{"href":"https:\/\/sindaopcpb.org.br\/index.php\/wp-json\/wp\/v2\/posts"}],"about":[{"href":"https:\/\/sindaopcpb.org.br\/index.php\/wp-json\/wp\/v2\/types\/post"}],"author":[{"embeddable":true,"href":"https:\/\/sindaopcpb.org.br\/index.php\/wp-json\/wp\/v2\/users\/44"}],"replies":[{"embeddable":true,"href":"https:\/\/sindaopcpb.org.br\/index.php\/wp-json\/wp\/v2\/comments?post=33370"}],"version-history":[{"count":2,"href":"https:\/\/sindaopcpb.org.br\/index.php\/wp-json\/wp\/v2\/posts\/33370\/revisions"}],"predecessor-version":[{"id":33385,"href":"https:\/\/sindaopcpb.org.br\/index.php\/wp-json\/wp\/v2\/posts\/33370\/revisions\/33385"}],"wp:attachment":[{"href":"https:\/\/sindaopcpb.org.br\/index.php\/wp-json\/wp\/v2\/media?parent=33370"}],"wp:term":[{"taxonomy":"category","embeddable":true,"href":"https:\/\/sindaopcpb.org.br\/index.php\/wp-json\/wp\/v2\/categories?post=33370"},{"taxonomy":"post_tag","embeddable":true,"href":"https:\/\/sindaopcpb.org.br\/index.php\/wp-json\/wp\/v2\/tags?post=33370"}],"curies":[{"name":"wp","href":"https:\/\/api.w.org\/{rel}","templated":true}]}}