{"id":33366,"date":"2023-09-07T16:26:52","date_gmt":"2023-09-07T19:26:52","guid":{"rendered":"https:\/\/wpa.wscom.com.br\/?p=921885"},"modified":"2023-09-07T16:26:52","modified_gmt":"2023-09-07T19:26:52","slug":"viva-usina-tem-teatro-circo-poesia-e-feirinha-criativa-neste-final-de-semana","status":"publish","type":"post","link":"https:\/\/sindaopcpb.org.br\/index.php\/2023\/09\/07\/viva-usina-tem-teatro-circo-poesia-e-feirinha-criativa-neste-final-de-semana\/","title":{"rendered":"Viva Usina tem teatro, circo, poesia e feirinha criativa neste final de semana"},"content":{"rendered":"<p>Se voc\u00ea est\u00e1 procurando um programa cultural para este final de semana, n\u00e3o pode perder as atra\u00e7\u00f5es do projeto Viva Usina, que acontece na Usina Cultural Energisa, em Jo\u00e3o Pessoa. O evento traz na sua programa\u00e7\u00e3o diversas manifesta\u00e7\u00f5es art\u00edsticas, como performance po\u00e9tica, teatro, circo e literatura, al\u00e9m de uma feirinha criativa e gastron\u00f4mica.<\/p>\n<p>Na sexta-feira (8), \u00e0s 20h, no Palco Bonde, o Ariel Coletivo Liter\u00e1rio apresenta o sarau \u2018Vozes da Escreviv\u00eancia\u2019, uma performance po\u00e9tica inspirada na obra da escritora mineira Concei\u00e7\u00e3o Evaristo e nas composi\u00e7\u00f5es autorais das integrantes do coletivo. Formado por mulheres que atuam na literatura, o Ariel Coletivo Liter\u00e1rio surgiu em 2013 na cidade de Campina Grande e tem como objetivo valorizar a produ\u00e7\u00e3o liter\u00e1ria feminina e negra.<\/p>\n<p>J\u00e1 no s\u00e1bado (9) e no domingo (10), \u00e0s 20h, na Sala Vladimir Carvalho, a Cia Mutuca de Circo e Teatro encena o espet\u00e1culo \u2018Guara-Mamo\u2019, uma montagem que resgata contos e causos dos mestres e mestras do Vale do Gramame, misturando poesia, circo, teatro, m\u00fasica e imagina\u00e7\u00e3o. Com tr\u00eas contadores de hist\u00f3rias que se transformam em v\u00e1rios personagens e um m\u00fasico que cria a trilha sonora ao vivo, a pe\u00e7a convida o p\u00fablico a mergulhar em um mundo fant\u00e1stico cheio de verdades e fantasias. A Cia Mutuca de Circo e Teatro foi fundada em 2015 com a proposta de pesquisar e valorizar a cultura popular nordestina circense.<\/p>\n<p><strong>Feirinha<\/strong><\/p>\n<p>Durante os tr\u00eas dias do evento, das 16h \u00e0s 22h, na \u00e1rea externa da Usina Cultural Energisa, acontece a Feirinha Viva Usina, um espa\u00e7o dedicado \u00e0 criatividade e \u00e0 gastronomia. L\u00e1 voc\u00ea vai encontrar op\u00e7\u00f5es variadas de comidas veganas, internacionais (\u00e1rabe, italiana e turca) e ind\u00edgenas, lanches, cervejas artesanais e doces. Al\u00e9m disso, voc\u00ea poder\u00e1 conferir e adquirir produtos de artesanato como papelaria, brech\u00f3s, biojoias e cal\u00e7ados. A feirinha \u00e9 composta por inscritos de todo o estado aprovados no projeto Viva Usina.<\/p>\n<p><strong>TV Viva Usina<\/strong><\/p>\n<p>O projeto Viva Usina tamb\u00e9m conta com um conte\u00fado multim\u00eddia que registra as apresenta\u00e7\u00f5es e os depoimentos de quem aproveita o evento. Voc\u00ea pode assistir ao segundo epis\u00f3dio do programa de TV no youtube do projeto, na programa\u00e7\u00e3o da TV Assembleia ou\u00a0<a href=\"https:\/\/click.cse360.com.br\/Click\/AddCampaignEmailClick\/879fd944-03d3-42c6-0747-08db926c981c\/https%253a%252f%252fwww.youtube.com%252fwatch%253fv%253duW0l3QH7XC4\/c7b19c67-1038-4f47-8c8e-8bb49a95458f\/wscom@wscom.com.br\/True\" rel=\"noopener noreferrer nofollow\" data-saferedirecturl=\"https:\/\/www.google.com\/url?q=https:\/\/click.cse360.com.br\/Click\/AddCampaignEmailClick\/879fd944-03d3-42c6-0747-08db926c981c\/https%25253a%25252f%25252fwww.youtube.com%25252fwatch%25253fv%25253duW0l3QH7XC4\/c7b19c67-1038-4f47-8c8e-8bb49a95458f\/wscom@wscom.com.br\/True&amp;source=gmail&amp;ust=1694187676126000&amp;usg=AOvVaw1_MUxKaWVyQeq3ejs09wa7\" target=\"_blank\">aqui<\/a>.<\/p>\n<p>O projeto Viva Usina \u00e9 realizado atrav\u00e9s da Lei de Incentivo \u00e0 Cultura, com realiza\u00e7\u00e3o do Minist\u00e9rio da Cultura e Governo Federal e patroc\u00ednio da Energisa, com produ\u00e7\u00e3o da Atua Comunica\u00e7\u00e3o Criativa e o apoio da Usina Cultural Energisa.<\/p>\n<p>O post <a rel=\"nofollow noopener\" href=\"https:\/\/wscom.com.br\/viva-usina-tem-teatro-circo-poesia-e-feirinha-criativa-neste-final-de-semana\/\" target=\"_blank\">Viva Usina tem teatro, circo, poesia e feirinha criativa neste final de semana<\/a> apareceu primeiro em <a rel=\"nofollow noopener\" href=\"https:\/\/wscom.com.br\/\" target=\"_blank\">WSCOM<\/a>.<\/p>\n","protected":false},"excerpt":{"rendered":"<p>Se voc\u00ea est\u00e1 procurando um programa cultural para este final de semana, n\u00e3o pode perder as atra\u00e7\u00f5es do projeto Viva Usina, que acontece na Usina Cultural Energisa, em Jo\u00e3o Pessoa. O evento traz na sua programa\u00e7\u00e3o diversas manifesta\u00e7\u00f5es art\u00edsticas, como performance po\u00e9tica, teatro, circo e literatura, al\u00e9m de uma feirinha criativa e gastron\u00f4mica. Na sexta-feira [\u2026]<\/p>\n<p>O post <a rel=\"nofollow\" href=\"https:\/\/wscom.com.br\/viva-usina-tem-teatro-circo-poesia-e-feirinha-criativa-neste-final-de-semana\/\">Viva Usina tem teatro, circo, poesia e feirinha criativa neste final de semana<\/a> apareceu primeiro em <a rel=\"nofollow\" href=\"https:\/\/wscom.com.br\/\">WSCOM<\/a>.<\/p>\n","protected":false},"author":49,"featured_media":0,"comment_status":"closed","ping_status":"closed","sticky":false,"template":"","format":"standard","meta":{"advgb_blocks_editor_width":"","advgb_blocks_columns_visual_guide":"","footnotes":""},"categories":[170,8830,34,71,3552,8831],"tags":[35],"class_list":["post-33366","post","type-post","status-publish","format-standard","hentry","category-cultura","category-feirinha-viva-usina","category-g1","category-joao-pessoa","category-usina-cultural-energisa","category-viva-usina","tag-g1"],"author_meta":{"display_name":"Cristiane Cavalcante","author_link":"https:\/\/sindaopcpb.org.br\/author\/cristiane-cavalcante\/"},"featured_img":null,"coauthors":[],"tax_additional":{"categories":{"linked":["<a href=\"https:\/\/sindaopcpb.org.br\/cultura\/\" class=\"advgb-post-tax-term\">Cultura<\/a>","<a href=\"https:\/\/sindaopcpb.org.br\/feirinha-viva-usina\/\" class=\"advgb-post-tax-term\">Feirinha Viva Usina<\/a>","<a href=\"https:\/\/sindaopcpb.org.br\/g1\/\" class=\"advgb-post-tax-term\">G1<\/a>","<a href=\"https:\/\/sindaopcpb.org.br\/joao-pessoa\/\" class=\"advgb-post-tax-term\">Jo\u00e3o Pessoa<\/a>","<a href=\"https:\/\/sindaopcpb.org.br\/usina-cultural-energisa\/\" class=\"advgb-post-tax-term\">usina cultural energisa<\/a>","<a href=\"https:\/\/sindaopcpb.org.br\/viva-usina\/\" class=\"advgb-post-tax-term\">Viva Usina<\/a>"],"unlinked":["<span class=\"advgb-post-tax-term\">Cultura<\/span>","<span class=\"advgb-post-tax-term\">Feirinha Viva Usina<\/span>","<span class=\"advgb-post-tax-term\">G1<\/span>","<span class=\"advgb-post-tax-term\">Jo\u00e3o Pessoa<\/span>","<span class=\"advgb-post-tax-term\">usina cultural energisa<\/span>","<span class=\"advgb-post-tax-term\">Viva Usina<\/span>"]},"tags":{"linked":["<a href=\"https:\/\/sindaopcpb.org.br\/viva-usina\/\" class=\"advgb-post-tax-term\">g1<\/a>"],"unlinked":["<span class=\"advgb-post-tax-term\">g1<\/span>"]}},"comment_count":"0","relative_dates":{"created":"Publicado 3 anos atr\u00e1s","modified":"Atualizado 3 anos atr\u00e1s"},"absolute_dates":{"created":"Publicado em 7 de setembro de 2023","modified":"Atualizado em 7 de setembro de 2023"},"absolute_dates_time":{"created":"Publicado em 7 de setembro de 2023 16:26","modified":"Atualizado em 7 de setembro de 2023 16:26"},"featured_img_caption":"","series_order":"","_links":{"self":[{"href":"https:\/\/sindaopcpb.org.br\/index.php\/wp-json\/wp\/v2\/posts\/33366","targetHints":{"allow":["GET"]}}],"collection":[{"href":"https:\/\/sindaopcpb.org.br\/index.php\/wp-json\/wp\/v2\/posts"}],"about":[{"href":"https:\/\/sindaopcpb.org.br\/index.php\/wp-json\/wp\/v2\/types\/post"}],"author":[{"embeddable":true,"href":"https:\/\/sindaopcpb.org.br\/index.php\/wp-json\/wp\/v2\/users\/49"}],"replies":[{"embeddable":true,"href":"https:\/\/sindaopcpb.org.br\/index.php\/wp-json\/wp\/v2\/comments?post=33366"}],"version-history":[{"count":1,"href":"https:\/\/sindaopcpb.org.br\/index.php\/wp-json\/wp\/v2\/posts\/33366\/revisions"}],"predecessor-version":[{"id":33367,"href":"https:\/\/sindaopcpb.org.br\/index.php\/wp-json\/wp\/v2\/posts\/33366\/revisions\/33367"}],"wp:attachment":[{"href":"https:\/\/sindaopcpb.org.br\/index.php\/wp-json\/wp\/v2\/media?parent=33366"}],"wp:term":[{"taxonomy":"category","embeddable":true,"href":"https:\/\/sindaopcpb.org.br\/index.php\/wp-json\/wp\/v2\/categories?post=33366"},{"taxonomy":"post_tag","embeddable":true,"href":"https:\/\/sindaopcpb.org.br\/index.php\/wp-json\/wp\/v2\/tags?post=33366"}],"curies":[{"name":"wp","href":"https:\/\/api.w.org\/{rel}","templated":true}]}}