{"id":33349,"date":"2023-09-07T13:30:03","date_gmt":"2023-09-07T16:30:03","guid":{"rendered":"https:\/\/www.infomoney.com.br\/?p=2237178"},"modified":"2023-09-07T13:30:03","modified_gmt":"2023-09-07T16:30:03","slug":"lula-exalta-7-de-setembro-tranquilo-como-show-de-democracia-soberania-e-uniao","status":"publish","type":"post","link":"https:\/\/sindaopcpb.org.br\/index.php\/2023\/09\/07\/lula-exalta-7-de-setembro-tranquilo-como-show-de-democracia-soberania-e-uniao\/","title":{"rendered":"Lula exalta 7 de Setembro tranquilo como \u201cshow de democracia, soberania e uni\u00e3o\u201d"},"content":{"rendered":"<p><img loading=\"lazy\" width=\"300\" height=\"233\" src=\"https:\/\/www.infomoney.com.br\/wp-content\/uploads\/2023\/06\/52977407808_fbfc37a1ef_c.jpg?fit=300%2C233&amp;quality=70&amp;strip=all\" class=\"attachment-medium size-medium wp-post-image\" alt=\"\" decoding=\"async\" style=\"float:right; margin:0 0 10px 10px;\" srcset=\"https:\/\/www.infomoney.com.br\/wp-content\/uploads\/2023\/06\/52977407808_fbfc37a1ef_c.jpg?w=800&amp;quality=70&amp;strip=all 800w, https:\/\/www.infomoney.com.br\/wp-content\/uploads\/2023\/06\/52977407808_fbfc37a1ef_c.jpg?w=300&amp;quality=70&amp;strip=all 300w, https:\/\/www.infomoney.com.br\/wp-content\/uploads\/2023\/06\/52977407808_fbfc37a1ef_c.jpg?w=768&amp;quality=70&amp;strip=all 768w, https:\/\/www.infomoney.com.br\/wp-content\/uploads\/2023\/06\/52977407808_fbfc37a1ef_c.jpg?w=150&amp;quality=70&amp;strip=all 150w\" sizes=\"auto, (max-width: 300px) 100vw, 300px\" data-attachment-id=\"2166914\" data-permalink=\"https:\/\/www.infomoney.com.br\/politica\/aprovacao-de-lula-sobe-para-56-embalada-por-otimismo-com-economia-mostra-pesquisa-genial-quaest\/attachment\/52977407808_fbfc37a1ef_c\/\" data-orig-file=\"https:\/\/www.infomoney.com.br\/wp-content\/uploads\/2023\/06\/52977407808_fbfc37a1ef_c.jpg?fit=800%2C622&amp;quality=70&amp;strip=all\" data-orig-size=\"800,622\" data-comments-opened=\"0\" data-image-meta=\"{&quot;aperture&quot;:&quot;0&quot;,&quot;credit&quot;:&quot;RICARDO STUCKERT&quot;,&quot;camera&quot;:&quot;&quot;,&quot;caption&quot;:&quot;&quot;,&quot;created_timestamp&quot;:&quot;0&quot;,&quot;copyright&quot;:&quot;&quot;,&quot;focal_length&quot;:&quot;0&quot;,&quot;iso&quot;:&quot;0&quot;,&quot;shutter_speed&quot;:&quot;0&quot;,&quot;title&quot;:&quot;&quot;,&quot;orientation&quot;:&quot;0&quot;}\" data-image-title=\"Luiz In\u00e1cio Lula da Silva\" data-image-description=\"\" data-image-caption=\"&lt;p&gt;O presidente Luiz In\u00e1cio Lula da Silva (PT) em reuni\u00e3o ministerial no Pal\u00e1cio do Planalto (Foto: Ricardo Stuckert\/PR)&lt;\/p&gt;\n\" data-medium-file=\"https:\/\/www.infomoney.com.br\/wp-content\/uploads\/2023\/06\/52977407808_fbfc37a1ef_c.jpg?fit=300%2C233&amp;quality=70&amp;strip=all\" data-large-file=\"https:\/\/www.infomoney.com.br\/wp-content\/uploads\/2023\/06\/52977407808_fbfc37a1ef_c.jpg?fit=800%2C622&amp;quality=70&amp;strip=all\" title=\"\"><\/p>\n<p>O presidente Luiz In&aacute;cio Lula da Silva participou nesta quinta-feira (7) do desfile do Dia da Independ&ecirc;ncia e exaltou o evento realizado sob clima de tranquilidade como um &ldquo;show de democracia, soberania e uni&atilde;o&rdquo;, em um momento em que busca acabar com a politiza&ccedil;&atilde;o das For&ccedil;as Armadas ap&oacute;s o governo do antecessor Jair Bolsonaro.<\/p>\n<p>Mais de 3 mil soldados com equipamento militar desfilaram em frente ao presidente, ministros e outras autoridades na Esplanada dos Minist&eacute;rios, com um p&uacute;blico estimado em 30.000 pessoas. O ponto alto do desfile foi o sobrevoo de avi&otilde;es da Esquadrilha da Fuma&ccedil;a da For&ccedil;a A&eacute;rea Brasileira.<\/p>\n<p>Medidas de seguran&ccedil;a foram preparadas para conter poss&iacute;veis protestos de apoiadores de Bolsonaro, depois que bolsonaristas radicais invadiram as sedes dos Poderes em 8 de janeiro uma semana ap&oacute;s Lula tomar posse, mas nenhuma grande manifesta&ccedil;&atilde;o foi registrada pela manh&atilde;.<\/p>\n<p>&ldquo;Feliz de assistir a um desfile de 7 de Setembro t&atilde;o bonito como o de hoje. Show de democracia, soberania e uni&atilde;o. Um bom feriado de Independ&ecirc;ncia a todos. Viva o Brasil&rdquo;, escreveu Lula na rede social X, anteriormente conhecida como Twitter.<\/p>\n<p>Em um pronunciamento televisionado na noite de quarta-feira (6), Lula exaltou as conquistas de seus primeiros oito meses no cargo &mdash; incluindo o forte crescimento econ&ocirc;mico &mdash; e pediu unidade ap&oacute;s a elei&ccedil;&atilde;o do ano passado.<\/p>\n<p>&ldquo;A independ&ecirc;ncia do Brasil ainda n&atilde;o est&aacute; terminada. Ela precisa ser constru&iacute;da a cada dia, por todos n&oacute;s, sobre tr&ecirc;s grandes alicerces: democracia, soberania e uni&atilde;o&rdquo;, afirmou.<\/p>\n<div class=\"infomoney-related-posts\">\n<h4>Leia tamb&eacute;m<\/h4>\n<div class=\"list\">\n<div class=\"row mx-0 item\">\n<div class=\"img-container\">\n<figure><img decoding=\"async\" class=\"img-fluid img-fluid\" src=\"https:\/\/www.infomoney.com.br\/wp-content\/uploads\/2023\/08\/b9dc6702-bdba-4b64-852c-9116b0534f14.jpg?quality=70&#038;w=150&#038;%23038;h=150&#038;%23038;crop=1&#038;%23038;strip=all\" data-recalc-dims=\"1\" alt=\"\" title=\"\"><\/figure>\n<\/div>\n<div class=\"info\"><span class=\"hl-hat\">Em rede nacional<\/span><span class=\"hl-title\"><a href=\"https:\/\/www.infomoney.com.br\/politica\/lula-exalta-agenda-economica-e-democracia-em-pronunciamento-do-7-de-setembro\/\" rel=\"nofollow noopener\" target=\"_blank\">Lula exalta agenda econ&ocirc;mica e democracia em pronunciamento do 7 de setembro<\/a><\/span><span class=\"hl-description\">Presidente diz que Brasil &ldquo;voltou a crescer com inclus&atilde;o social e combatendo as desigualdades&rdquo; e que Dia da Independ&ecirc;ncia n&atilde;o ser&aacute; data de &oacute;dio ou medo<\/span><\/div>\n<\/div>\n<\/div>\n<\/div>\n<h2>Reconstru&ccedil;&atilde;o<\/h2>\n<p>Lula tem procurado reconstruir a confian&ccedil;a entre seu governo e as For&ccedil;as Armadas depois de remover v&aacute;rios militares de suas equipes de seguran&ccedil;a na sequ&ecirc;ncia da invas&atilde;o do Pal&aacute;cio do Planalto, Congresso Nacional e Supremo Tribunal Federal (STF) por apoiadores de Bolsonaro que estavam acampados em frente ao quartel-general do Ex&eacute;rcito.<\/p>\n<p>No ano passado, durante o bicenten&aacute;rio do Dia da Independ&ecirc;ncia, o ent&atilde;o presidente e candidato &agrave; reelei&ccedil;&atilde;o Bolsonaro transformou as comemora&ccedil;&otilde;es do 7 de Setembro em demonstra&ccedil;&otilde;es de for&ccedil;a para sua campanha ao levar milhares de apoiadores para as ruas em atos eleitorais nos quais atacou Lula e lan&ccedil;ou cr&iacute;ticas contra a c&uacute;pula do Judici&aacute;rio.<\/p>\n<p>Por isso, Bolsonaro responde a duas a&ccedil;&otilde;es por abuso de poder no Tribunal Superior Eleitoral (TSE) que poder&atilde;o lev&aacute;-lo a uma nova condena&ccedil;&atilde;o por inelegibilidade, al&eacute;m de outras puni&ccedil;&otilde;es e multas. O ex-presidente j&aacute; foi declarado ineleg&iacute;vel pelo TSE em uma outra a&ccedil;&atilde;o.<\/p>\n<p>No ano anterior, Bolsonaro havia aproveitado a solenidade para atacar o ministro do Supremo Tribunal Federal (STF) Alexandre de Moraes, chegando a dizer que n&atilde;o iria cumprir ordens judiciais do magistrado.<\/p>\n<p>A pol&iacute;cia, os servi&ccedil;os de seguran&ccedil;a e de intelig&ecirc;ncia foram mobilizados para monitorar eventuais problemas causados pelos apoiadores de Bolsonaro neste ano, mas as autoridades j&aacute; haviam dito anteriormente que n&atilde;o esperavam protestos.<\/p>\n<p>Muitos apoiadores de Bolsonaro nas m&iacute;dias sociais pediram que as pessoas evitassem as comemora&ccedil;&otilde;es do dia como uma demonstra&ccedil;&atilde;o de que Lula tem pouco apoio, usando a hashtag #fiqueemcasa.<\/p>\n<div class=\"infomoney-related-posts\">\n<h4>Leia tamb&eacute;m<\/h4>\n<div class=\"list\">\n<div class=\"row mx-0 item\">\n<div class=\"img-container\">\n<figure><img decoding=\"async\" class=\"img-fluid img-fluid\" src=\"https:\/\/www.infomoney.com.br\/wp-content\/uploads\/2021\/08\/img_0393.jpg?quality=70&#038;w=150&#038;%23038;h=150&#038;%23038;crop=1&#038;%23038;strip=all\" data-recalc-dims=\"1\" alt=\"\" title=\"\"><\/figure>\n<\/div>\n<div class=\"info\"><span class=\"hl-hat\">Mais de 102 mil clientes <\/span><span class=\"hl-title\"><a href=\"https:\/\/www.infomoney.com.br\/minhas-financas\/caixa-renegociacoes-no-desenrola-chegam-a-r-25-bi\/\" rel=\"nofollow noopener\" target=\"_blank\">Renegocia&ccedil;&otilde;es no Desenrola na Caixa chegam a R$ 2,5 bilh&otilde;es<\/a><\/span><span class=\"hl-description\">Segundo o banco, foram regularizados 131,2 mil contratos comerciais que estavam em atraso<\/span><\/div>\n<\/div>\n<\/div>\n<\/div>\n<div class=\"cta-end\">\n<div class=\"im-cta\" >\n<div class=\"im-shortcode-forms bg-light bg-opacity-25 border rounded-4 p-3 p-sm-4 p-md-3 p-lg-4 px-xxl-5 my-5\" data-configuration='{\"form_name\":false,\"form_hat\":\"Newsletter\",\"form_email\":true,\"form_icon\":\"newsletter\",\"form_phone\":false,\"form_campaign\":\"NIM\",\"form_thankyou\":\"\",\"form_journey\":\"APIEvent-26a5198d-8e09-06ef-5f80-cd9127757ad1\",\"form_button\":\"Quero receber\",\"form_context\":\"newsletter\",\"form_origin\":\"https:\\\/\\\/www.infomoney.com.br\\\/politica\\\/feed\\\/?utm_medium=materia&#038;utm_source=infomoney&#038;utm_campaign=NIM&#038;utm_term=politica&#038;utm_content=newsletter\",\"form_position\":\"final\",\"form_category\":\"cta_form\"}'>\n<div class=\"d-flex flex-column align-items-center align-items-lg-start mb-4 flex-lg-row\">\n<div class=\"rounded-circle mb-2 mb-lg-0 mr-lg-4 me-lg-4 p-3 p-lg-4 bg-blue-400\"><svg width=\"40\" height=\"40\" viewBox=\"0 0 40 40\" fill=\"none\" xmlns=\"http:\/\/www.w3.org\/2000\/svg\"><path d=\"M20 20.25 6.042 11.042v19.041c0 .167.048.299.146.396a.535.535 0 0 0 .395.146h15.792V32.5H6.583a2.328 2.328 0 0 1-1.708-.708 2.328 2.328 0 0 1-.708-1.709V9.917c0-.667.236-1.236.708-1.709A2.328 2.328 0 0 1 6.583 7.5h26.834c.666 0 1.236.236 1.708.708a2.33 2.33 0 0 1 .708 1.709v12.458h-1.875V11.042L20 20.25Zm0-2 13.667-8.875H6.333L20 18.25Zm11.75 18.958-1.292-1.333 3.334-3.375h-9v-1.875h9l-3.375-3.417 1.333-1.291 5.667 5.625-5.667 5.666ZM6.042 11.042v20.791-9.458.25-13.25 1.667Z\" fill=\"#fff\"\/><\/svg><\/div>\n<div class=\"flex-fill text-center text-lg-left\">\n<div class=\"h6 small text-orange-700 lh-base mb-1\">Newsletter<\/div>\n<div class=\"text-body h4 m-0\">Infomorning<\/div>\n<div class=\"text-body small lh-base mt-2\">Receba no seu e-mail logo pela manh&atilde; as not&iacute;cias que v&atilde;o mexer com os mercados, com os seus investimentos e o seu bolso durante o dia<\/div>\n<\/div>\n<\/div>\n<\/div>\n<\/div>\n<\/div>\n<p>The post <a rel=\"nofollow noopener\" href=\"https:\/\/www.infomoney.com.br\/politica\/lula-exalta-7-de-setembro-tranquilo-como-show-de-democracia-soberania-e-uniao\/\" target=\"_blank\">Lula exalta 7 de Setembro tranquilo como &#8220;show de democracia, soberania e uni\u00e3o&#8221;<\/a> appeared first on <a rel=\"nofollow noopener\" href=\"https:\/\/www.infomoney.com.br\/\" target=\"_blank\">InfoMoney<\/a>.<\/p>\n","protected":false},"excerpt":{"rendered":"<p><img loading=\"lazy\" decoding=\"async\" width=\"300\" height=\"233\" src=\"https:\/\/www.infomoney.com.br\/wp-content\/uploads\/2023\/06\/52977407808_fbfc37a1ef_c.jpg?fit=300%2C233&amp;quality=70&amp;strip=all\" class=\"attachment-medium size-medium wp-post-image\" alt=\"\" data-attachment-id=\"2166914\" data-permalink=\"https:\/\/www.infomoney.com.br\/politica\/aprovacao-de-lula-sobe-para-56-embalada-por-otimismo-com-economia-mostra-pesquisa-genial-quaest\/attachment\/52977407808_fbfc37a1ef_c\/\" data-orig-file=\"https:\/\/www.infomoney.com.br\/wp-content\/uploads\/2023\/06\/52977407808_fbfc37a1ef_c.jpg?fit=800%2C622&amp;quality=70&amp;strip=all\" data-orig-size=\"800,622\" data-comments-opened=\"0\" data-image-meta='{\"aperture\":\"0\",\"credit\":\"RICARDO STUCKERT\",\"camera\":\"\",\"caption\":\"\",\"created_timestamp\":\"0\",\"copyright\":\"\",\"focal_length\":\"0\",\"iso\":\"0\",\"shutter_speed\":\"0\",\"title\":\"\",\"orientation\":\"0\"}' data-image-title=\"Luiz In\u00e1cio Lula da Silva\" data-image-description=\"\" data-image-caption=\"&lt;p&gt;O presidente Luiz In\u00e1cio Lula da Silva (PT) em reuni\u00e3o ministerial no Pal\u00e1cio do Planalto (Foto: Ricardo Stuckert\/PR)&lt;\/p&gt;\n\" data-medium-file=\"https:\/\/www.infomoney.com.br\/wp-content\/uploads\/2023\/06\/52977407808_fbfc37a1ef_c.jpg?fit=300%2C233&amp;quality=70&amp;strip=all\" data-large-file=\"https:\/\/www.infomoney.com.br\/wp-content\/uploads\/2023\/06\/52977407808_fbfc37a1ef_c.jpg?fit=800%2C622&amp;quality=70&amp;strip=all\">Medidas de seguran\u00e7a foram preparadas, mas nenhuma grande manifesta\u00e7\u00e3o foi registrada pela manh\u00e3<\/p>\n<p>The post <a rel=\"nofollow\" href=\"https:\/\/www.infomoney.com.br\/politica\/lula-exalta-7-de-setembro-tranquilo-como-show-de-democracia-soberania-e-uniao\/\">Lula exalta 7 de Setembro tranquilo como \u201cshow de democracia, soberania e uni\u00e3o\u201d<\/a> appeared first on <a rel=\"nofollow\" href=\"https:\/\/www.infomoney.com.br\/\">InfoMoney<\/a>.<\/p>\n","protected":false},"author":46,"featured_media":0,"comment_status":"closed","ping_status":"closed","sticky":false,"template":"","format":"standard","meta":{"advgb_blocks_editor_width":"","advgb_blocks_columns_visual_guide":"","footnotes":""},"categories":[1313,34,110,47],"tags":[35],"class_list":["post-33349","post","type-post","status-publish","format-standard","hentry","category-feriado","category-g1","category-lula","category-politica","tag-g1"],"author_meta":{"display_name":"Reuters","author_link":"https:\/\/sindaopcpb.org.br\/author\/reuters\/"},"featured_img":null,"coauthors":[],"tax_additional":{"categories":{"linked":["<a href=\"https:\/\/sindaopcpb.org.br\/feriado\/\" class=\"advgb-post-tax-term\">feriado<\/a>","<a href=\"https:\/\/sindaopcpb.org.br\/g1\/\" class=\"advgb-post-tax-term\">G1<\/a>","<a href=\"https:\/\/sindaopcpb.org.br\/lula\/\" class=\"advgb-post-tax-term\">Lula<\/a>","<a href=\"https:\/\/sindaopcpb.org.br\/politica\/\" class=\"advgb-post-tax-term\">POLITICA<\/a>"],"unlinked":["<span class=\"advgb-post-tax-term\">feriado<\/span>","<span class=\"advgb-post-tax-term\">G1<\/span>","<span class=\"advgb-post-tax-term\">Lula<\/span>","<span class=\"advgb-post-tax-term\">POLITICA<\/span>"]},"tags":{"linked":["<a href=\"https:\/\/sindaopcpb.org.br\/politica\/\" class=\"advgb-post-tax-term\">g1<\/a>"],"unlinked":["<span class=\"advgb-post-tax-term\">g1<\/span>"]}},"comment_count":"0","relative_dates":{"created":"Publicado 3 anos atr\u00e1s","modified":"Atualizado 3 anos atr\u00e1s"},"absolute_dates":{"created":"Publicado em 7 de setembro de 2023","modified":"Atualizado em 7 de setembro de 2023"},"absolute_dates_time":{"created":"Publicado em 7 de setembro de 2023 13:30","modified":"Atualizado em 7 de setembro de 2023 13:30"},"featured_img_caption":"","series_order":"","_links":{"self":[{"href":"https:\/\/sindaopcpb.org.br\/index.php\/wp-json\/wp\/v2\/posts\/33349","targetHints":{"allow":["GET"]}}],"collection":[{"href":"https:\/\/sindaopcpb.org.br\/index.php\/wp-json\/wp\/v2\/posts"}],"about":[{"href":"https:\/\/sindaopcpb.org.br\/index.php\/wp-json\/wp\/v2\/types\/post"}],"author":[{"embeddable":true,"href":"https:\/\/sindaopcpb.org.br\/index.php\/wp-json\/wp\/v2\/users\/46"}],"replies":[{"embeddable":true,"href":"https:\/\/sindaopcpb.org.br\/index.php\/wp-json\/wp\/v2\/comments?post=33349"}],"version-history":[{"count":1,"href":"https:\/\/sindaopcpb.org.br\/index.php\/wp-json\/wp\/v2\/posts\/33349\/revisions"}],"predecessor-version":[{"id":33350,"href":"https:\/\/sindaopcpb.org.br\/index.php\/wp-json\/wp\/v2\/posts\/33349\/revisions\/33350"}],"wp:attachment":[{"href":"https:\/\/sindaopcpb.org.br\/index.php\/wp-json\/wp\/v2\/media?parent=33349"}],"wp:term":[{"taxonomy":"category","embeddable":true,"href":"https:\/\/sindaopcpb.org.br\/index.php\/wp-json\/wp\/v2\/categories?post=33349"},{"taxonomy":"post_tag","embeddable":true,"href":"https:\/\/sindaopcpb.org.br\/index.php\/wp-json\/wp\/v2\/tags?post=33349"}],"curies":[{"name":"wp","href":"https:\/\/api.w.org\/{rel}","templated":true}]}}