{"id":33329,"date":"2023-09-07T12:12:19","date_gmt":"2023-09-07T15:12:19","guid":{"rendered":"https:\/\/wpa.wscom.com.br\/?p=921872"},"modified":"2023-09-07T12:12:19","modified_gmt":"2023-09-07T15:12:19","slug":"pessoas-com-autismo-e-down-terao-lei-que-os-protege-de-poluicao-sonora-em-joao-pessoa","status":"publish","type":"post","link":"https:\/\/sindaopcpb.org.br\/index.php\/2023\/09\/07\/pessoas-com-autismo-e-down-terao-lei-que-os-protege-de-poluicao-sonora-em-joao-pessoa\/","title":{"rendered":"Pessoas com autismo e Down ter\u00e3o lei que os protege de polui\u00e7\u00e3o sonora em Jo\u00e3o Pessoa"},"content":{"rendered":"<div class=\"post-content\">\n<p>Em tramita\u00e7\u00e3o na C\u00e2mara Municipal de Jo\u00e3o Pessoa (CMJP), o Projeto de Lei Ordin\u00e1ria (PLO) 1.658\/2023, de autoria do vereador Marmuthe Cavalcanti (Republicanos), limita \u00e0 dist\u00e2ncia para emiss\u00e3o de sons e ru\u00eddos que prejudiquem o bem-estar das pessoas com Transtorno do Espectro Autista e S\u00edndrome de Down, em espa\u00e7os p\u00fablicos de Jo\u00e3o Pessoa.<\/p>\n<p>Segundo a literatura m\u00e9dica, crian\u00e7as e adultos que fazem parte desses grupos podem apresentar graves dist\u00farbios no processamento sensorial, dos quais decorrem, em alguns casos, a hipersensibilidade auditiva. Neste sentido, a perturba\u00e7\u00e3o causada por sons, ru\u00eddos e barulhos excessivos, gera um enorme mal-estar \u00e0s pessoas com Transtorno do Espectro Autista (TEA) e com S\u00edndrome de Down, comprometendo sua qualidade de vida e podendo gerar, inclusive, al\u00e9m de desconforto, crises comportamentais de alto risco.<\/p>\n<p>\u201cInfelizmente, nas grandes capitais, e em Jo\u00e3o Pessoa n\u00e3o \u00e9 diferente, presenciamos constantemente pessoas que exageram no manuseio de seus equipamentos sonoros, seja em suas casas ou em seus carros, de modo a comprometer o direito da coletividade. Para isso, apesar de j\u00e1 existir legisla\u00e7\u00e3o ambiental regulamentadora, \u00e9 imprescind\u00edvel que, de modo complementar, uma legisla\u00e7\u00e3o municipal fa\u00e7a a regulamenta\u00e7\u00e3o referente a casos pontuais e espec\u00edficos, como aqueles envolvendo pessoas com Transtorno do Espectro Autista e S\u00edndrome de Down\u201d, justificou Marmuthe.<\/p>\n<p>Portanto, de acordo com o PLO 1.658\/2023, fica limitada a dist\u00e2ncia de, no m\u00ednimo, 100 (cem) metros da fonte emissora at\u00e9 a resid\u00eancia da pessoa diagnosticada com o Transtorno do Espectro Autista e\/ou S\u00edndrome de Down, durante todo o dia, a emiss\u00e3o de ru\u00eddos de qualquer natureza, provocados por a\u00e7\u00e3o humana, em espa\u00e7os p\u00fablicos de uso comum que prejudiquem o seu bem-estar, dispensando-se qualquer aferi\u00e7\u00e3o por equipamento espec\u00edfico, haja vista a hipersensibilidade auditiva muito presente nestes grupos.<\/p>\n<p>\u201cUma pol\u00edtica p\u00fablica de identifica\u00e7\u00e3o da resid\u00eancia em que morem pessoas com essas defici\u00eancias, para fins de melhor visualiza\u00e7\u00e3o e garantia de seus direitos, al\u00e9m de economicamente irris\u00f3ria, traz n\u00e3o apenas benef\u00edcios quanto ao bem-estar frente \u00e0 polui\u00e7\u00e3o sonora, como tamb\u00e9m para eventuais necessidades do cotidiano, a exemplo de um socorro m\u00e9dico, estacionamento indevido, instala\u00e7\u00e3o de equipamentos p\u00fablicos de sa\u00fade e educa\u00e7\u00e3o nas proximidades, entre outros. Por isso, lutaremos pela aprova\u00e7\u00e3o deste Projeto de Lei, garantindo que esta iniciativa se concretize em Jo\u00e3o Pessoa\u201d, disse o vereador Marmuthe.<\/p>\n<p><strong>Leis \u2013<\/strong>\u00a0Como membro da Frente Parlamentar em Defesa dos Direitos da Pessoa com Defici\u00eancia da C\u00e2mara de Jo\u00e3o Pessoa, Marmuthe criou a Lei do T\u00e1xi Acess\u00edvel (13.206\/2016); a Lei Municipal 12.956\/2014, sobre a cria\u00e7\u00e3o de espa\u00e7o reservado para pessoas com defici\u00eancia em casas de espet\u00e1culos, casas de shows, teatros, cinemas, eventos p\u00fablicos e similares; a Lei 13.396\/2017, que disp\u00f5e sobre o sistema de atendimento mediante senhas em Braile e chamamento sonoro nos estabelecimentos comerciais e demais locais de atendimento ao p\u00fablico; a Lei 1.859\/2017, que tornou preferenciais todos os assentos instalados nos \u00f4nibus de transporte coletivo da capital paraibana, ampliando e garantindo o benef\u00edcio aos passageiros idosos, obesos, pessoas com defici\u00eancia ou mobilidade reduzida, gestantes e pessoas com crian\u00e7as de colo; al\u00e9m de cinco leis a favor das pessoas com S\u00edndrome de Down:\u00a0<a href=\"https:\/\/is.gd\/ZnXiRa\" rel=\"nofollow noopener\" target=\"_blank\">https:\/\/is.gd\/ZnXiRa<\/a>.<\/p>\n<\/div>\n<p>O post <a rel=\"nofollow noopener\" href=\"https:\/\/wscom.com.br\/pessoas-com-autismo-e-down-terao-lei-que-os-protege-de-poluicao-sonora-em-joao-pessoa\/\" target=\"_blank\">Pessoas com autismo e Down ter\u00e3o lei que os protege de polui\u00e7\u00e3o sonora em Jo\u00e3o Pessoa<\/a> apareceu primeiro em <a rel=\"nofollow noopener\" href=\"https:\/\/wscom.com.br\/\" target=\"_blank\">WSCOM<\/a>.<\/p>\n","protected":false},"excerpt":{"rendered":"<p>Em tramita\u00e7\u00e3o na C\u00e2mara Municipal de Jo\u00e3o Pessoa (CMJP), o Projeto de Lei Ordin\u00e1ria (PLO) 1.658\/2023, de autoria do vereador Marmuthe Cavalcanti (Republicanos), limita \u00e0 dist\u00e2ncia para emiss\u00e3o de sons e ru\u00eddos que prejudiquem o bem-estar das pessoas com Transtorno do Espectro Autista e S\u00edndrome de Down, em espa\u00e7os p\u00fablicos de Jo\u00e3o Pessoa. Segundo a [\u2026]<\/p>\n<p>O post <a rel=\"nofollow\" href=\"https:\/\/wscom.com.br\/pessoas-com-autismo-e-down-terao-lei-que-os-protege-de-poluicao-sonora-em-joao-pessoa\/\">Pessoas com autismo e Down ter\u00e3o lei que os protege de polui\u00e7\u00e3o sonora em Jo\u00e3o Pessoa<\/a> apareceu primeiro em <a rel=\"nofollow\" href=\"https:\/\/wscom.com.br\/\">WSCOM<\/a>.<\/p>\n","protected":false},"author":49,"featured_media":0,"comment_status":"closed","ping_status":"closed","sticky":false,"template":"","format":"standard","meta":{"advgb_blocks_editor_width":"","advgb_blocks_columns_visual_guide":"","footnotes":""},"categories":[8810,34,71,8811,47,8812],"tags":[35],"class_list":["post-33329","post","type-post","status-publish","format-standard","hentry","category-emissao-de-sons-e-ruidos","category-g1","category-joao-pessoa","category-pessoas-com-autismo-e-down","category-politica","category-poluicao-sonora","tag-g1"],"author_meta":{"display_name":"Cristiane Cavalcante","author_link":"https:\/\/sindaopcpb.org.br\/author\/cristiane-cavalcante\/"},"featured_img":null,"coauthors":[],"tax_additional":{"categories":{"linked":["<a href=\"https:\/\/sindaopcpb.org.br\/emissao-de-sons-e-ruidos\/\" class=\"advgb-post-tax-term\">emiss\u00e3o de sons e ru\u00eddos<\/a>","<a href=\"https:\/\/sindaopcpb.org.br\/g1\/\" class=\"advgb-post-tax-term\">G1<\/a>","<a href=\"https:\/\/sindaopcpb.org.br\/joao-pessoa\/\" class=\"advgb-post-tax-term\">Jo\u00e3o Pessoa<\/a>","<a href=\"https:\/\/sindaopcpb.org.br\/pessoas-com-autismo-e-down\/\" class=\"advgb-post-tax-term\">Pessoas com autismo e Down<\/a>","<a href=\"https:\/\/sindaopcpb.org.br\/politica\/\" class=\"advgb-post-tax-term\">POLITICA<\/a>","<a href=\"https:\/\/sindaopcpb.org.br\/poluicao-sonora\/\" class=\"advgb-post-tax-term\">POLUI\u00c7\u00c3O SONORA<\/a>"],"unlinked":["<span class=\"advgb-post-tax-term\">emiss\u00e3o de sons e ru\u00eddos<\/span>","<span class=\"advgb-post-tax-term\">G1<\/span>","<span class=\"advgb-post-tax-term\">Jo\u00e3o Pessoa<\/span>","<span class=\"advgb-post-tax-term\">Pessoas com autismo e Down<\/span>","<span class=\"advgb-post-tax-term\">POLITICA<\/span>","<span class=\"advgb-post-tax-term\">POLUI\u00c7\u00c3O SONORA<\/span>"]},"tags":{"linked":["<a href=\"https:\/\/sindaopcpb.org.br\/poluicao-sonora\/\" class=\"advgb-post-tax-term\">g1<\/a>"],"unlinked":["<span class=\"advgb-post-tax-term\">g1<\/span>"]}},"comment_count":"0","relative_dates":{"created":"Publicado 3 anos atr\u00e1s","modified":"Atualizado 3 anos atr\u00e1s"},"absolute_dates":{"created":"Publicado em 7 de setembro de 2023","modified":"Atualizado em 7 de setembro de 2023"},"absolute_dates_time":{"created":"Publicado em 7 de setembro de 2023 12:12","modified":"Atualizado em 7 de setembro de 2023 12:12"},"featured_img_caption":"","series_order":"","_links":{"self":[{"href":"https:\/\/sindaopcpb.org.br\/index.php\/wp-json\/wp\/v2\/posts\/33329","targetHints":{"allow":["GET"]}}],"collection":[{"href":"https:\/\/sindaopcpb.org.br\/index.php\/wp-json\/wp\/v2\/posts"}],"about":[{"href":"https:\/\/sindaopcpb.org.br\/index.php\/wp-json\/wp\/v2\/types\/post"}],"author":[{"embeddable":true,"href":"https:\/\/sindaopcpb.org.br\/index.php\/wp-json\/wp\/v2\/users\/49"}],"replies":[{"embeddable":true,"href":"https:\/\/sindaopcpb.org.br\/index.php\/wp-json\/wp\/v2\/comments?post=33329"}],"version-history":[{"count":1,"href":"https:\/\/sindaopcpb.org.br\/index.php\/wp-json\/wp\/v2\/posts\/33329\/revisions"}],"predecessor-version":[{"id":33330,"href":"https:\/\/sindaopcpb.org.br\/index.php\/wp-json\/wp\/v2\/posts\/33329\/revisions\/33330"}],"wp:attachment":[{"href":"https:\/\/sindaopcpb.org.br\/index.php\/wp-json\/wp\/v2\/media?parent=33329"}],"wp:term":[{"taxonomy":"category","embeddable":true,"href":"https:\/\/sindaopcpb.org.br\/index.php\/wp-json\/wp\/v2\/categories?post=33329"},{"taxonomy":"post_tag","embeddable":true,"href":"https:\/\/sindaopcpb.org.br\/index.php\/wp-json\/wp\/v2\/tags?post=33329"}],"curies":[{"name":"wp","href":"https:\/\/api.w.org\/{rel}","templated":true}]}}