{"id":33321,"date":"2023-09-07T09:47:10","date_gmt":"2023-09-07T12:47:10","guid":{"rendered":"https:\/\/wpa.wscom.com.br\/?p=921838"},"modified":"2023-09-07T09:47:10","modified_gmt":"2023-09-07T12:47:10","slug":"tce-concede-prazo-ao-estado-para-regulamentar-gratificacoes-do-sus","status":"publish","type":"post","link":"https:\/\/sindaopcpb.org.br\/index.php\/2023\/09\/07\/tce-concede-prazo-ao-estado-para-regulamentar-gratificacoes-do-sus\/","title":{"rendered":"TCE concede prazo ao Estado para regulamentar gratifica\u00e7\u00f5es do SUS"},"content":{"rendered":"<p>Reunido em sess\u00e3o ordin\u00e1ria h\u00edbrida, nesta quarta-feira (06), o Pleno do Tribunal de Contas do Estado decidiu assinar prazo de 30 dias para que o Governador Jo\u00e3o Azev\u00eado Lins Filho, encaminhe ao \u00f3rg\u00e3o fiscalizador, a regulamenta\u00e7\u00e3o dos pagamentos de gratifica\u00e7\u00f5es de produtividade do SUS e dos plant\u00f5es m\u00e9dicos pagos pelo Estado, para fins de comprova\u00e7\u00e3o da legalidade dos procedimentos, tendo em vista distor\u00e7\u00f5es nos empenhos pagos e excessos de despesas, conforme ficou constatado em Inspe\u00e7\u00e3o Especial realizada na Secretaria de Estado da Sa\u00fade, envolvendo os exerc\u00edcios de 2020 e 2021 (proc. n\u00ba 05976\/22).<\/p>\n<p>O Colegiado acompanhou o voto do relator, conselheiro Andr\u00e9 Carlo Torres Pontes, ao constatar a inexist\u00eancia de instrumento apropriado, contendo, no m\u00ednimo, par\u00e2metros, crit\u00e9rios e condi\u00e7\u00f5es para a classifica\u00e7\u00e3o de vantagens, que permite avaliar a legalidade dos pagamentos das gratifica\u00e7\u00f5es e demais incentivos de desempenho e plant\u00f5es extras aos beneficiados. A decis\u00e3o ser\u00e1 encaminhada ao Poder Legislativo e \u00e0s promotorias de Justi\u00e7a, devendo ser tamb\u00e9m anexada \u00e0s respectivas contas anuais da Secretaria de Estado da Sa\u00fade para subs\u00eddio e an\u00e1lise.<\/p>\n<p>A Corte ainda aprovou as contas anuais de 2021 das prefeituras de Sobrado, Riach\u00e3o do Po\u00e7o, S\u00e3o Jo\u00e3o do Tigre, Serra Branca, Bara\u00fana, Quixaba, Paulista e Barra de Santana, bem como as de Caapor\u00e3, relativas a 2020. Ap\u00f3s o provimento do recurso, tamb\u00e9m foram julgadas regulares as contas de Ba\u00eda da Trai\u00e7\u00e3o (2020).<\/p>\n<p><b>Pesar<\/b>\u00a0\u2013 O Pleno do Tribunal de Contas aprovou \u201cVoto de Pesar\u201d em raz\u00e3o do falecimento do advogado Guilherme Ben\u00edcio de Castro Neto, secret\u00e1rio legislativo da Assembl\u00e9ia Legislativa, ocorrido no \u00faltimo s\u00e1bado (02). Ele foi v\u00edtima de um acidente n\u00e1utico. A propositura foi feita pelo presidente Nominando Diniz Filho. O conselheiro Ant\u00f4nio Gomes Vieira Filho, ao lamentar o ocorrido, lembrou os contatos que manteve com Guilherme, quando esteve naquele Poder, por ocasi\u00e3o da sabatina que lhe credenciou ao cargo de conselheiro do TCE.<\/p>\n<p>Sob a presid\u00eancia do conselheiro Nominando Diniz Filho, o Pleno do TCE realizou sua 2414\u00aa sess\u00e3o ordin\u00e1ria. Estiveram presentes os conselheiros Arn\u00f3bio Alves Viana, Fernando Rodrigues Cat\u00e3o, Andr\u00e9 Carlo Torres Pontes e Ant\u00f4nio Gomes Vieira Filho. Tamb\u00e9m dos conselheiros substitutos Oscar Mamede Santiago Melo (No exerc\u00edcio da titularidade), Ant\u00f4nio Cl\u00e1udio Silva Santos e Renato Sergio Santiago Melo. Pelo Minist\u00e9rio P\u00fablico de Contas atuou o procurador Manoel Ant\u00f4nio dos Santos Neto.<\/p>\n<p>O post <a rel=\"nofollow noopener\" href=\"https:\/\/wscom.com.br\/tce-concede-prazo-ao-estado-para-regulamentar-gratificacoes-do-sus\/\" target=\"_blank\">TCE concede prazo ao Estado para regulamentar gratifica\u00e7\u00f5es do SUS<\/a> apareceu primeiro em <a rel=\"nofollow noopener\" href=\"https:\/\/wscom.com.br\/\" target=\"_blank\">WSCOM<\/a>.<\/p>\n","protected":false},"excerpt":{"rendered":"<p>Reunido em sess\u00e3o ordin\u00e1ria h\u00edbrida, nesta quarta-feira (06), o Pleno do Tribunal de Contas do Estado decidiu assinar prazo de 30 dias para que o Governador Jo\u00e3o Azev\u00eado Lins Filho, encaminhe ao \u00f3rg\u00e3o fiscalizador, a regulamenta\u00e7\u00e3o dos pagamentos de gratifica\u00e7\u00f5es de produtividade do SUS e dos plant\u00f5es m\u00e9dicos pagos pelo Estado, para fins de comprova\u00e7\u00e3o [\u2026]<\/p>\n<p>O post <a rel=\"nofollow\" href=\"https:\/\/wscom.com.br\/tce-concede-prazo-ao-estado-para-regulamentar-gratificacoes-do-sus\/\">TCE concede prazo ao Estado para regulamentar gratifica\u00e7\u00f5es do SUS<\/a> apareceu primeiro em <a rel=\"nofollow\" href=\"https:\/\/wscom.com.br\/\">WSCOM<\/a>.<\/p>\n","protected":false},"author":49,"featured_media":0,"comment_status":"closed","ping_status":"closed","sticky":false,"template":"","format":"standard","meta":{"advgb_blocks_editor_width":"","advgb_blocks_columns_visual_guide":"","footnotes":""},"categories":[34,406,8803,54,718],"tags":[35],"class_list":["post-33321","post","type-post","status-publish","format-standard","hentry","category-g1","category-governador-joao-azevedo","category-gratificacoes-do-sus","category-paraiba","category-tce-pb","tag-g1"],"author_meta":{"display_name":"Cristiane Cavalcante","author_link":"https:\/\/sindaopcpb.org.br\/author\/cristiane-cavalcante\/"},"featured_img":null,"coauthors":[],"tax_additional":{"categories":{"linked":["<a href=\"https:\/\/sindaopcpb.org.br\/g1\/\" class=\"advgb-post-tax-term\">G1<\/a>","<a href=\"https:\/\/sindaopcpb.org.br\/governador-joao-azevedo\/\" class=\"advgb-post-tax-term\">governador Jo\u00e3o azev\u00eado<\/a>","<a href=\"https:\/\/sindaopcpb.org.br\/gratificacoes-do-sus\/\" class=\"advgb-post-tax-term\">gratifica\u00e7\u00f5es do SUS<\/a>","<a href=\"https:\/\/sindaopcpb.org.br\/paraiba\/\" class=\"advgb-post-tax-term\">Para\u00edba<\/a>","<a href=\"https:\/\/sindaopcpb.org.br\/tce-pb\/\" class=\"advgb-post-tax-term\">TCE-PB<\/a>"],"unlinked":["<span class=\"advgb-post-tax-term\">G1<\/span>","<span class=\"advgb-post-tax-term\">governador Jo\u00e3o azev\u00eado<\/span>","<span class=\"advgb-post-tax-term\">gratifica\u00e7\u00f5es do SUS<\/span>","<span class=\"advgb-post-tax-term\">Para\u00edba<\/span>","<span class=\"advgb-post-tax-term\">TCE-PB<\/span>"]},"tags":{"linked":["<a href=\"https:\/\/sindaopcpb.org.br\/tce-pb\/\" class=\"advgb-post-tax-term\">g1<\/a>"],"unlinked":["<span class=\"advgb-post-tax-term\">g1<\/span>"]}},"comment_count":"0","relative_dates":{"created":"Publicado 3 anos atr\u00e1s","modified":"Atualizado 3 anos atr\u00e1s"},"absolute_dates":{"created":"Publicado em 7 de setembro de 2023","modified":"Atualizado em 7 de setembro de 2023"},"absolute_dates_time":{"created":"Publicado em 7 de setembro de 2023 09:47","modified":"Atualizado em 7 de setembro de 2023 09:47"},"featured_img_caption":"","series_order":"","_links":{"self":[{"href":"https:\/\/sindaopcpb.org.br\/index.php\/wp-json\/wp\/v2\/posts\/33321","targetHints":{"allow":["GET"]}}],"collection":[{"href":"https:\/\/sindaopcpb.org.br\/index.php\/wp-json\/wp\/v2\/posts"}],"about":[{"href":"https:\/\/sindaopcpb.org.br\/index.php\/wp-json\/wp\/v2\/types\/post"}],"author":[{"embeddable":true,"href":"https:\/\/sindaopcpb.org.br\/index.php\/wp-json\/wp\/v2\/users\/49"}],"replies":[{"embeddable":true,"href":"https:\/\/sindaopcpb.org.br\/index.php\/wp-json\/wp\/v2\/comments?post=33321"}],"version-history":[{"count":1,"href":"https:\/\/sindaopcpb.org.br\/index.php\/wp-json\/wp\/v2\/posts\/33321\/revisions"}],"predecessor-version":[{"id":33322,"href":"https:\/\/sindaopcpb.org.br\/index.php\/wp-json\/wp\/v2\/posts\/33321\/revisions\/33322"}],"wp:attachment":[{"href":"https:\/\/sindaopcpb.org.br\/index.php\/wp-json\/wp\/v2\/media?parent=33321"}],"wp:term":[{"taxonomy":"category","embeddable":true,"href":"https:\/\/sindaopcpb.org.br\/index.php\/wp-json\/wp\/v2\/categories?post=33321"},{"taxonomy":"post_tag","embeddable":true,"href":"https:\/\/sindaopcpb.org.br\/index.php\/wp-json\/wp\/v2\/tags?post=33321"}],"curies":[{"name":"wp","href":"https:\/\/api.w.org\/{rel}","templated":true}]}}