{"id":33306,"date":"2023-09-07T09:13:08","date_gmt":"2023-09-07T12:13:08","guid":{"rendered":"https:\/\/wpa.wscom.com.br\/?p=921830"},"modified":"2023-09-07T09:13:08","modified_gmt":"2023-09-07T12:13:08","slug":"com-31-mortos-rio-grande-do-sul-entra-em-estado-de-calamidade-publica-fab-enviou-missoes-de-resgate-nesta-quinta","status":"publish","type":"post","link":"https:\/\/sindaopcpb.org.br\/index.php\/2023\/09\/07\/com-31-mortos-rio-grande-do-sul-entra-em-estado-de-calamidade-publica-fab-enviou-missoes-de-resgate-nesta-quinta\/","title":{"rendered":"Com 31 mortos, Rio Grande do Sul entra em estado de calamidade p\u00fablica; FAB enviou miss\u00f5es de resgate nesta quinta"},"content":{"rendered":"<p class=\"texto\">O governador do Rio Grande do Sul, Eduardo Leite (PSDB), anunciou, nesta quarta-feira (6), que decretar\u00e1 estado de calamidade p\u00fablica por causa das fortes chuvas provocadas pela passagem de um ciclone extratropical, nesta semana. Em entrevista, Leite informou que at\u00e9 o in\u00edcio da tarde, 31 pessoas morreram e h\u00e1 mais de 3 mil desalojados e 1,6 mil desabrigados no estado. Ao todo, 50 mil ga\u00fachos foram afetados pelo fen\u00f4meno extremo. Dois ministros foram a Porto Alegre para acompanhar os trabalhos de resgate, a pedido do presidente Luiz In\u00e1cio Lula da Silva (PT).<\/p>\n<div id=\"cb-publicidade-retangulo-interna-1\" class=\"pub-ret\" data-google-query-id=\"CN61nv66mIEDFXVWuAQdj_0IkA\">\n<div id=\"google_ads_iframe_\/6887\/portal-correioweb\/correiobraziliense-com-br\/brasil\/internas_9__container__\">\n<div id=\"google_ads_iframe_\/6887\/portal-correioweb\/correiobraziliense-com-br\/brasil\/internas_9\" class=\"clever-core-ads\" tabindex=\"0\" title=\"3rd party ad content\" role=\"region\" aria-label=\"Advertisement\" data-load-complete=\"true\" data-google-container-id=\"9\">&#8220;\u00c9\u00a0a maior trag\u00e9dia natural que se tem registro no Rio Grande do Sul&#8221;, afirmou Leite. O ministro de Comunica\u00e7\u00e3o da Presid\u00eancia, Paulo Pimenta, tamb\u00e9m ga\u00facho, concordou com o governador e disse que nunca tinha visto um &#8220;evento clim\u00e1tico t\u00e3o violento, t\u00e3o grave&#8221;.<\/div>\n<div tabindex=\"0\" title=\"3rd party ad content\" role=\"region\" aria-label=\"Advertisement\" data-load-complete=\"true\" data-google-container-id=\"9\">\n<p class=\"texto\">Por causa das enchentes, o governador tamb\u00e9m decidiu cancelar todos os desfiles c\u00edvico-militares em comemora\u00e7\u00e3o \u00e0 Independ\u00eancia do pa\u00eds, na quinta-feira (7\/9). &#8220;A melhor forma de homenagear a P\u00e1tria e o cidad\u00e3o brasileiro \u00e9 todos trabalharem para ajudar essa sociedade que\u00a0est\u00e1 sofrendo muito nesse momento&#8221; declarou.<\/p>\n<p class=\"texto\">Em rela\u00e7\u00e3o \u00e0s verbas p\u00fablicas, o ministro da Integra\u00e7\u00e3o e Desenvolvimento Regional, Waldez G\u00f3es, garantiu assist\u00eancia federal. &#8220;Se\u00a0o dinheiro que\u00a0n\u00f3s temos n\u00e3o for suficiente, eu e Pimenta comunicaremos o presidente Lula e pediremos mais, n\u00e3o faltar\u00e1 para ningu\u00e9m&#8221;, assegurou. Leite reiterou a fala do ministro e comentou que as fam\u00edlia mais vulner\u00e1veis ter\u00e3o direito ao programa Volta por cima, que libera at\u00e9 R$ 2,5 mil para pessoas inscritas no Cadastro \u00danico para Programas Sociais (Cad\u00danico).<\/p>\n<p class=\"texto\">O governador ga\u00facho alertou que ainda h\u00e1 previs\u00e3o de chuva forte no estado e que enchentes, deslizamentos e desabamentos podem ser registrados. &#8220;Por maior que seja a ajuda dos governos vai ser pouco pelo tamanho do estrago que aconteceu&#8221;, disse ao deputado federal Heitor Schuch (PSB-RS) sobre o desastre. Em Santa Catarina, pelo menos uma pessoa morreu em decorr\u00eancia dos temporais.<\/p>\n<h3>Ajuda da FAB<\/h3>\n<p class=\"texto\">Por meio de uma nota divulgada nesta quarta-feira (7), a For\u00e7a A\u00e9rea Brasileira (FAB) apontou que ir\u00e1 auxiliar miss\u00f5es no Rio Grande do Sul em resgates dos atingidos pelas chuvas. Leia a nota na \u00edntegra:<\/p>\n<p class=\"texto\">&#8220;<em>Sob a coordena\u00e7\u00e3o do Minist\u00e9rio da Defesa, a For\u00e7a A\u00e9rea Brasileira (FAB) foi acionada, na ter\u00e7a-feira (05\/09), juntamente com a Marinha do Brasil e o Ex\u00e9rcito Brasileiro, para auxiliar no resgate dos atingidos pela enchente que assola a popula\u00e7\u00e3o da regi\u00e3o do Vale do Taquari, no Rio Grande do Sul (RS), em raz\u00e3o da passagem de um ciclone extratropical pela regi\u00e3o Sul do Brasil.<\/em><\/p>\n<p class=\"texto\"><em>Para ajudar na miss\u00e3o, a FAB colocou \u00e0 disposi\u00e7\u00e3o dois helic\u00f3pteros H-60 Black Hawk, do Esquadr\u00e3o Pantera, sediado em Santa Maria (RS), que atua em Lajeado. As opera\u00e7\u00f5es tiveram in\u00edcio durante a tarde de ontem e se estenderam durante a noite e madrugada com a utiliza\u00e7\u00e3o de \u00f3culos de vis\u00e3o noturna (NVG). At\u00e9 o momento, 29 pessoas foram resgatadas com seguran\u00e7a pela For\u00e7a A\u00e9rea. Outra aeronave, um H-36 Caracal do Esquadr\u00e3o Puma, sediado no Rio de Janeiro (RJ), ser\u00e1 engajada na miss\u00e3o, que segue durante esta quarta-feira (06\/09)<\/em>&#8220;.<\/p>\n<\/div>\n<\/div>\n<\/div>\n<p>O post <a rel=\"nofollow noopener\" href=\"https:\/\/wscom.com.br\/com-31-mortos-rio-grande-do-sul-entra-em-estado-de-calamidade-publica-fab-enviou-missoes-de-resgate-nesta-quinta\/\" target=\"_blank\">Com 31 mortos, Rio Grande do Sul entra em estado de calamidade p\u00fablica; FAB enviou miss\u00f5es de resgate nesta quinta<\/a> apareceu primeiro em <a rel=\"nofollow noopener\" href=\"https:\/\/wscom.com.br\/\" target=\"_blank\">WSCOM<\/a>.<\/p>\n","protected":false},"excerpt":{"rendered":"<p>O governador do Rio Grande do Sul, Eduardo Leite (PSDB), anunciou, nesta quarta-feira (6), que decretar\u00e1 estado de calamidade p\u00fablica por causa das fortes chuvas provocadas pela passagem de um ciclone extratropical, nesta semana. Em entrevista, Leite informou que at\u00e9 o in\u00edcio da tarde, 31 pessoas morreram e h\u00e1 mais de 3 mil desalojados e [\u2026]<\/p>\n<p>O post <a rel=\"nofollow\" href=\"https:\/\/wscom.com.br\/com-31-mortos-rio-grande-do-sul-entra-em-estado-de-calamidade-publica-fab-enviou-missoes-de-resgate-nesta-quinta\/\">Com 31 mortos, Rio Grande do Sul entra em estado de calamidade p\u00fablica; FAB enviou miss\u00f5es de resgate nesta quinta<\/a> apareceu primeiro em <a rel=\"nofollow\" href=\"https:\/\/wscom.com.br\/\">WSCOM<\/a>.<\/p>\n","protected":false},"author":49,"featured_media":0,"comment_status":"closed","ping_status":"closed","sticky":false,"template":"","format":"standard","meta":{"advgb_blocks_editor_width":"","advgb_blocks_columns_visual_guide":"","footnotes":""},"categories":[115,5496,34,3017],"tags":[35],"class_list":["post-33306","post","type-post","status-publish","format-standard","hentry","category-brasil","category-eduardo-leite","category-g1","category-rio-grande-do-sul","tag-g1"],"author_meta":{"display_name":"Cristiane Cavalcante","author_link":"https:\/\/sindaopcpb.org.br\/author\/cristiane-cavalcante\/"},"featured_img":null,"coauthors":[],"tax_additional":{"categories":{"linked":["<a href=\"https:\/\/sindaopcpb.org.br\/brasil\/\" class=\"advgb-post-tax-term\">Brasil<\/a>","<a href=\"https:\/\/sindaopcpb.org.br\/eduardo-leite\/\" class=\"advgb-post-tax-term\">Eduardo Leite<\/a>","<a href=\"https:\/\/sindaopcpb.org.br\/g1\/\" class=\"advgb-post-tax-term\">G1<\/a>","<a href=\"https:\/\/sindaopcpb.org.br\/rio-grande-do-sul\/\" class=\"advgb-post-tax-term\">Rio Grande do Sul<\/a>"],"unlinked":["<span class=\"advgb-post-tax-term\">Brasil<\/span>","<span class=\"advgb-post-tax-term\">Eduardo Leite<\/span>","<span class=\"advgb-post-tax-term\">G1<\/span>","<span class=\"advgb-post-tax-term\">Rio Grande do Sul<\/span>"]},"tags":{"linked":["<a href=\"https:\/\/sindaopcpb.org.br\/rio-grande-do-sul\/\" class=\"advgb-post-tax-term\">g1<\/a>"],"unlinked":["<span class=\"advgb-post-tax-term\">g1<\/span>"]}},"comment_count":"0","relative_dates":{"created":"Publicado 3 anos atr\u00e1s","modified":"Atualizado 3 anos atr\u00e1s"},"absolute_dates":{"created":"Publicado em 7 de setembro de 2023","modified":"Atualizado em 7 de setembro de 2023"},"absolute_dates_time":{"created":"Publicado em 7 de setembro de 2023 09:13","modified":"Atualizado em 7 de setembro de 2023 09:13"},"featured_img_caption":"","series_order":"","_links":{"self":[{"href":"https:\/\/sindaopcpb.org.br\/index.php\/wp-json\/wp\/v2\/posts\/33306","targetHints":{"allow":["GET"]}}],"collection":[{"href":"https:\/\/sindaopcpb.org.br\/index.php\/wp-json\/wp\/v2\/posts"}],"about":[{"href":"https:\/\/sindaopcpb.org.br\/index.php\/wp-json\/wp\/v2\/types\/post"}],"author":[{"embeddable":true,"href":"https:\/\/sindaopcpb.org.br\/index.php\/wp-json\/wp\/v2\/users\/49"}],"replies":[{"embeddable":true,"href":"https:\/\/sindaopcpb.org.br\/index.php\/wp-json\/wp\/v2\/comments?post=33306"}],"version-history":[{"count":1,"href":"https:\/\/sindaopcpb.org.br\/index.php\/wp-json\/wp\/v2\/posts\/33306\/revisions"}],"predecessor-version":[{"id":33307,"href":"https:\/\/sindaopcpb.org.br\/index.php\/wp-json\/wp\/v2\/posts\/33306\/revisions\/33307"}],"wp:attachment":[{"href":"https:\/\/sindaopcpb.org.br\/index.php\/wp-json\/wp\/v2\/media?parent=33306"}],"wp:term":[{"taxonomy":"category","embeddable":true,"href":"https:\/\/sindaopcpb.org.br\/index.php\/wp-json\/wp\/v2\/categories?post=33306"},{"taxonomy":"post_tag","embeddable":true,"href":"https:\/\/sindaopcpb.org.br\/index.php\/wp-json\/wp\/v2\/tags?post=33306"}],"curies":[{"name":"wp","href":"https:\/\/api.w.org\/{rel}","templated":true}]}}