{"id":33278,"date":"2023-09-06T18:54:08","date_gmt":"2023-09-06T21:54:08","guid":{"rendered":"https:\/\/wpa.wscom.com.br\/?p=921804"},"modified":"2023-09-06T18:54:08","modified_gmt":"2023-09-06T21:54:08","slug":"romaria-da-penha-prefeitura-de-jp-define-planejamento-logistico-para-evento-religioso-em-reuniao-com-o-reitor-do-santuario","status":"publish","type":"post","link":"https:\/\/sindaopcpb.org.br\/index.php\/2023\/09\/06\/romaria-da-penha-prefeitura-de-jp-define-planejamento-logistico-para-evento-religioso-em-reuniao-com-o-reitor-do-santuario\/","title":{"rendered":"Romaria da Penha: Prefeitura de JP define planejamento log\u00edstico para evento religioso em reuni\u00e3o com o reitor do Santu\u00e1rio"},"content":{"rendered":"<p>A Prefeitura de Jo\u00e3o Pessoa deu in\u00edcio, nesta quarta-feira (06), ao planejamento log\u00edstico e operacional para a 260\u00aa edi\u00e7\u00e3o da Romaria de Nossa Senhora da Penha, que ocorrer\u00e1 entre os dias 18 e 26 de novembro. A reuni\u00e3o, no Centro Administrativo Municipal (CAM), em \u00c1gua Fria, com representantes de diversas secretarias municipais e o Monsenhor Nereudo Freire, reitor do Santu\u00e1rio da Penha, discutiu a estrutura e todo o suporte que ser\u00e1 fornecido ao evento. Este ano, a Romaria tem como tema \u2018Senhora da Penha, ajudai-nos a repartir o p\u00e3o como sinal de gra\u00e7a e miss\u00e3o\u2019.<\/p>\n<p>O encontro contou com representantes das Secretarias de Gest\u00e3o Governamental e Articula\u00e7\u00e3o Pol\u00edtica (Seggov), Infraestrutura (Seinfra), Sa\u00fade (SMS), Desenvolvimento Urbano (Sedurb), Seguran\u00e7a Urbana e Cidadania (Semusb), Mobilidade Urbana (Semob), Meio Ambiente (Semam) e Turismo (Setur), al\u00e9m da Funda\u00e7\u00e3o Cultural de Jo\u00e3o Pessoa (Funjope) e a Autarquia Especial Municipal de Limpeza Urbana (Emlur).<\/p>\n<p>O secret\u00e1rio de Gest\u00e3o Governamental e Articula\u00e7\u00e3o Pol\u00edtica, Diego Tavares, disse que a festividade religiosa \u00e9 o segundo evento religioso mais importante do pa\u00eds, perdendo apenas para o S\u00edrio de Nazar\u00e9, e a Prefeitura n\u00e3o apenas oferece o apoio log\u00edstico e operacional, mas participa direta e ativamente no planejamento e na sua organiza\u00e7\u00e3o, colaborando com a Arquidiocese da Para\u00edba.<\/p>\n<p>\u201cA determina\u00e7\u00e3o do prefeito C\u00edcero Lucena \u00e9 que possamos oferecer toda a estrutura para que a festividade religiosa possa ser cada vez melhor ano ap\u00f3s ano, entendendo que a Romaria da Penha, al\u00e9m de uma grande express\u00e3o de f\u00e9, tamb\u00e9m \u00e9 um dos mais importantes eventos do nosso calend\u00e1rio tur\u00edstico e manifesta\u00e7\u00e3o cultural da maior import\u00e2ncia para Jo\u00e3o Pessoa e a Para\u00edba\u201d, destacou.<\/p>\n<figure class=\"wp-block-gallery has-nested-images columns-default is-cropped wp-block-gallery-3 is-layout-flex\">\n<figure class=\"wp-block-image size-large\"><\/figure>\n<figure class=\"wp-block-image size-large\"><img decoding=\"async\" loading=\"lazy\" class=\"wp-image-324902\" src=\"https:\/\/www.joaopessoa.pb.gov.br\/wp-content\/uploads\/2023\/09\/Reuniao_Romaria-2-1024x682.jpeg\" sizes=\"auto, (max-width: 1024px) 100vw, 1024px\" srcset=\"https:\/\/www.joaopessoa.pb.gov.br\/wp-content\/uploads\/2023\/09\/Reuniao_Romaria-2-1024x682.jpeg 1024w, https:\/\/www.joaopessoa.pb.gov.br\/wp-content\/uploads\/2023\/09\/Reuniao_Romaria-2-768x512.jpeg 768w, https:\/\/www.joaopessoa.pb.gov.br\/wp-content\/uploads\/2023\/09\/Reuniao_Romaria-2-1536x1023.jpeg 1536w, https:\/\/www.joaopessoa.pb.gov.br\/wp-content\/uploads\/2023\/09\/Reuniao_Romaria-2-600x400.jpeg 600w, https:\/\/www.joaopessoa.pb.gov.br\/wp-content\/uploads\/2023\/09\/Reuniao_Romaria-2.jpeg 1600w\" alt=\"\" width=\"1024\" height=\"682\" data-id=\"324902\" title=\"\"><\/figure>\n<figure class=\"wp-block-image size-large\"><img decoding=\"async\" loading=\"lazy\" class=\"wp-image-324903\" src=\"https:\/\/www.joaopessoa.pb.gov.br\/wp-content\/uploads\/2023\/09\/Reuniao_Romaria-3-1024x682.jpeg\" sizes=\"auto, (max-width: 1024px) 100vw, 1024px\" srcset=\"https:\/\/www.joaopessoa.pb.gov.br\/wp-content\/uploads\/2023\/09\/Reuniao_Romaria-3-1024x682.jpeg 1024w, https:\/\/www.joaopessoa.pb.gov.br\/wp-content\/uploads\/2023\/09\/Reuniao_Romaria-3-768x512.jpeg 768w, https:\/\/www.joaopessoa.pb.gov.br\/wp-content\/uploads\/2023\/09\/Reuniao_Romaria-3-1536x1023.jpeg 1536w, https:\/\/www.joaopessoa.pb.gov.br\/wp-content\/uploads\/2023\/09\/Reuniao_Romaria-3-600x400.jpeg 600w, https:\/\/www.joaopessoa.pb.gov.br\/wp-content\/uploads\/2023\/09\/Reuniao_Romaria-3.jpeg 1600w\" alt=\"\" width=\"1024\" height=\"682\" data-id=\"324903\" title=\"\"><\/figure>\n<figure class=\"wp-block-image size-large\"><img decoding=\"async\" loading=\"lazy\" class=\"wp-image-324904\" src=\"https:\/\/www.joaopessoa.pb.gov.br\/wp-content\/uploads\/2023\/09\/Reuniao_Romaria-4-1024x682.jpeg\" sizes=\"auto, (max-width: 1024px) 100vw, 1024px\" srcset=\"https:\/\/www.joaopessoa.pb.gov.br\/wp-content\/uploads\/2023\/09\/Reuniao_Romaria-4-1024x682.jpeg 1024w, https:\/\/www.joaopessoa.pb.gov.br\/wp-content\/uploads\/2023\/09\/Reuniao_Romaria-4-768x512.jpeg 768w, https:\/\/www.joaopessoa.pb.gov.br\/wp-content\/uploads\/2023\/09\/Reuniao_Romaria-4-1536x1023.jpeg 1536w, https:\/\/www.joaopessoa.pb.gov.br\/wp-content\/uploads\/2023\/09\/Reuniao_Romaria-4-600x400.jpeg 600w, https:\/\/www.joaopessoa.pb.gov.br\/wp-content\/uploads\/2023\/09\/Reuniao_Romaria-4.jpeg 1600w\" alt=\"\" width=\"1024\" height=\"682\" data-id=\"324904\" title=\"\"><\/figure>\n<figure class=\"wp-block-image size-large\"><img decoding=\"async\" loading=\"lazy\" class=\"wp-image-324905\" src=\"https:\/\/www.joaopessoa.pb.gov.br\/wp-content\/uploads\/2023\/09\/Reuniao_Romaria-1024x682.jpeg\" sizes=\"auto, (max-width: 1024px) 100vw, 1024px\" srcset=\"https:\/\/www.joaopessoa.pb.gov.br\/wp-content\/uploads\/2023\/09\/Reuniao_Romaria-1024x682.jpeg 1024w, https:\/\/www.joaopessoa.pb.gov.br\/wp-content\/uploads\/2023\/09\/Reuniao_Romaria-768x512.jpeg 768w, https:\/\/www.joaopessoa.pb.gov.br\/wp-content\/uploads\/2023\/09\/Reuniao_Romaria-1536x1023.jpeg 1536w, https:\/\/www.joaopessoa.pb.gov.br\/wp-content\/uploads\/2023\/09\/Reuniao_Romaria-600x400.jpeg 600w, https:\/\/www.joaopessoa.pb.gov.br\/wp-content\/uploads\/2023\/09\/Reuniao_Romaria.jpeg 1600w\" alt=\"\" width=\"1024\" height=\"682\" data-id=\"324905\" title=\"\"><\/figure>\n<\/figure>\n<p>Foram discutidas algumas a\u00e7\u00f5es para que o evento religioso cumpra sua finalidade, a exemplo da poda das \u00e1rvores, limpeza, sinaliza\u00e7\u00e3o e isolamento de algumas \u00e1reas da Penha, reloca\u00e7\u00e3o e disposi\u00e7\u00e3o das barracas de comida e bebidas, a fiscaliza\u00e7\u00e3o dos trios el\u00e9tricos, \u00e1rea para assist\u00eancia e primeiros socorros das equipes do Samu, o contato com as for\u00e7as de seguran\u00e7a, sugest\u00e3o de pontos de t\u00e1xi e uber, posicionamento de palco instalado no campo, melhoria na infraestrutura das ruas pr\u00f3xima ao Santu\u00e1rio, bem como o refor\u00e7o na ilumina\u00e7\u00e3o.<\/p>\n<p><strong>Romaria \u2013<\/strong>\u00a0No ano passado, a Romaria de Nossa Senhora da Penha contou com a participa\u00e7\u00e3o de mais de 500 mil pessoas. Fi\u00e9is de diversas regi\u00f5es do Pa\u00eds participaram da caminhada com cerca de 14 quil\u00f4metros, da Igreja de Nossa Senhora de Lourdes, no Centro da Capital, ao Santu\u00e1rio de Nossa Senhora da Penha, na Zona Sul da cidade.<\/p>\n<div class=\"sharedaddy sd-sharing-enabled\">\n<div class=\"robots-nocontent sd-block sd-social sd-social-icon sd-sharing\">\n<h3 class=\"sd-title\"><\/h3>\n<\/div>\n<\/div>\n<p>O post <a rel=\"nofollow noopener\" href=\"https:\/\/wscom.com.br\/romaria-da-penha-prefeitura-de-jp-define-planejamento-logistico-para-evento-religioso-em-reuniao-com-o-reitor-do-santuario\/\" target=\"_blank\">Romaria da Penha: Prefeitura de JP define planejamento log\u00edstico para evento religioso em reuni\u00e3o com o reitor do Santu\u00e1rio<\/a> apareceu primeiro em <a rel=\"nofollow noopener\" href=\"https:\/\/wscom.com.br\/\" target=\"_blank\">WSCOM<\/a>.<\/p>\n","protected":false},"excerpt":{"rendered":"<p>A Prefeitura de Jo\u00e3o Pessoa deu in\u00edcio, nesta quarta-feira (06), ao planejamento log\u00edstico e operacional para a 260\u00aa edi\u00e7\u00e3o da Romaria de Nossa Senhora da Penha, que ocorrer\u00e1 entre os dias 18 e 26 de novembro. A reuni\u00e3o, no Centro Administrativo Municipal (CAM), em \u00c1gua Fria, com representantes de diversas secretarias municipais e o Monsenhor [\u2026]<\/p>\n<p>O post <a rel=\"nofollow\" href=\"https:\/\/wscom.com.br\/romaria-da-penha-prefeitura-de-jp-define-planejamento-logistico-para-evento-religioso-em-reuniao-com-o-reitor-do-santuario\/\">Romaria da Penha: Prefeitura de JP define planejamento log\u00edstico para evento religioso em reuni\u00e3o com o reitor do Santu\u00e1rio<\/a> apareceu primeiro em <a rel=\"nofollow\" href=\"https:\/\/wscom.com.br\/\">WSCOM<\/a>.<\/p>\n","protected":false},"author":49,"featured_media":0,"comment_status":"closed","ping_status":"closed","sticky":false,"template":"","format":"standard","meta":{"advgb_blocks_editor_width":"","advgb_blocks_columns_visual_guide":"","footnotes":""},"categories":[2911,34,71,54,8793],"tags":[35],"class_list":["post-33278","post","type-post","status-publish","format-standard","hentry","category-evento-religioso","category-g1","category-joao-pessoa","category-paraiba","category-romaria-de-nossa-senhora-da-penha","tag-g1"],"author_meta":{"display_name":"Cristiane Cavalcante","author_link":"https:\/\/sindaopcpb.org.br\/author\/cristiane-cavalcante\/"},"featured_img":null,"coauthors":[],"tax_additional":{"categories":{"linked":["<a href=\"https:\/\/sindaopcpb.org.br\/evento-religioso\/\" class=\"advgb-post-tax-term\">evento religioso<\/a>","<a href=\"https:\/\/sindaopcpb.org.br\/g1\/\" class=\"advgb-post-tax-term\">G1<\/a>","<a href=\"https:\/\/sindaopcpb.org.br\/joao-pessoa\/\" class=\"advgb-post-tax-term\">Jo\u00e3o Pessoa<\/a>","<a href=\"https:\/\/sindaopcpb.org.br\/paraiba\/\" class=\"advgb-post-tax-term\">Para\u00edba<\/a>","<a href=\"https:\/\/sindaopcpb.org.br\/romaria-de-nossa-senhora-da-penha\/\" class=\"advgb-post-tax-term\">Romaria de Nossa Senhora da Penha<\/a>"],"unlinked":["<span class=\"advgb-post-tax-term\">evento religioso<\/span>","<span class=\"advgb-post-tax-term\">G1<\/span>","<span class=\"advgb-post-tax-term\">Jo\u00e3o Pessoa<\/span>","<span class=\"advgb-post-tax-term\">Para\u00edba<\/span>","<span class=\"advgb-post-tax-term\">Romaria de Nossa Senhora da Penha<\/span>"]},"tags":{"linked":["<a href=\"https:\/\/sindaopcpb.org.br\/romaria-de-nossa-senhora-da-penha\/\" class=\"advgb-post-tax-term\">g1<\/a>"],"unlinked":["<span class=\"advgb-post-tax-term\">g1<\/span>"]}},"comment_count":"0","relative_dates":{"created":"Publicado 3 anos atr\u00e1s","modified":"Atualizado 3 anos atr\u00e1s"},"absolute_dates":{"created":"Publicado em 6 de setembro de 2023","modified":"Atualizado em 6 de setembro de 2023"},"absolute_dates_time":{"created":"Publicado em 6 de setembro de 2023 18:54","modified":"Atualizado em 6 de setembro de 2023 18:54"},"featured_img_caption":"","series_order":"","_links":{"self":[{"href":"https:\/\/sindaopcpb.org.br\/index.php\/wp-json\/wp\/v2\/posts\/33278","targetHints":{"allow":["GET"]}}],"collection":[{"href":"https:\/\/sindaopcpb.org.br\/index.php\/wp-json\/wp\/v2\/posts"}],"about":[{"href":"https:\/\/sindaopcpb.org.br\/index.php\/wp-json\/wp\/v2\/types\/post"}],"author":[{"embeddable":true,"href":"https:\/\/sindaopcpb.org.br\/index.php\/wp-json\/wp\/v2\/users\/49"}],"replies":[{"embeddable":true,"href":"https:\/\/sindaopcpb.org.br\/index.php\/wp-json\/wp\/v2\/comments?post=33278"}],"version-history":[{"count":1,"href":"https:\/\/sindaopcpb.org.br\/index.php\/wp-json\/wp\/v2\/posts\/33278\/revisions"}],"predecessor-version":[{"id":33279,"href":"https:\/\/sindaopcpb.org.br\/index.php\/wp-json\/wp\/v2\/posts\/33278\/revisions\/33279"}],"wp:attachment":[{"href":"https:\/\/sindaopcpb.org.br\/index.php\/wp-json\/wp\/v2\/media?parent=33278"}],"wp:term":[{"taxonomy":"category","embeddable":true,"href":"https:\/\/sindaopcpb.org.br\/index.php\/wp-json\/wp\/v2\/categories?post=33278"},{"taxonomy":"post_tag","embeddable":true,"href":"https:\/\/sindaopcpb.org.br\/index.php\/wp-json\/wp\/v2\/tags?post=33278"}],"curies":[{"name":"wp","href":"https:\/\/api.w.org\/{rel}","templated":true}]}}