{"id":33276,"date":"2023-09-06T19:17:13","date_gmt":"2023-09-06T22:17:13","guid":{"rendered":"https:\/\/wpa.wscom.com.br\/?p=921809"},"modified":"2023-09-06T19:17:13","modified_gmt":"2023-09-06T22:17:13","slug":"ipec-governo-lula-e-otimo-ou-bom-para-40-da-populacao","status":"publish","type":"post","link":"https:\/\/sindaopcpb.org.br\/index.php\/2023\/09\/06\/ipec-governo-lula-e-otimo-ou-bom-para-40-da-populacao\/","title":{"rendered":"Ipec: Governo Lula \u00e9 \u00f3timo ou bom para 40% da popula\u00e7\u00e3o"},"content":{"rendered":"<p>De acordo com a mais nova pesquisa Ipec, divulgada na noite desta quarta-feira (6), 40% dos brasileiros consideram como &#8220;\u00f3timo ou bom&#8221; o governo do presidente Lula (PT), um crescimento de 3 pontos percentuais em rela\u00e7\u00e3o ao mesmo quesito no <a href=\"https:\/\/www.brasil247.com\/brasil\/ipec-aprovacao-ao-governo-lula-sobe-seis-pontos-entre-quem-ganha-mais-de-cinco-salarios-minimos\" rel=\"noopener nofollow\" target=\"_blank\">\u00faltimo levantamento, feito em junho<\/a>.<\/p>\n<p>Aqueles que consideram Lula &#8220;regular&#8221; representam 32%, mesmo \u00edndice da \u00faltima pesquisa. J\u00e1 a taxa de &#8220;ruim\/p\u00e9ssimo&#8221; teve queda, apontando agora 25% (estava em 28% no levantamento de junho). 3% dos entrevistados n\u00e3o souberam ou n\u00e3o quiseram responder. A pesquisa foi conduzida entre os dias 1 e 5 de setembro, e tem margem de erro de 2 pontos percentuais para mais ou para menos.<\/p>\n<p>Al\u00e9m de questionar a avalia\u00e7\u00e3o sobre o governo, o Ipec tamb\u00e9m perguntou aos entrevistados a opini\u00e3o deles sobre a &#8220;maneira como o presidente est\u00e1 governando o Brasil&#8221;. Nesse quesito, 56% dos consultados disseram que aprovam a maneira de governar do presidente, enquanto 39% desaprovam. Desta vez, 6% n\u00e3o souberam responder.<\/p>\n<p>O post <a rel=\"nofollow noopener\" href=\"https:\/\/wscom.com.br\/ipec-governo-lula-e-otimo-ou-bom-para-40-da-populacao\/\" target=\"_blank\">Ipec: Governo Lula \u00e9 \u00f3timo ou bom para 40% da popula\u00e7\u00e3o<\/a> apareceu primeiro em <a rel=\"nofollow noopener\" href=\"https:\/\/wscom.com.br\/\" target=\"_blank\">WSCOM<\/a>.<\/p>\n","protected":false},"excerpt":{"rendered":"<p>De acordo com a mais nova pesquisa Ipec, divulgada na noite desta quarta-feira (6), 40% dos brasileiros consideram como \u201c\u00f3timo ou bom\u201d o governo do presidente Lula (PT), um crescimento de 3 pontos percentuais em rela\u00e7\u00e3o ao mesmo quesito no \u00faltimo levantamento, feito em junho. Aqueles que consideram Lula \u201cregular\u201d representam 32%, mesmo \u00edndice da [\u2026]<\/p>\n<p>O post <a rel=\"nofollow\" href=\"https:\/\/wscom.com.br\/ipec-governo-lula-e-otimo-ou-bom-para-40-da-populacao\/\">Ipec: Governo Lula \u00e9 \u00f3timo ou bom para 40% da popula\u00e7\u00e3o<\/a> apareceu primeiro em <a rel=\"nofollow\" href=\"https:\/\/wscom.com.br\/\">WSCOM<\/a>.<\/p>\n","protected":false},"author":50,"featured_media":0,"comment_status":"closed","ping_status":"closed","sticky":false,"template":"","format":"standard","meta":{"advgb_blocks_editor_width":"","advgb_blocks_columns_visual_guide":"","footnotes":""},"categories":[34,493,110,713,47],"tags":[35],"class_list":["post-33276","post","type-post","status-publish","format-standard","hentry","category-g1","category-ipec","category-lula","category-pesquisa","category-politica","tag-g1"],"author_meta":{"display_name":"Wallyson","author_link":"https:\/\/sindaopcpb.org.br\/author\/wallyson\/"},"featured_img":null,"coauthors":[],"tax_additional":{"categories":{"linked":["<a href=\"https:\/\/sindaopcpb.org.br\/g1\/\" class=\"advgb-post-tax-term\">G1<\/a>","<a href=\"https:\/\/sindaopcpb.org.br\/ipec\/\" class=\"advgb-post-tax-term\">ipec<\/a>","<a href=\"https:\/\/sindaopcpb.org.br\/lula\/\" class=\"advgb-post-tax-term\">Lula<\/a>","<a href=\"https:\/\/sindaopcpb.org.br\/pesquisa\/\" class=\"advgb-post-tax-term\">pesquisa<\/a>","<a href=\"https:\/\/sindaopcpb.org.br\/politica\/\" class=\"advgb-post-tax-term\">POLITICA<\/a>"],"unlinked":["<span class=\"advgb-post-tax-term\">G1<\/span>","<span class=\"advgb-post-tax-term\">ipec<\/span>","<span class=\"advgb-post-tax-term\">Lula<\/span>","<span class=\"advgb-post-tax-term\">pesquisa<\/span>","<span class=\"advgb-post-tax-term\">POLITICA<\/span>"]},"tags":{"linked":["<a href=\"https:\/\/sindaopcpb.org.br\/politica\/\" class=\"advgb-post-tax-term\">g1<\/a>"],"unlinked":["<span class=\"advgb-post-tax-term\">g1<\/span>"]}},"comment_count":"0","relative_dates":{"created":"Publicado 3 anos atr\u00e1s","modified":"Atualizado 3 anos atr\u00e1s"},"absolute_dates":{"created":"Publicado em 6 de setembro de 2023","modified":"Atualizado em 6 de setembro de 2023"},"absolute_dates_time":{"created":"Publicado em 6 de setembro de 2023 19:17","modified":"Atualizado em 6 de setembro de 2023 19:17"},"featured_img_caption":"","series_order":"","_links":{"self":[{"href":"https:\/\/sindaopcpb.org.br\/index.php\/wp-json\/wp\/v2\/posts\/33276","targetHints":{"allow":["GET"]}}],"collection":[{"href":"https:\/\/sindaopcpb.org.br\/index.php\/wp-json\/wp\/v2\/posts"}],"about":[{"href":"https:\/\/sindaopcpb.org.br\/index.php\/wp-json\/wp\/v2\/types\/post"}],"author":[{"embeddable":true,"href":"https:\/\/sindaopcpb.org.br\/index.php\/wp-json\/wp\/v2\/users\/50"}],"replies":[{"embeddable":true,"href":"https:\/\/sindaopcpb.org.br\/index.php\/wp-json\/wp\/v2\/comments?post=33276"}],"version-history":[{"count":1,"href":"https:\/\/sindaopcpb.org.br\/index.php\/wp-json\/wp\/v2\/posts\/33276\/revisions"}],"predecessor-version":[{"id":33277,"href":"https:\/\/sindaopcpb.org.br\/index.php\/wp-json\/wp\/v2\/posts\/33276\/revisions\/33277"}],"wp:attachment":[{"href":"https:\/\/sindaopcpb.org.br\/index.php\/wp-json\/wp\/v2\/media?parent=33276"}],"wp:term":[{"taxonomy":"category","embeddable":true,"href":"https:\/\/sindaopcpb.org.br\/index.php\/wp-json\/wp\/v2\/categories?post=33276"},{"taxonomy":"post_tag","embeddable":true,"href":"https:\/\/sindaopcpb.org.br\/index.php\/wp-json\/wp\/v2\/tags?post=33276"}],"curies":[{"name":"wp","href":"https:\/\/api.w.org\/{rel}","templated":true}]}}