{"id":33274,"date":"2023-09-06T19:21:46","date_gmt":"2023-09-06T22:21:46","guid":{"rendered":"https:\/\/wpa.wscom.com.br\/?p=921808"},"modified":"2023-09-06T19:21:46","modified_gmt":"2023-09-06T22:21:46","slug":"vacinacao-e-suspensa-no-feriado-e-sera-retomada-na-proxima-segunda-feira-em-joao-pessoa","status":"publish","type":"post","link":"https:\/\/sindaopcpb.org.br\/index.php\/2023\/09\/06\/vacinacao-e-suspensa-no-feriado-e-sera-retomada-na-proxima-segunda-feira-em-joao-pessoa\/","title":{"rendered":"Vacina\u00e7\u00e3o \u00e9 suspensa no feriado e ser\u00e1 retomada na pr\u00f3xima segunda-feira em Jo\u00e3o Pessoa"},"content":{"rendered":"<p>Toda a\u00e7\u00e3o preventiva por meio de vacina\u00e7\u00e3o ser\u00e1 suspensa na rede municipal de sa\u00fade nesta quinta-feira (7) e ser\u00e1 retomada na pr\u00f3xima segunda-feira (11), nos diversos servi\u00e7os que atuam com a promo\u00e7\u00e3o da assist\u00eancia. Ser\u00e3o interrompidos tamb\u00e9m os pontos de apoio para preven\u00e7\u00e3o, localizados no Shopping Sul, nos Banc\u00e1rios, e no Home Center Ferreira Costa, \u00e0 margem da BR-230.<\/p>\n<p>J\u00e1 o Centro Municipal de Imuniza\u00e7\u00e3o (CMI), localizado no bairro da Torre funcionar\u00e1 com hor\u00e1rio reduzido nesta quinta-feira (7), sexta-feira (8), s\u00e1bado (9) e domingo (10), no per\u00edodo das 8h \u00e0s 12h, exclusivamente para vacina\u00e7\u00e3o antirr\u00e1bica humana e a vacina dT (difteria e t\u00e9tano) para pessoas que tiveram alguma exposi\u00e7\u00e3o para doen\u00e7a, com alguns tipos de acidentes, com perfuro cortantes e no caso da antirr\u00e1bica para pessoas que foram mordidas por c\u00e3es e gatos n\u00e3o vacinados ou, ainda, por morcegos.<\/p>\n<p>\u201cOs servi\u00e7os estar\u00e3o fechados em virtude do decreto da Prefeitura de Jo\u00e3o Pessoa para o feriado nacional da Independ\u00eancia do Brasil, comemorado no dia 7 de setembro e, com o ponto facultativo nesta sexta-feira, 8 de setembro\u201d, destacou Fernando Virgolino, chefe da Se\u00e7\u00e3o de Imuniza\u00e7\u00e3o da PMJP. \u201cRessaltamos ainda que o servi\u00e7o para assist\u00eancia imediata e de emerg\u00eancia para vacina\u00e7\u00e3o estar\u00e1 garantido no Centro de Imuniza\u00e7\u00e3o\u201d.<\/p>\n<p>\u201cNo caso da prote\u00e7\u00e3o para t\u00e9tano e raiva, os imunizantes devem ser administrados o mais r\u00e1pido poss\u00edvel, por isso, a rede municipal mant\u00e9m o servi\u00e7o que faz a dispensa\u00e7\u00e3o das vacinas antitet\u00e2nica e a antirr\u00e1bica permanentemente dispon\u00edveis \u00e0 popula\u00e7\u00e3o\u201d, completou o coordenador.<\/p>\n<p><strong>\u2013 Centro de Imuniza\u00e7\u00e3o: De quinta-feira (7) a domingo (10):<\/strong><\/p>\n<p><strong>Servi\u00e7os:\u00a0<\/strong>Exclusivamente para vacina\u00e7\u00e3o antirr\u00e1bica humana e a vacina dT (difteria e t\u00e9tano) de urg\u00eancias pessoas que tiveram alguma exposi\u00e7\u00e3o para doen\u00e7a, com alguns tipos de acidentes, com perfuro cortantes e no caso da antirr\u00e1bica para pessoas que foram mordidas por c\u00e3es e gatos n\u00e3o vacinados ou, ainda, por morcegos.<\/p>\n<p><strong>Hor\u00e1rio<\/strong>: 8h \u00e0s 12h.<\/p>\n<p>O post <a rel=\"nofollow noopener\" href=\"https:\/\/wscom.com.br\/vacinacao-e-suspensa-no-feriado-e-sera-retomada-na-proxima\/\" target=\"_blank\">Vacina\u00e7\u00e3o \u00e9 suspensa no feriado e ser\u00e1 retomada na pr\u00f3xima segunda-feira em Jo\u00e3o Pessoa<\/a> apareceu primeiro em <a rel=\"nofollow noopener\" href=\"https:\/\/wscom.com.br\/\" target=\"_blank\">WSCOM<\/a>.<\/p>\n","protected":false},"excerpt":{"rendered":"<p>Toda a\u00e7\u00e3o preventiva por meio de vacina\u00e7\u00e3o ser\u00e1 suspensa na rede municipal de sa\u00fade nesta quinta-feira (7) e ser\u00e1 retomada na pr\u00f3xima segunda-feira (11), nos diversos servi\u00e7os que atuam com a promo\u00e7\u00e3o da assist\u00eancia. Ser\u00e3o interrompidos tamb\u00e9m os pontos de apoio para preven\u00e7\u00e3o, localizados no Shopping Sul, nos Banc\u00e1rios, e no Home Center Ferreira Costa, [\u2026]<\/p>\n<p>O post <a rel=\"nofollow\" href=\"https:\/\/wscom.com.br\/vacinacao-e-suspensa-no-feriado-e-sera-retomada-na-proxima\/\">Vacina\u00e7\u00e3o \u00e9 suspensa no feriado e ser\u00e1 retomada na pr\u00f3xima segunda-feira em Jo\u00e3o Pessoa<\/a> apareceu primeiro em <a rel=\"nofollow\" href=\"https:\/\/wscom.com.br\/\">WSCOM<\/a>.<\/p>\n","protected":false},"author":50,"featured_media":0,"comment_status":"closed","ping_status":"closed","sticky":false,"template":"","format":"standard","meta":{"advgb_blocks_editor_width":"","advgb_blocks_columns_visual_guide":"","footnotes":""},"categories":[1313,34,90,93],"tags":[35],"class_list":["post-33274","post","type-post","status-publish","format-standard","hentry","category-feriado","category-g1","category-saude","category-vacina","tag-g1"],"author_meta":{"display_name":"Wallyson","author_link":"https:\/\/sindaopcpb.org.br\/author\/wallyson\/"},"featured_img":null,"coauthors":[],"tax_additional":{"categories":{"linked":["<a href=\"https:\/\/sindaopcpb.org.br\/feriado\/\" class=\"advgb-post-tax-term\">feriado<\/a>","<a href=\"https:\/\/sindaopcpb.org.br\/g1\/\" class=\"advgb-post-tax-term\">G1<\/a>","<a href=\"https:\/\/sindaopcpb.org.br\/saude\/\" class=\"advgb-post-tax-term\">Sa\u00fade<\/a>","<a href=\"https:\/\/sindaopcpb.org.br\/vacina\/\" class=\"advgb-post-tax-term\">vacina<\/a>"],"unlinked":["<span class=\"advgb-post-tax-term\">feriado<\/span>","<span class=\"advgb-post-tax-term\">G1<\/span>","<span class=\"advgb-post-tax-term\">Sa\u00fade<\/span>","<span class=\"advgb-post-tax-term\">vacina<\/span>"]},"tags":{"linked":["<a href=\"https:\/\/sindaopcpb.org.br\/vacina\/\" class=\"advgb-post-tax-term\">g1<\/a>"],"unlinked":["<span class=\"advgb-post-tax-term\">g1<\/span>"]}},"comment_count":"0","relative_dates":{"created":"Publicado 3 anos atr\u00e1s","modified":"Atualizado 3 anos atr\u00e1s"},"absolute_dates":{"created":"Publicado em 6 de setembro de 2023","modified":"Atualizado em 6 de setembro de 2023"},"absolute_dates_time":{"created":"Publicado em 6 de setembro de 2023 19:21","modified":"Atualizado em 6 de setembro de 2023 19:21"},"featured_img_caption":"","series_order":"","_links":{"self":[{"href":"https:\/\/sindaopcpb.org.br\/index.php\/wp-json\/wp\/v2\/posts\/33274","targetHints":{"allow":["GET"]}}],"collection":[{"href":"https:\/\/sindaopcpb.org.br\/index.php\/wp-json\/wp\/v2\/posts"}],"about":[{"href":"https:\/\/sindaopcpb.org.br\/index.php\/wp-json\/wp\/v2\/types\/post"}],"author":[{"embeddable":true,"href":"https:\/\/sindaopcpb.org.br\/index.php\/wp-json\/wp\/v2\/users\/50"}],"replies":[{"embeddable":true,"href":"https:\/\/sindaopcpb.org.br\/index.php\/wp-json\/wp\/v2\/comments?post=33274"}],"version-history":[{"count":1,"href":"https:\/\/sindaopcpb.org.br\/index.php\/wp-json\/wp\/v2\/posts\/33274\/revisions"}],"predecessor-version":[{"id":33275,"href":"https:\/\/sindaopcpb.org.br\/index.php\/wp-json\/wp\/v2\/posts\/33274\/revisions\/33275"}],"wp:attachment":[{"href":"https:\/\/sindaopcpb.org.br\/index.php\/wp-json\/wp\/v2\/media?parent=33274"}],"wp:term":[{"taxonomy":"category","embeddable":true,"href":"https:\/\/sindaopcpb.org.br\/index.php\/wp-json\/wp\/v2\/categories?post=33274"},{"taxonomy":"post_tag","embeddable":true,"href":"https:\/\/sindaopcpb.org.br\/index.php\/wp-json\/wp\/v2\/tags?post=33274"}],"curies":[{"name":"wp","href":"https:\/\/api.w.org\/{rel}","templated":true}]}}