{"id":33271,"date":"2023-09-06T18:52:17","date_gmt":"2023-09-06T21:52:17","guid":{"rendered":"https:\/\/www.infomoney.com.br\/?p=2236433"},"modified":"2023-09-06T18:52:17","modified_gmt":"2023-09-06T21:52:17","slug":"governo-lula-busca-despolitizar-desfile-do-7-de-setembro-mas-monitora-disturbios","status":"publish","type":"post","link":"https:\/\/sindaopcpb.org.br\/index.php\/2023\/09\/06\/governo-lula-busca-despolitizar-desfile-do-7-de-setembro-mas-monitora-disturbios\/","title":{"rendered":"Governo Lula busca despolitizar desfile do 7 de setembro, mas monitora dist\u00farbios"},"content":{"rendered":"<p><img loading=\"lazy\" width=\"300\" height=\"225\" src=\"https:\/\/www.infomoney.com.br\/wp-content\/uploads\/2023\/07\/pzzb2077.jpg?fit=300%2C225&amp;quality=70&amp;strip=all\" class=\"attachment-medium size-medium wp-post-image\" alt=\"\" decoding=\"async\" style=\"float:right; margin:0 0 10px 10px;\" srcset=\"https:\/\/www.infomoney.com.br\/wp-content\/uploads\/2023\/07\/pzzb2077.jpg?w=1024&amp;quality=70&amp;strip=all 1024w, https:\/\/www.infomoney.com.br\/wp-content\/uploads\/2023\/07\/pzzb2077.jpg?w=300&amp;quality=70&amp;strip=all 300w, https:\/\/www.infomoney.com.br\/wp-content\/uploads\/2023\/07\/pzzb2077.jpg?w=768&amp;quality=70&amp;strip=all 768w, https:\/\/www.infomoney.com.br\/wp-content\/uploads\/2023\/07\/pzzb2077.jpg?w=150&amp;quality=70&amp;strip=all 150w\" sizes=\"auto, (max-width: 300px) 100vw, 300px\" data-attachment-id=\"2192604\" data-permalink=\"https:\/\/www.infomoney.com.br\/politica\/governo-define-nomes-de-ministros-do-centrao-mas-pastas-dependem-de-lula\/attachment\/pzzb2077\/\" data-orig-file=\"https:\/\/www.infomoney.com.br\/wp-content\/uploads\/2023\/07\/pzzb2077.jpg?fit=1024%2C768&amp;quality=70&amp;strip=all\" data-orig-size=\"1024,768\" data-comments-opened=\"0\" data-image-meta=\"{&quot;aperture&quot;:&quot;10&quot;,&quot;credit&quot;:&quot;Ant\\u00f4nio Cruz\\\/Ag\\u00eancia Brasil&quot;,&quot;camera&quot;:&quot;Canon EOS 7D Mark II&quot;,&quot;caption&quot;:&quot;06\\\/06\\\/2023 - Bras\\u00edlia (DF) -  Cenas da Cidade de Bras\\u00edlia. Esplanada dos Minist\\u00e9rios .  Foto Ant\\u00f4nio Cruz\\\/Ag\\u00eancia Brasil&quot;,&quot;created_timestamp&quot;:&quot;1686049496&quot;,&quot;copyright&quot;:&quot;Ag\\u00eancia Brasil\\\/EBC&quot;,&quot;focal_length&quot;:&quot;41&quot;,&quot;iso&quot;:&quot;640&quot;,&quot;shutter_speed&quot;:&quot;0.0008&quot;,&quot;title&quot;:&quot;&quot;,&quot;orientation&quot;:&quot;0&quot;}\" data-image-title=\"Esplanada dos Minist\u00e9rios\" data-image-description=\"&lt;p&gt;06\/06\/2023 &#8211; Bras\u00edlia (DF) &#8211;  Esplanada dos Minist\u00e9rios. Foto Ant\u00f4nio Cruz\/Ag\u00eancia Brasil&lt;\/p&gt;\n\" data-image-caption=\"&lt;p&gt;Varia\u00e7\u00e3o em Bras\u00edlia foi de 0,13% ma quadrissemana, ante 0,80% na primeira  leitura do m\u00eas (Ant\u00f4nio Cruz\/Ag\u00eancia Brasil&lt;\/p&gt;\n\" data-medium-file=\"https:\/\/www.infomoney.com.br\/wp-content\/uploads\/2023\/07\/pzzb2077.jpg?fit=300%2C225&amp;quality=70&amp;strip=all\" data-large-file=\"https:\/\/www.infomoney.com.br\/wp-content\/uploads\/2023\/07\/pzzb2077.jpg?fit=1024%2C768&amp;quality=70&amp;strip=all\" title=\"\"><\/p>\n<p>O governo do presidente Luiz In&aacute;cio Lula da Silva trabalha para reduzir a politiza&ccedil;&atilde;o durante o desfile em Bras&iacute;lia no feriado da Independ&ecirc;ncia em 7 de setembro, mas tem preparado um forte esquema de seguran&ccedil;a para evitar eventuais atos violentos e manifesta&ccedil;&otilde;es antidemocr&aacute;ticas ap&oacute;s as invas&otilde;es das sedes dos Poderes por bolsonaristas em 8 de janeiro.<\/p>\n<p>O Executivo e aliados querem transmitir a mensagem de que a data &eacute; uma celebra&ccedil;&atilde;o nacional e deve ser usada para unir o pa&iacute;s, buscando, inclusive, resgatar o verde e amarelo, as cores da bandeira que se tornaram fortemente identificadas com os apoiadores do ex-presidente Jair Bolsonaro.<\/p>\n<p>&ldquo;Vamos resgatar os valores da Rep&uacute;blica, os s&iacute;mbolos oficiais, como a bandeira do Brasil e o hino nacional, que sempre foram de todos n&oacute;s e que contam nossa hist&oacute;ria. Exaltar esses s&iacute;mbolos nacionais &eacute; fundamental para reavivar o que est&aacute; na Constitui&ccedil;&atilde;o brasileira&rdquo;, disse o ministro da Secretaria de Comunica&ccedil;&atilde;o Social, Paulo Pimenta.<\/p>\n<p>As comemora&ccedil;&otilde;es ocorrem em um momento delicado da rela&ccedil;&atilde;o entre o governo e os militares, com o avan&ccedil;o de investiga&ccedil;&otilde;es que envolvem a suposta participa&ccedil;&atilde;o ou omiss&atilde;o deles em conter as a&ccedil;&otilde;es violentas de 8 de janeiro e at&eacute; apoiar iniciativas ilegais do governo passado.<\/p>\n<p>Em entrevista na ter&ccedil;a, Lula deu um sinal da desconfian&ccedil;a que nutre com as For&ccedil;as Armadas ao dizer que elas teriam se apoderado do feriado da independ&ecirc;ncia e que a data &eacute; para toda sociedade.<\/p>\n<p>&ldquo;O que aconteceu no Brasil &eacute; que, como n&oacute;s tivemos, durante 23 anos, um regime autorit&aacute;rio, a verdade &eacute; que os militares se apoderaram do 7 de setembro, (que) deixou de ser uma coisa da sociedade como um todo&rdquo;, disse.<\/p>\n<p>&ldquo;O que n&oacute;s estamos querendo fazer agora, com a participa&ccedil;&atilde;o do Ex&eacute;rcito, da Marinha e da Aeron&aacute;utica, &eacute; voltar a fazer um 7 de setembro de todos&hellip; &Eacute; uma festa importante, que lembra que o Brasil conquistou a soberania diante do pa&iacute;s colonizador&rdquo;, refor&ccedil;ou.<\/p>\n<p>A menos de um m&ecirc;s do primeiro turno da 2022, o ent&atilde;o presidente e candidato &agrave; reelei&ccedil;&atilde;o Bolsonaro transformou as comemora&ccedil;&otilde;es do Bicenten&aacute;rio da Independ&ecirc;ncia em demonstra&ccedil;&otilde;es de for&ccedil;a para sua campanha ao levar milhares de apoiadores para as ruas em atos eleitorais nos quais atacou Lula e lan&ccedil;ou cr&iacute;ticas indiretas contra a c&uacute;pula do Judici&aacute;rio.<\/p>\n<p>Por isso, Bolsonaro responde a duas a&ccedil;&otilde;es por abuso de poder no Tribunal Superior Eleitoral (TSE) que poder&aacute; lev&aacute;-lo a uma nova condena&ccedil;&atilde;o por inelegibilidade, al&eacute;m de outras puni&ccedil;&otilde;es e multas. O ex-presidente j&aacute; foi declarado inelegivel pelo TSE em uma outra a&ccedil;&atilde;o.<\/p>\n<p>No ano anterior, Bolsonaro havia aproveitado a solenidade para atacar o ministro do Supremo Tribunal Federal (STF) Alexandre de Moraes, chegando a dizer que n&atilde;o iria cumprir ordens judiciais do magistrado.<\/p>\n<h2><strong>Prepara&ccedil;&atilde;o<\/strong><\/h2>\n<p>Sob o slogan &ldquo;Democracia, soberania e uni&atilde;o&rdquo;, o evento desta quinta-feira deve reunir 30 mil pessoas e 200 autoridades, entre elas Lula, demais chefes de Poderes, ministros e representantes das For&ccedil;as Armadas. O Comando Militar do Planalto informou que 3.113 militares v&atilde;o desfilar, segundo o Ex&eacute;rcito, acima dos cerca de 2,5 mil do ano passado.<\/p>\n<p>&Oacute;rg&atilde;os de seguran&ccedil;a e de intelig&ecirc;ncia como a Ag&ecirc;ncia Brasileira de Intelig&ecirc;ncia (Abin), o Ex&eacute;rcito e a Secretaria de Seguran&ccedil;a P&uacute;blica do Distrito Federal (SSP-DF), segundo fontes ouvidas no governo e na &aacute;rea militar, monitoram a prepara&ccedil;&atilde;o de eventuais atos pol&iacute;ticos e at&eacute; violentos durante o feriado. A Abin informou em nota que mobilizar&aacute; o Centro de Monitoramento nos dias 6 e 7 para acompanhar a situa&ccedil;&atilde;o.<\/p>\n<p>Uma das preocupa&ccedil;&otilde;es dos envolvidos &eacute; evitar falhas, deliberadas ou n&atilde;o, e ter um plano de conten&ccedil;&atilde;o para evitar uma repeti&ccedil;&atilde;o do 8 de janeiro, segundo fontes palacianas e ligada &agrave; c&uacute;pula do Ex&eacute;rcito ouvidas pela Reuters.<\/p>\n<p>Uma fonte militar disse que o monitoramento transcorre normalmente para se antecipar a eventuais ataques. Por ora, de acordo com essa fonte, as probabilidades de uma manifesta&ccedil;&atilde;o para comprometer o desfile s&atilde;o baixas.<\/p>\n<p>&ldquo;H&aacute; um movimento inverso, para esvaziar o evento, para as pessoas n&atilde;o irem, mas isso &eacute; do livre arb&iacute;trio de cada um&rdquo;, disse essa fonte. &ldquo;Mas est&aacute; tudo dentro da normalidade, ser&aacute; uma festa para todos, sem conota&ccedil;&atilde;o pol&iacute;tico-partid&aacute;rios, com todos ganhando&rdquo;, acrescentou.<\/p>\n<p>Ainda assim, o Minist&eacute;rio da Justi&ccedil;a atendeu a um pedido do governo do DF e autorizou a atua&ccedil;&atilde;o da For&ccedil;a Nacional de Seguran&ccedil;a P&uacute;blica na seguran&ccedil;a dos atos do dia 7 de setembro.<\/p>\n<p>Na semana passada, o ministro da Justi&ccedil;a, Fl&aacute;vio Dino, enviou ao governo do DF um of&iacute;cio com uma cole&ccedil;&atilde;o de v&iacute;deos em que apontavam a prepara&ccedil;&atilde;o de protestos para o 7 de Setembro.<\/p>\n<p>A vice-governadora do DF, Celina Le&atilde;o, disse &agrave; Reuters que n&atilde;o h&aacute; por enquanto nada que possa denotar uma amea&ccedil;a real de atos violentos durante o desfile. Minimizou preocupa&ccedil;&atilde;o com os v&iacute;deos remetidos pelo ministro da Justi&ccedil;a. &ldquo;Nada que a nossa Secretaria de Seguran&ccedil;a n&atilde;o esteja monitorando&rdquo;, destacou.<\/p>\n<h2><strong>Campanha bolsonarista<\/strong><\/h2>\n<p>Entre os bolsonaristas, no momento em que avan&ccedil;am investiga&ccedil;&otilde;es criminais contra o ex-presidente, a ordem &eacute; n&atilde;o incitar qualquer tipo de protesto durante a solenidade, segundo uma fonte ligada &agrave; fam&iacute;lia.<\/p>\n<p>O senador Fl&aacute;vio Bolsonaro (PL-RJ), primog&ecirc;nito do ex-presidente, fez uma convoca&ccedil;&atilde;o pelas redes sociais para um ato pol&iacute;tico diferente para os padr&otilde;es do cl&atilde;: convocou apoiadores a doar sangue como um ato patriota na v&eacute;spera do feriado. A inten&ccedil;&atilde;o, segundo essa fonte, &eacute; que a doa&ccedil;&atilde;o ocorra durante todo o m&ecirc;s de setembro como forma de mobilizar os simpatizantes.<\/p>\n<p>Nas redes sociais, bolsonaristas t&ecirc;m defendido um boicote ao desfile para esvaziar o ato com a hashtag #fiqueemcasa&nbsp;e mostrar o que consideram ser falta de apoio do atual governo. H&aacute; quem esteja fazendo uma convoca&ccedil;&atilde;o para um panela&ccedil;o durante pronunciamento de Lula em cadeia nacional nesta quarta-fera, v&eacute;spera do feriado. Por ora, iniciativas para protesto t&ecirc;m sido isoladas.<\/p>\n<p>O PL, partido de Bolsonaro, vai levar ao ar inser&ccedil;&otilde;es nesta semana para exaltar o patriotismo, possivelmente com imagens do 7 de setembro do governo passado, segundo uma fonte.<\/p>\n<\/p>\n<div class=\"cta-end\">\n<div class=\"im-cta\" >\n<div class=\"im-shortcode-forms bg-light bg-opacity-25 border rounded-4 p-3 p-sm-4 p-md-3 p-lg-4 px-xxl-5 my-5\" data-configuration='{\"form_name\":false,\"form_hat\":\"Newsletter\",\"form_email\":true,\"form_icon\":\"newsletter\",\"form_phone\":false,\"form_campaign\":\"NIM\",\"form_thankyou\":\"\",\"form_journey\":\"APIEvent-26a5198d-8e09-06ef-5f80-cd9127757ad1\",\"form_button\":\"Quero receber\",\"form_context\":\"newsletter\",\"form_origin\":\"https:\\\/\\\/www.infomoney.com.br\\\/politica\\\/feed\\\/?utm_medium=materia&#038;utm_source=infomoney&#038;utm_campaign=NIM&#038;utm_term=politica&#038;utm_content=newsletter\",\"form_position\":\"final\",\"form_category\":\"cta_form\"}'>\n<div class=\"d-flex flex-column align-items-center align-items-lg-start mb-4 flex-lg-row\">\n<div class=\"rounded-circle mb-2 mb-lg-0 mr-lg-4 me-lg-4 p-3 p-lg-4 bg-blue-400\"><svg width=\"40\" height=\"40\" viewBox=\"0 0 40 40\" fill=\"none\" xmlns=\"http:\/\/www.w3.org\/2000\/svg\"><path d=\"M20 20.25 6.042 11.042v19.041c0 .167.048.299.146.396a.535.535 0 0 0 .395.146h15.792V32.5H6.583a2.328 2.328 0 0 1-1.708-.708 2.328 2.328 0 0 1-.708-1.709V9.917c0-.667.236-1.236.708-1.709A2.328 2.328 0 0 1 6.583 7.5h26.834c.666 0 1.236.236 1.708.708a2.33 2.33 0 0 1 .708 1.709v12.458h-1.875V11.042L20 20.25Zm0-2 13.667-8.875H6.333L20 18.25Zm11.75 18.958-1.292-1.333 3.334-3.375h-9v-1.875h9l-3.375-3.417 1.333-1.291 5.667 5.625-5.667 5.666ZM6.042 11.042v20.791-9.458.25-13.25 1.667Z\" fill=\"#fff\"\/><\/svg><\/div>\n<div class=\"flex-fill text-center text-lg-left\">\n<div class=\"h6 small text-orange-700 lh-base mb-1\">Newsletter<\/div>\n<div class=\"text-body h4 m-0\">Infomorning<\/div>\n<div class=\"text-body small lh-base mt-2\">Receba no seu e-mail logo pela manh&atilde; as not&iacute;cias que v&atilde;o mexer com os mercados, com os seus investimentos e o seu bolso durante o dia<\/div>\n<\/div>\n<\/div>\n<\/div>\n<\/div>\n<\/div>\n<p>The post <a rel=\"nofollow noopener\" href=\"https:\/\/www.infomoney.com.br\/politica\/governo-lula-busca-despolitizar-desfile-do-7-de-setembro-mas-monitora-disturbios\/\" target=\"_blank\">Governo Lula busca despolitizar desfile do 7 de setembro, mas monitora dist\u00farbios<\/a> appeared first on <a rel=\"nofollow noopener\" href=\"https:\/\/www.infomoney.com.br\/\" target=\"_blank\">InfoMoney<\/a>.<\/p>\n","protected":false},"excerpt":{"rendered":"<p><img loading=\"lazy\" decoding=\"async\" width=\"300\" height=\"225\" src=\"https:\/\/www.infomoney.com.br\/wp-content\/uploads\/2023\/07\/pzzb2077.jpg?fit=300%2C225&amp;quality=70&amp;strip=all\" class=\"attachment-medium size-medium wp-post-image\" alt=\"\" data-attachment-id=\"2192604\" data-permalink=\"https:\/\/www.infomoney.com.br\/politica\/governo-define-nomes-de-ministros-do-centrao-mas-pastas-dependem-de-lula\/attachment\/pzzb2077\/\" data-orig-file=\"https:\/\/www.infomoney.com.br\/wp-content\/uploads\/2023\/07\/pzzb2077.jpg?fit=1024%2C768&amp;quality=70&amp;strip=all\" data-orig-size=\"1024,768\" data-comments-opened=\"0\" data-image-meta='{\"aperture\":\"10\",\"credit\":\"Ant\\u00f4nio Cruz\\\/Ag\\u00eancia Brasil\",\"camera\":\"Canon EOS 7D Mark II\",\"caption\":\"06\\\/06\\\/2023 - Bras\\u00edlia (DF) -  Cenas da Cidade de Bras\\u00edlia. Esplanada dos Minist\\u00e9rios .  Foto Ant\\u00f4nio Cruz\\\/Ag\\u00eancia Brasil\",\"created_timestamp\":\"1686049496\",\"copyright\":\"Ag\\u00eancia Brasil\\\/EBC\",\"focal_length\":\"41\",\"iso\":\"640\",\"shutter_speed\":\"0.0008\",\"title\":\"\",\"orientation\":\"0\"}' data-image-title=\"Esplanada dos Minist\u00e9rios\" data-image-description=\"&lt;p&gt;06\/06\/2023 \u2013 Bras\u00edlia (DF) \u2013  Esplanada dos Minist\u00e9rios. Foto Ant\u00f4nio Cruz\/Ag\u00eancia Brasil&lt;\/p&gt;\n\" data-image-caption=\"&lt;p&gt;Varia\u00e7\u00e3o em Bras\u00edlia foi de 0,13% ma quadrissemana, ante 0,80% na primeira  leitura do m\u00eas (Ant\u00f4nio Cruz\/Ag\u00eancia Brasil&lt;\/p&gt;\n\" data-medium-file=\"https:\/\/www.infomoney.com.br\/wp-content\/uploads\/2023\/07\/pzzb2077.jpg?fit=300%2C225&amp;quality=70&amp;strip=all\" data-large-file=\"https:\/\/www.infomoney.com.br\/wp-content\/uploads\/2023\/07\/pzzb2077.jpg?fit=1024%2C768&amp;quality=70&amp;strip=all\">Sob o slogan &#8220;Democracia, soberania e uni\u00e3o&#8221;, o evento desta quinta-feira deve reunir 30 mil pessoas e 200 autoridades<\/p>\n<p>The post <a rel=\"nofollow\" href=\"https:\/\/www.infomoney.com.br\/politica\/governo-lula-busca-despolitizar-desfile-do-7-de-setembro-mas-monitora-disturbios\/\">Governo Lula busca despolitizar desfile do 7 de setembro, mas monitora dist\u00farbios<\/a> appeared first on <a rel=\"nofollow\" href=\"https:\/\/www.infomoney.com.br\/\">InfoMoney<\/a>.<\/p>\n","protected":false},"author":46,"featured_media":0,"comment_status":"closed","ping_status":"closed","sticky":false,"template":"","format":"standard","meta":{"advgb_blocks_editor_width":"","advgb_blocks_columns_visual_guide":"","footnotes":""},"categories":[3420,34,260,47],"tags":[35],"class_list":["post-33271","post","type-post","status-publish","format-standard","hentry","category-esplanada-dos-ministerios","category-g1","category-governo","category-politica","tag-g1"],"author_meta":{"display_name":"Reuters","author_link":"https:\/\/sindaopcpb.org.br\/author\/reuters\/"},"featured_img":null,"coauthors":[],"tax_additional":{"categories":{"linked":["<a href=\"https:\/\/sindaopcpb.org.br\/esplanada-dos-ministerios\/\" class=\"advgb-post-tax-term\">Esplanada dos Minist\u00e9rios<\/a>","<a href=\"https:\/\/sindaopcpb.org.br\/g1\/\" class=\"advgb-post-tax-term\">G1<\/a>","<a href=\"https:\/\/sindaopcpb.org.br\/governo\/\" class=\"advgb-post-tax-term\">Governo<\/a>","<a href=\"https:\/\/sindaopcpb.org.br\/politica\/\" class=\"advgb-post-tax-term\">POLITICA<\/a>"],"unlinked":["<span class=\"advgb-post-tax-term\">Esplanada dos Minist\u00e9rios<\/span>","<span class=\"advgb-post-tax-term\">G1<\/span>","<span class=\"advgb-post-tax-term\">Governo<\/span>","<span class=\"advgb-post-tax-term\">POLITICA<\/span>"]},"tags":{"linked":["<a href=\"https:\/\/sindaopcpb.org.br\/politica\/\" class=\"advgb-post-tax-term\">g1<\/a>"],"unlinked":["<span class=\"advgb-post-tax-term\">g1<\/span>"]}},"comment_count":"0","relative_dates":{"created":"Publicado 3 anos atr\u00e1s","modified":"Atualizado 3 anos atr\u00e1s"},"absolute_dates":{"created":"Publicado em 6 de setembro de 2023","modified":"Atualizado em 6 de setembro de 2023"},"absolute_dates_time":{"created":"Publicado em 6 de setembro de 2023 18:52","modified":"Atualizado em 6 de setembro de 2023 18:52"},"featured_img_caption":"","series_order":"","_links":{"self":[{"href":"https:\/\/sindaopcpb.org.br\/index.php\/wp-json\/wp\/v2\/posts\/33271","targetHints":{"allow":["GET"]}}],"collection":[{"href":"https:\/\/sindaopcpb.org.br\/index.php\/wp-json\/wp\/v2\/posts"}],"about":[{"href":"https:\/\/sindaopcpb.org.br\/index.php\/wp-json\/wp\/v2\/types\/post"}],"author":[{"embeddable":true,"href":"https:\/\/sindaopcpb.org.br\/index.php\/wp-json\/wp\/v2\/users\/46"}],"replies":[{"embeddable":true,"href":"https:\/\/sindaopcpb.org.br\/index.php\/wp-json\/wp\/v2\/comments?post=33271"}],"version-history":[{"count":1,"href":"https:\/\/sindaopcpb.org.br\/index.php\/wp-json\/wp\/v2\/posts\/33271\/revisions"}],"predecessor-version":[{"id":33272,"href":"https:\/\/sindaopcpb.org.br\/index.php\/wp-json\/wp\/v2\/posts\/33271\/revisions\/33272"}],"wp:attachment":[{"href":"https:\/\/sindaopcpb.org.br\/index.php\/wp-json\/wp\/v2\/media?parent=33271"}],"wp:term":[{"taxonomy":"category","embeddable":true,"href":"https:\/\/sindaopcpb.org.br\/index.php\/wp-json\/wp\/v2\/categories?post=33271"},{"taxonomy":"post_tag","embeddable":true,"href":"https:\/\/sindaopcpb.org.br\/index.php\/wp-json\/wp\/v2\/tags?post=33271"}],"curies":[{"name":"wp","href":"https:\/\/api.w.org\/{rel}","templated":true}]}}