{"id":33224,"date":"2023-09-06T14:47:49","date_gmt":"2023-09-06T17:47:49","guid":{"rendered":"https:\/\/wpa.wscom.com.br\/?p=921764"},"modified":"2023-09-06T14:47:49","modified_gmt":"2023-09-06T17:47:49","slug":"cicero-lucena-entrega-nova-estrutura-de-urgencia-e-uti-do-ortotrauma-de-mangabeira","status":"publish","type":"post","link":"https:\/\/sindaopcpb.org.br\/index.php\/2023\/09\/06\/cicero-lucena-entrega-nova-estrutura-de-urgencia-e-uti-do-ortotrauma-de-mangabeira\/","title":{"rendered":"C\u00edcero Lucena entrega nova estrutura de urg\u00eancia e UTI do Ortotrauma de Mangabeira"},"content":{"rendered":"<p>O prefeito C\u00edcero Lucena entregou, nesta quarta-feira (6), a nova estrutura do setor de urg\u00eancia cl\u00ednica e UTI do Complexo Hospitalar de Mangabeira (CHM), que ganhou 30 novos leitos. A unidade hospitalar tamb\u00e9m ganhou interven\u00e7\u00f5es para oferecer um atendimento mais humanizado, num ambiente climatizado, mais confort\u00e1vel e acolhedor.<\/p>\n<p>\u201cAl\u00e9m da qualidade t\u00e9cnica, do envolvimento profissional, o Ortotrauma passa a ter um acolhimento mais humanizado, com tecnologia, conforto e o respeito que a popula\u00e7\u00e3o merece. \u00c9 uma unidade que n\u00f3s vamos poder comparar, inclusive, com muitas unidades particulares na cidade. \u00c9 isso que n\u00f3s queremos na Sa\u00fade \u2013 efici\u00eancia, a\u00e7\u00e3o, para quem nos procura e depende da nossa dedica\u00e7\u00e3o\u201d, afirmou o prefeito.<\/p>\n<figure class=\"wp-block-gallery has-nested-images columns-default is-cropped wp-block-gallery-3 is-layout-flex\">\n<figure class=\"wp-block-image size-large\"><img decoding=\"async\" loading=\"lazy\" class=\"wp-image-324866\" src=\"https:\/\/www.joaopessoa.pb.gov.br\/wp-content\/uploads\/2023\/09\/WhatsApp-Image-2023-09-06-at-13.39.09-2-1-683x1024.jpeg\" sizes=\"auto, (max-width: 683px) 100vw, 683px\" srcset=\"https:\/\/www.joaopessoa.pb.gov.br\/wp-content\/uploads\/2023\/09\/WhatsApp-Image-2023-09-06-at-13.39.09-2-1-683x1024.jpeg 683w, https:\/\/www.joaopessoa.pb.gov.br\/wp-content\/uploads\/2023\/09\/WhatsApp-Image-2023-09-06-at-13.39.09-2-1-768x1152.jpeg 768w, https:\/\/www.joaopessoa.pb.gov.br\/wp-content\/uploads\/2023\/09\/WhatsApp-Image-2023-09-06-at-13.39.09-2-1-1024x1536.jpeg 1024w, https:\/\/www.joaopessoa.pb.gov.br\/wp-content\/uploads\/2023\/09\/WhatsApp-Image-2023-09-06-at-13.39.09-2-1-1366x2048.jpeg 1366w, https:\/\/www.joaopessoa.pb.gov.br\/wp-content\/uploads\/2023\/09\/WhatsApp-Image-2023-09-06-at-13.39.09-2-1-400x600.jpeg 400w, https:\/\/www.joaopessoa.pb.gov.br\/wp-content\/uploads\/2023\/09\/WhatsApp-Image-2023-09-06-at-13.39.09-2-1-scaled.jpeg 1707w\" alt=\"\" width=\"683\" height=\"1024\" data-id=\"324866\" title=\"\"><\/figure>\n<figure class=\"wp-block-image size-large\"><img decoding=\"async\" loading=\"lazy\" class=\"wp-image-324867\" src=\"https:\/\/www.joaopessoa.pb.gov.br\/wp-content\/uploads\/2023\/09\/WhatsApp-Image-2023-09-06-at-13.39.08-1-1-1024x683.jpeg\" sizes=\"auto, (max-width: 1024px) 100vw, 1024px\" srcset=\"https:\/\/www.joaopessoa.pb.gov.br\/wp-content\/uploads\/2023\/09\/WhatsApp-Image-2023-09-06-at-13.39.08-1-1-1024x683.jpeg 1024w, https:\/\/www.joaopessoa.pb.gov.br\/wp-content\/uploads\/2023\/09\/WhatsApp-Image-2023-09-06-at-13.39.08-1-1-768x512.jpeg 768w, https:\/\/www.joaopessoa.pb.gov.br\/wp-content\/uploads\/2023\/09\/WhatsApp-Image-2023-09-06-at-13.39.08-1-1-1536x1024.jpeg 1536w, https:\/\/www.joaopessoa.pb.gov.br\/wp-content\/uploads\/2023\/09\/WhatsApp-Image-2023-09-06-at-13.39.08-1-1-2048x1366.jpeg 2048w, https:\/\/www.joaopessoa.pb.gov.br\/wp-content\/uploads\/2023\/09\/WhatsApp-Image-2023-09-06-at-13.39.08-1-1-600x400.jpeg 600w\" alt=\"\" width=\"1024\" height=\"683\" data-id=\"324867\" title=\"\"><\/figure>\n<figure class=\"wp-block-image size-large\"><img decoding=\"async\" loading=\"lazy\" class=\"wp-image-324868\" src=\"https:\/\/www.joaopessoa.pb.gov.br\/wp-content\/uploads\/2023\/09\/WhatsApp-Image-2023-09-06-at-13.39.08-3-1024x683.jpeg\" sizes=\"auto, (max-width: 1024px) 100vw, 1024px\" srcset=\"https:\/\/www.joaopessoa.pb.gov.br\/wp-content\/uploads\/2023\/09\/WhatsApp-Image-2023-09-06-at-13.39.08-3-1024x683.jpeg 1024w, https:\/\/www.joaopessoa.pb.gov.br\/wp-content\/uploads\/2023\/09\/WhatsApp-Image-2023-09-06-at-13.39.08-3-768x512.jpeg 768w, https:\/\/www.joaopessoa.pb.gov.br\/wp-content\/uploads\/2023\/09\/WhatsApp-Image-2023-09-06-at-13.39.08-3-1536x1024.jpeg 1536w, https:\/\/www.joaopessoa.pb.gov.br\/wp-content\/uploads\/2023\/09\/WhatsApp-Image-2023-09-06-at-13.39.08-3-2048x1366.jpeg 2048w, https:\/\/www.joaopessoa.pb.gov.br\/wp-content\/uploads\/2023\/09\/WhatsApp-Image-2023-09-06-at-13.39.08-3-600x400.jpeg 600w\" alt=\"\" width=\"1024\" height=\"683\" data-id=\"324868\" title=\"\"><\/figure>\n<\/figure>\n<p>Com investimento de R$ 230 mil, a unidade teve a recupera\u00e7\u00e3o e moderniza\u00e7\u00e3o do setor de urg\u00eancia cl\u00ednica, que contempla as \u00e1reas verde, amarela, laranja, vermelha e UTI. Revestimento cer\u00e2mico das paredes, do piso, climatiza\u00e7\u00e3o, revis\u00e3o el\u00e9trica e troca das divis\u00f3rias. O vice-prefeito Leo Bezerra disse que a Prefeitura de Jo\u00e3o Pessoa avan\u00e7a para melhorar o padr\u00e3o de atendimento na Sa\u00fade da Capital.<\/p>\n<figure class=\"wp-block-gallery has-nested-images columns-default is-cropped wp-block-gallery-5 is-layout-flex\">\n<figure class=\"wp-block-image size-large\"><img decoding=\"async\" loading=\"lazy\" class=\"wp-image-324869\" src=\"https:\/\/www.joaopessoa.pb.gov.br\/wp-content\/uploads\/2023\/09\/WhatsApp-Image-2023-09-06-at-13.39.08-2-1-1024x683.jpeg\" sizes=\"auto, (max-width: 1024px) 100vw, 1024px\" srcset=\"https:\/\/www.joaopessoa.pb.gov.br\/wp-content\/uploads\/2023\/09\/WhatsApp-Image-2023-09-06-at-13.39.08-2-1-1024x683.jpeg 1024w, https:\/\/www.joaopessoa.pb.gov.br\/wp-content\/uploads\/2023\/09\/WhatsApp-Image-2023-09-06-at-13.39.08-2-1-768x512.jpeg 768w, https:\/\/www.joaopessoa.pb.gov.br\/wp-content\/uploads\/2023\/09\/WhatsApp-Image-2023-09-06-at-13.39.08-2-1-1536x1024.jpeg 1536w, https:\/\/www.joaopessoa.pb.gov.br\/wp-content\/uploads\/2023\/09\/WhatsApp-Image-2023-09-06-at-13.39.08-2-1-2048x1366.jpeg 2048w, https:\/\/www.joaopessoa.pb.gov.br\/wp-content\/uploads\/2023\/09\/WhatsApp-Image-2023-09-06-at-13.39.08-2-1-600x400.jpeg 600w\" alt=\"\" width=\"1024\" height=\"683\" data-id=\"324869\" title=\"\"><\/figure>\n<figure class=\"wp-block-image size-large\"><img decoding=\"async\" loading=\"lazy\" class=\"wp-image-324871\" src=\"https:\/\/www.joaopessoa.pb.gov.br\/wp-content\/uploads\/2023\/09\/WhatsApp-Image-2023-09-06-at-13.39.09-1-1-1024x683.jpeg\" sizes=\"auto, (max-width: 1024px) 100vw, 1024px\" srcset=\"https:\/\/www.joaopessoa.pb.gov.br\/wp-content\/uploads\/2023\/09\/WhatsApp-Image-2023-09-06-at-13.39.09-1-1-1024x683.jpeg 1024w, https:\/\/www.joaopessoa.pb.gov.br\/wp-content\/uploads\/2023\/09\/WhatsApp-Image-2023-09-06-at-13.39.09-1-1-768x512.jpeg 768w, https:\/\/www.joaopessoa.pb.gov.br\/wp-content\/uploads\/2023\/09\/WhatsApp-Image-2023-09-06-at-13.39.09-1-1-1536x1024.jpeg 1536w, https:\/\/www.joaopessoa.pb.gov.br\/wp-content\/uploads\/2023\/09\/WhatsApp-Image-2023-09-06-at-13.39.09-1-1-2048x1366.jpeg 2048w, https:\/\/www.joaopessoa.pb.gov.br\/wp-content\/uploads\/2023\/09\/WhatsApp-Image-2023-09-06-at-13.39.09-1-1-600x400.jpeg 600w\" alt=\"\" width=\"1024\" height=\"683\" data-id=\"324871\" title=\"\"><\/figure>\n<figure class=\"wp-block-image size-large\"><img decoding=\"async\" loading=\"lazy\" class=\"wp-image-324874\" src=\"https:\/\/www.joaopessoa.pb.gov.br\/wp-content\/uploads\/2023\/09\/WhatsApp-Image-2023-09-06-at-13.39.09-4-1024x683.jpeg\" sizes=\"auto, (max-width: 1024px) 100vw, 1024px\" srcset=\"https:\/\/www.joaopessoa.pb.gov.br\/wp-content\/uploads\/2023\/09\/WhatsApp-Image-2023-09-06-at-13.39.09-4-1024x683.jpeg 1024w, https:\/\/www.joaopessoa.pb.gov.br\/wp-content\/uploads\/2023\/09\/WhatsApp-Image-2023-09-06-at-13.39.09-4-768x512.jpeg 768w, https:\/\/www.joaopessoa.pb.gov.br\/wp-content\/uploads\/2023\/09\/WhatsApp-Image-2023-09-06-at-13.39.09-4-1536x1024.jpeg 1536w, https:\/\/www.joaopessoa.pb.gov.br\/wp-content\/uploads\/2023\/09\/WhatsApp-Image-2023-09-06-at-13.39.09-4-2048x1366.jpeg 2048w, https:\/\/www.joaopessoa.pb.gov.br\/wp-content\/uploads\/2023\/09\/WhatsApp-Image-2023-09-06-at-13.39.09-4-600x400.jpeg 600w\" alt=\"\" width=\"1024\" height=\"683\" data-id=\"324874\" title=\"\"><\/figure>\n<figure class=\"wp-block-image size-large\"><img decoding=\"async\" loading=\"lazy\" class=\"wp-image-324870\" src=\"https:\/\/www.joaopessoa.pb.gov.br\/wp-content\/uploads\/2023\/09\/WhatsApp-Image-2023-09-06-at-13.39.10-3-1-1024x683.jpeg\" sizes=\"auto, (max-width: 1024px) 100vw, 1024px\" srcset=\"https:\/\/www.joaopessoa.pb.gov.br\/wp-content\/uploads\/2023\/09\/WhatsApp-Image-2023-09-06-at-13.39.10-3-1-1024x683.jpeg 1024w, https:\/\/www.joaopessoa.pb.gov.br\/wp-content\/uploads\/2023\/09\/WhatsApp-Image-2023-09-06-at-13.39.10-3-1-768x512.jpeg 768w, https:\/\/www.joaopessoa.pb.gov.br\/wp-content\/uploads\/2023\/09\/WhatsApp-Image-2023-09-06-at-13.39.10-3-1-1536x1024.jpeg 1536w, https:\/\/www.joaopessoa.pb.gov.br\/wp-content\/uploads\/2023\/09\/WhatsApp-Image-2023-09-06-at-13.39.10-3-1-2048x1366.jpeg 2048w, https:\/\/www.joaopessoa.pb.gov.br\/wp-content\/uploads\/2023\/09\/WhatsApp-Image-2023-09-06-at-13.39.10-3-1-600x400.jpeg 600w\" alt=\"\" width=\"1024\" height=\"683\" data-id=\"324870\" title=\"\"><\/figure>\n<figure class=\"wp-block-image size-large\"><img decoding=\"async\" loading=\"lazy\" class=\"wp-image-324873\" src=\"https:\/\/www.joaopessoa.pb.gov.br\/wp-content\/uploads\/2023\/09\/WhatsApp-Image-2023-09-06-at-13.39.10-2-1-1024x683.jpeg\" sizes=\"auto, (max-width: 1024px) 100vw, 1024px\" srcset=\"https:\/\/www.joaopessoa.pb.gov.br\/wp-content\/uploads\/2023\/09\/WhatsApp-Image-2023-09-06-at-13.39.10-2-1-1024x683.jpeg 1024w, https:\/\/www.joaopessoa.pb.gov.br\/wp-content\/uploads\/2023\/09\/WhatsApp-Image-2023-09-06-at-13.39.10-2-1-768x512.jpeg 768w, https:\/\/www.joaopessoa.pb.gov.br\/wp-content\/uploads\/2023\/09\/WhatsApp-Image-2023-09-06-at-13.39.10-2-1-1536x1024.jpeg 1536w, https:\/\/www.joaopessoa.pb.gov.br\/wp-content\/uploads\/2023\/09\/WhatsApp-Image-2023-09-06-at-13.39.10-2-1-2048x1366.jpeg 2048w, https:\/\/www.joaopessoa.pb.gov.br\/wp-content\/uploads\/2023\/09\/WhatsApp-Image-2023-09-06-at-13.39.10-2-1-600x400.jpeg 600w\" alt=\"\" width=\"1024\" height=\"683\" data-id=\"324873\" title=\"\"><\/figure>\n<figure class=\"wp-block-image size-large\"><img decoding=\"async\" loading=\"lazy\" class=\"wp-image-324872\" src=\"https:\/\/www.joaopessoa.pb.gov.br\/wp-content\/uploads\/2023\/09\/WhatsApp-Image-2023-09-06-at-13.39.10-1-1-1024x683.jpeg\" sizes=\"auto, (max-width: 1024px) 100vw, 1024px\" srcset=\"https:\/\/www.joaopessoa.pb.gov.br\/wp-content\/uploads\/2023\/09\/WhatsApp-Image-2023-09-06-at-13.39.10-1-1-1024x683.jpeg 1024w, https:\/\/www.joaopessoa.pb.gov.br\/wp-content\/uploads\/2023\/09\/WhatsApp-Image-2023-09-06-at-13.39.10-1-1-768x512.jpeg 768w, https:\/\/www.joaopessoa.pb.gov.br\/wp-content\/uploads\/2023\/09\/WhatsApp-Image-2023-09-06-at-13.39.10-1-1-1536x1024.jpeg 1536w, https:\/\/www.joaopessoa.pb.gov.br\/wp-content\/uploads\/2023\/09\/WhatsApp-Image-2023-09-06-at-13.39.10-1-1-2048x1366.jpeg 2048w, https:\/\/www.joaopessoa.pb.gov.br\/wp-content\/uploads\/2023\/09\/WhatsApp-Image-2023-09-06-at-13.39.10-1-1-600x400.jpeg 600w\" alt=\"\" width=\"1024\" height=\"683\" data-id=\"324872\" title=\"\"><\/figure>\n<figure class=\"wp-block-image size-large\"><img decoding=\"async\" loading=\"lazy\" class=\"wp-image-324876\" src=\"https:\/\/www.joaopessoa.pb.gov.br\/wp-content\/uploads\/2023\/09\/WhatsApp-Image-2023-09-06-at-13.39.10-4-1024x683.jpeg\" sizes=\"auto, (max-width: 1024px) 100vw, 1024px\" srcset=\"https:\/\/www.joaopessoa.pb.gov.br\/wp-content\/uploads\/2023\/09\/WhatsApp-Image-2023-09-06-at-13.39.10-4-1024x683.jpeg 1024w, https:\/\/www.joaopessoa.pb.gov.br\/wp-content\/uploads\/2023\/09\/WhatsApp-Image-2023-09-06-at-13.39.10-4-768x512.jpeg 768w, https:\/\/www.joaopessoa.pb.gov.br\/wp-content\/uploads\/2023\/09\/WhatsApp-Image-2023-09-06-at-13.39.10-4-1536x1024.jpeg 1536w, https:\/\/www.joaopessoa.pb.gov.br\/wp-content\/uploads\/2023\/09\/WhatsApp-Image-2023-09-06-at-13.39.10-4-2048x1366.jpeg 2048w, https:\/\/www.joaopessoa.pb.gov.br\/wp-content\/uploads\/2023\/09\/WhatsApp-Image-2023-09-06-at-13.39.10-4-600x400.jpeg 600w\" alt=\"\" width=\"1024\" height=\"683\" data-id=\"324876\" title=\"\"><\/figure>\n<figure class=\"wp-block-image size-large\"><img decoding=\"async\" loading=\"lazy\" class=\"wp-image-324875\" src=\"https:\/\/www.joaopessoa.pb.gov.br\/wp-content\/uploads\/2023\/09\/WhatsApp-Image-2023-09-06-at-13.39.11-1-1-1024x683.jpeg\" sizes=\"auto, (max-width: 1024px) 100vw, 1024px\" srcset=\"https:\/\/www.joaopessoa.pb.gov.br\/wp-content\/uploads\/2023\/09\/WhatsApp-Image-2023-09-06-at-13.39.11-1-1-1024x683.jpeg 1024w, https:\/\/www.joaopessoa.pb.gov.br\/wp-content\/uploads\/2023\/09\/WhatsApp-Image-2023-09-06-at-13.39.11-1-1-768x512.jpeg 768w, https:\/\/www.joaopessoa.pb.gov.br\/wp-content\/uploads\/2023\/09\/WhatsApp-Image-2023-09-06-at-13.39.11-1-1-1536x1024.jpeg 1536w, https:\/\/www.joaopessoa.pb.gov.br\/wp-content\/uploads\/2023\/09\/WhatsApp-Image-2023-09-06-at-13.39.11-1-1-2048x1366.jpeg 2048w, https:\/\/www.joaopessoa.pb.gov.br\/wp-content\/uploads\/2023\/09\/WhatsApp-Image-2023-09-06-at-13.39.11-1-1-600x400.jpeg 600w\" alt=\"\" width=\"1024\" height=\"683\" data-id=\"324875\" title=\"\"><\/figure>\n<figure class=\"wp-block-image size-large\"><img decoding=\"async\" loading=\"lazy\" class=\"wp-image-324877\" src=\"https:\/\/www.joaopessoa.pb.gov.br\/wp-content\/uploads\/2023\/09\/WhatsApp-Image-2023-09-06-at-13.39.13-2-1024x683.jpeg\" sizes=\"auto, (max-width: 1024px) 100vw, 1024px\" srcset=\"https:\/\/www.joaopessoa.pb.gov.br\/wp-content\/uploads\/2023\/09\/WhatsApp-Image-2023-09-06-at-13.39.13-2-1024x683.jpeg 1024w, https:\/\/www.joaopessoa.pb.gov.br\/wp-content\/uploads\/2023\/09\/WhatsApp-Image-2023-09-06-at-13.39.13-2-768x512.jpeg 768w, https:\/\/www.joaopessoa.pb.gov.br\/wp-content\/uploads\/2023\/09\/WhatsApp-Image-2023-09-06-at-13.39.13-2-1536x1024.jpeg 1536w, https:\/\/www.joaopessoa.pb.gov.br\/wp-content\/uploads\/2023\/09\/WhatsApp-Image-2023-09-06-at-13.39.13-2-2048x1366.jpeg 2048w, https:\/\/www.joaopessoa.pb.gov.br\/wp-content\/uploads\/2023\/09\/WhatsApp-Image-2023-09-06-at-13.39.13-2-600x400.jpeg 600w\" alt=\"\" width=\"1024\" height=\"683\" data-id=\"324877\" title=\"\"><\/figure>\n<\/figure>\n<p>\u201cEu sei que n\u00f3s temos uma equipe preparada, mas n\u00f3s queremos sempre que o atendimento seja com zelo e humanizado. Ningu\u00e9m procura um hospital porque est\u00e1 feliz, mas porque est\u00e1 precisando. E esse hospital tem acolhido essas pessoas. A gente tem rem\u00e9dio em casa. Vamos voltar com as cirurgias bari\u00e1tricas que estavam interrompidas. A hemodin\u00e2mica, que tantos prometeram e nunca fizeram. E estamos avan\u00e7ando para reformar todas as Unidades de Sa\u00fade da Fam\u00edlia de Jo\u00e3o Pessoa\u201d, disse o vice-prefeito.<\/p>\n<p>A secret\u00e1ria municipal interina da Sa\u00fade, Janine Lucena, disse que essas melhorias, no Ortotrauma, se somam a outras interven\u00e7\u00f5es, que j\u00e1 foram realizadas e est\u00e3o dando um novo padr\u00e3o de atendimento \u00e0 unidade hospitalar. \u201cJ\u00e1 entregamos o Centro de Diagn\u00f3stico por Imagem, a reforma de todas as enfermarias, climatiza\u00e7\u00e3o de todo o hospital e, hoje, a entrega da reforma da Urg\u00eancia e Emerg\u00eancia. N\u00e3o vai parar por a\u00ed. Vamos entregar, tamb\u00e9m, as melhorias do Pronto Atendimento de Sa\u00fade Mental, a parte de refeit\u00f3rio e a cozinha\u201d, projetou.<\/p>\n<figure class=\"wp-block-gallery has-nested-images columns-default is-cropped wp-block-gallery-7 is-layout-flex\">\n<figure class=\"wp-block-image size-large\"><img decoding=\"async\" loading=\"lazy\" class=\"wp-image-324881\" src=\"https:\/\/www.joaopessoa.pb.gov.br\/wp-content\/uploads\/2023\/09\/WhatsApp-Image-2023-09-06-at-13.39.12-2-1-683x1024.jpeg\" sizes=\"auto, (max-width: 683px) 100vw, 683px\" srcset=\"https:\/\/www.joaopessoa.pb.gov.br\/wp-content\/uploads\/2023\/09\/WhatsApp-Image-2023-09-06-at-13.39.12-2-1-683x1024.jpeg 683w, https:\/\/www.joaopessoa.pb.gov.br\/wp-content\/uploads\/2023\/09\/WhatsApp-Image-2023-09-06-at-13.39.12-2-1-768x1152.jpeg 768w, https:\/\/www.joaopessoa.pb.gov.br\/wp-content\/uploads\/2023\/09\/WhatsApp-Image-2023-09-06-at-13.39.12-2-1-1024x1536.jpeg 1024w, https:\/\/www.joaopessoa.pb.gov.br\/wp-content\/uploads\/2023\/09\/WhatsApp-Image-2023-09-06-at-13.39.12-2-1-1366x2048.jpeg 1366w, https:\/\/www.joaopessoa.pb.gov.br\/wp-content\/uploads\/2023\/09\/WhatsApp-Image-2023-09-06-at-13.39.12-2-1-400x600.jpeg 400w, https:\/\/www.joaopessoa.pb.gov.br\/wp-content\/uploads\/2023\/09\/WhatsApp-Image-2023-09-06-at-13.39.12-2-1-scaled.jpeg 1707w\" alt=\"\" width=\"683\" height=\"1024\" data-id=\"324881\" title=\"\"><\/figure>\n<figure class=\"wp-block-image size-large\"><img decoding=\"async\" loading=\"lazy\" class=\"wp-image-324883\" src=\"https:\/\/www.joaopessoa.pb.gov.br\/wp-content\/uploads\/2023\/09\/WhatsApp-Image-2023-09-06-at-13.39.12-1-1-1024x683.jpeg\" sizes=\"auto, (max-width: 1024px) 100vw, 1024px\" srcset=\"https:\/\/www.joaopessoa.pb.gov.br\/wp-content\/uploads\/2023\/09\/WhatsApp-Image-2023-09-06-at-13.39.12-1-1-1024x683.jpeg 1024w, https:\/\/www.joaopessoa.pb.gov.br\/wp-content\/uploads\/2023\/09\/WhatsApp-Image-2023-09-06-at-13.39.12-1-1-768x512.jpeg 768w, https:\/\/www.joaopessoa.pb.gov.br\/wp-content\/uploads\/2023\/09\/WhatsApp-Image-2023-09-06-at-13.39.12-1-1-1536x1024.jpeg 1536w, https:\/\/www.joaopessoa.pb.gov.br\/wp-content\/uploads\/2023\/09\/WhatsApp-Image-2023-09-06-at-13.39.12-1-1-2048x1366.jpeg 2048w, https:\/\/www.joaopessoa.pb.gov.br\/wp-content\/uploads\/2023\/09\/WhatsApp-Image-2023-09-06-at-13.39.12-1-1-600x400.jpeg 600w\" alt=\"\" width=\"1024\" height=\"683\" data-id=\"324883\" title=\"\"><\/figure>\n<figure class=\"wp-block-image size-large\"><img decoding=\"async\" loading=\"lazy\" class=\"wp-image-324882\" src=\"https:\/\/www.joaopessoa.pb.gov.br\/wp-content\/uploads\/2023\/09\/WhatsApp-Image-2023-09-06-at-13.39.13-1-1-1024x683.jpeg\" sizes=\"auto, (max-width: 1024px) 100vw, 1024px\" srcset=\"https:\/\/www.joaopessoa.pb.gov.br\/wp-content\/uploads\/2023\/09\/WhatsApp-Image-2023-09-06-at-13.39.13-1-1-1024x683.jpeg 1024w, https:\/\/www.joaopessoa.pb.gov.br\/wp-content\/uploads\/2023\/09\/WhatsApp-Image-2023-09-06-at-13.39.13-1-1-768x512.jpeg 768w, https:\/\/www.joaopessoa.pb.gov.br\/wp-content\/uploads\/2023\/09\/WhatsApp-Image-2023-09-06-at-13.39.13-1-1-1536x1024.jpeg 1536w, https:\/\/www.joaopessoa.pb.gov.br\/wp-content\/uploads\/2023\/09\/WhatsApp-Image-2023-09-06-at-13.39.13-1-1-2048x1366.jpeg 2048w, https:\/\/www.joaopessoa.pb.gov.br\/wp-content\/uploads\/2023\/09\/WhatsApp-Image-2023-09-06-at-13.39.13-1-1-600x400.jpeg 600w\" alt=\"\" width=\"1024\" height=\"683\" data-id=\"324882\" title=\"\"><\/figure>\n<\/figure>\n<p>O diretor-geral do Ortotrauma, Alexandre Cesar, disse que, entre as v\u00e1rias interven\u00e7\u00f5es, a ala que cuida de pacientes graves era a mais cr\u00edtica. \u201cMas agora eles t\u00eam uma \u00e1rea exclusiva, para serem assistidos por um suporte m\u00e9dico e assistencial do hospital\u201d, afirmou.<\/p>\n<p><strong>Rede Hospitalar \u2013\u00a0<\/strong>Com mais essa melhoria, a rede hospitalar da Capital vai se estruturando para oferecer um atendimento com mais qualidade para a popula\u00e7\u00e3o. S\u00f3 no m\u00eas passado, o prefeito C\u00edcero Lucena j\u00e1 havia inaugurado o novo centro de imagem da UPA de Cruz das Armas, com uma ala verde, e o centro de imagem do Hospital Valentina Figueiredo.<\/p>\n<p>O post <a rel=\"nofollow noopener\" href=\"https:\/\/wscom.com.br\/cicero-lucena-entrega-nova-estrutura-de-urgencia-e-uti-do-ortotrauma-de-mangabeira\/\" target=\"_blank\">C\u00edcero Lucena entrega nova estrutura de urg\u00eancia e UTI do Ortotrauma de Mangabeira<\/a> apareceu primeiro em <a rel=\"nofollow noopener\" href=\"https:\/\/wscom.com.br\/\" target=\"_blank\">WSCOM<\/a>.<\/p>\n","protected":false},"excerpt":{"rendered":"<p>O prefeito C\u00edcero Lucena entregou, nesta quarta-feira (6), a nova estrutura do setor de urg\u00eancia cl\u00ednica e UTI do Complexo Hospitalar de Mangabeira (CHM), que ganhou 30 novos leitos. A unidade hospitalar tamb\u00e9m ganhou interven\u00e7\u00f5es para oferecer um atendimento mais humanizado, num ambiente climatizado, mais confort\u00e1vel e acolhedor. \u201cAl\u00e9m da qualidade t\u00e9cnica, do envolvimento profissional, [\u2026]<\/p>\n<p>O post <a rel=\"nofollow\" href=\"https:\/\/wscom.com.br\/cicero-lucena-entrega-nova-estrutura-de-urgencia-e-uti-do-ortotrauma-de-mangabeira\/\">C\u00edcero Lucena entrega nova estrutura de urg\u00eancia e UTI do Ortotrauma de Mangabeira<\/a> apareceu primeiro em <a rel=\"nofollow\" href=\"https:\/\/wscom.com.br\/\">WSCOM<\/a>.<\/p>\n","protected":false},"author":49,"featured_media":0,"comment_status":"closed","ping_status":"closed","sticky":false,"template":"","format":"standard","meta":{"advgb_blocks_editor_width":"","advgb_blocks_columns_visual_guide":"","footnotes":""},"categories":[227,34,71,8778,47,90],"tags":[35],"class_list":["post-33224","post","type-post","status-publish","format-standard","hentry","category-cicero-lucena","category-g1","category-joao-pessoa","category-ortotrauma-de-mangabeira","category-politica","category-saude","tag-g1"],"author_meta":{"display_name":"Cristiane Cavalcante","author_link":"https:\/\/sindaopcpb.org.br\/author\/cristiane-cavalcante\/"},"featured_img":null,"coauthors":[],"tax_additional":{"categories":{"linked":["<a href=\"https:\/\/sindaopcpb.org.br\/cicero-lucena\/\" class=\"advgb-post-tax-term\">cicero lucena<\/a>","<a href=\"https:\/\/sindaopcpb.org.br\/g1\/\" class=\"advgb-post-tax-term\">G1<\/a>","<a href=\"https:\/\/sindaopcpb.org.br\/joao-pessoa\/\" class=\"advgb-post-tax-term\">Jo\u00e3o Pessoa<\/a>","<a href=\"https:\/\/sindaopcpb.org.br\/ortotrauma-de-mangabeira\/\" class=\"advgb-post-tax-term\">Ortotrauma de Mangabeira<\/a>","<a href=\"https:\/\/sindaopcpb.org.br\/politica\/\" class=\"advgb-post-tax-term\">POLITICA<\/a>","<a href=\"https:\/\/sindaopcpb.org.br\/saude\/\" class=\"advgb-post-tax-term\">Sa\u00fade<\/a>"],"unlinked":["<span class=\"advgb-post-tax-term\">cicero lucena<\/span>","<span class=\"advgb-post-tax-term\">G1<\/span>","<span class=\"advgb-post-tax-term\">Jo\u00e3o Pessoa<\/span>","<span class=\"advgb-post-tax-term\">Ortotrauma de Mangabeira<\/span>","<span class=\"advgb-post-tax-term\">POLITICA<\/span>","<span class=\"advgb-post-tax-term\">Sa\u00fade<\/span>"]},"tags":{"linked":["<a href=\"https:\/\/sindaopcpb.org.br\/saude\/\" class=\"advgb-post-tax-term\">g1<\/a>"],"unlinked":["<span class=\"advgb-post-tax-term\">g1<\/span>"]}},"comment_count":"0","relative_dates":{"created":"Publicado 3 anos atr\u00e1s","modified":"Atualizado 3 anos atr\u00e1s"},"absolute_dates":{"created":"Publicado em 6 de setembro de 2023","modified":"Atualizado em 6 de setembro de 2023"},"absolute_dates_time":{"created":"Publicado em 6 de setembro de 2023 14:47","modified":"Atualizado em 6 de setembro de 2023 14:47"},"featured_img_caption":"","series_order":"","_links":{"self":[{"href":"https:\/\/sindaopcpb.org.br\/index.php\/wp-json\/wp\/v2\/posts\/33224","targetHints":{"allow":["GET"]}}],"collection":[{"href":"https:\/\/sindaopcpb.org.br\/index.php\/wp-json\/wp\/v2\/posts"}],"about":[{"href":"https:\/\/sindaopcpb.org.br\/index.php\/wp-json\/wp\/v2\/types\/post"}],"author":[{"embeddable":true,"href":"https:\/\/sindaopcpb.org.br\/index.php\/wp-json\/wp\/v2\/users\/49"}],"replies":[{"embeddable":true,"href":"https:\/\/sindaopcpb.org.br\/index.php\/wp-json\/wp\/v2\/comments?post=33224"}],"version-history":[{"count":1,"href":"https:\/\/sindaopcpb.org.br\/index.php\/wp-json\/wp\/v2\/posts\/33224\/revisions"}],"predecessor-version":[{"id":33225,"href":"https:\/\/sindaopcpb.org.br\/index.php\/wp-json\/wp\/v2\/posts\/33224\/revisions\/33225"}],"wp:attachment":[{"href":"https:\/\/sindaopcpb.org.br\/index.php\/wp-json\/wp\/v2\/media?parent=33224"}],"wp:term":[{"taxonomy":"category","embeddable":true,"href":"https:\/\/sindaopcpb.org.br\/index.php\/wp-json\/wp\/v2\/categories?post=33224"},{"taxonomy":"post_tag","embeddable":true,"href":"https:\/\/sindaopcpb.org.br\/index.php\/wp-json\/wp\/v2\/tags?post=33224"}],"curies":[{"name":"wp","href":"https:\/\/api.w.org\/{rel}","templated":true}]}}