{"id":33147,"date":"2023-09-06T09:45:10","date_gmt":"2023-09-06T12:45:10","guid":{"rendered":"https:\/\/g1.globo.com\/pb\/paraiba\/noticia\/2023\/09\/06\/veja-a-previsao-do-tempo-para-o-feriadao-de-7-de-setembro-na-paraiba.ghtml"},"modified":"2023-09-06T09:45:10","modified_gmt":"2023-09-06T12:45:10","slug":"veja-a-previsao-do-tempo-para-o-feriadao-de-7-de-setembro-na-paraiba","status":"publish","type":"post","link":"https:\/\/sindaopcpb.org.br\/index.php\/2023\/09\/06\/veja-a-previsao-do-tempo-para-o-feriadao-de-7-de-setembro-na-paraiba\/","title":{"rendered":"Veja a previs\u00e3o do tempo para o feriad\u00e3o de 7 de setembro, na Para\u00edba"},"content":{"rendered":"   <img src=\"https:\/\/s2.glbimg.com\/Kv6ykCpuDVOFr8KAuLdOaZNVm2E=\/i.s3.glbimg.com\/v1\/AUTH_59edd422c0c84a879bd37670ae4f538a\/internal_photos\/bs\/2020\/j\/Y\/yrf3fxRNyHlVi2sY2pLw\/joao-pessoa-litoral-paulo-cavalcanti.jpeg\" \/><br \/>     Neste feriado, o deslocamento de umidade oriunda do oceano Atl\u00e2ntico em dire\u00e7\u00e3o \u00e0 costa leste, trazida pelos ventos oce\u00e2nicos dever\u00e1 contribuir para a ocorr\u00eancia de chuvas esparsas sobre as regi\u00f5es do Brejo e Litoral.  Veja como fica a previs\u00e3o do tempo para o feriad\u00e3o de 7 de setembro, na Para\u00edba\nPaulo Cavalcanti\/Arquivo Pessoal\nA previs\u00e3o do tempo na Para\u00edba para o feriad\u00e3o de 7 de setembro tem varia\u00e7\u00e3o da temperatura m\u00ednima de 18\u00b0C no Cariri\/Curimata\u00fa e m\u00e1xima de 37\u00baC no Sert\u00e3o do estado.\nNesta quinta-feira (7), no Litoral, a temperatura varia de 22\u00b0C a 30\u00b0C, no Brejo de 19\u00b0C a 28\u00b0C , no Agreste de 20\u00b0C a 29\u00b0C, no Cariri\/Curimata\u00fa de 18\u00b0C a 33\u00b0C, no Sert\u00e3o de 21\u00b0C a 37\u00b0C e no Alto Sert\u00e3o de 20\u00b0C a 36\u00b0C.\nSegundo dados da Ag\u00eancia Executiva de Gest\u00e3o das \u00c1guas (Aesa), neste feriado, 7 de setembro, o deslocamento de umidade oriunda do oceano Atl\u00e2ntico em dire\u00e7\u00e3o \u00e0 costa leste, trazida pelos ventos oce\u00e2nicos dever\u00e1 contribuir para a ocorr\u00eancia de chuvas esparsas sobre as regi\u00f5es do Brejo e Litoral. Por outro lado, sobre as regi\u00f5es do Cariri\/Curimata\u00fa, Sert\u00e3o de Alto Sert\u00e3o o tempo dever\u00e1 permanecer com poucas nuvens favorecendo aos registros de altas temperaturas e baixos \u00edndices de umidade relativa do ar, principalmente no per\u00edodo da tarde.\nConfira a t\u00e1bua de mar\u00e9s\nPrevis\u00e3o do tempo em Jo\u00e3o Pessoa\nEm Jo\u00e3o Pessoa, a temperatura varia entre 22\u00b0C e 29\u00b0C na sexta-feira (8), com previs\u00e3o de sol com muitas nuvens durante o dia. Per\u00edodos de nublado, com chuva a qualquer hora. No s\u00e1bado, a temperatura varia entre 23\u00b0C e 30\u00b0C , com previs\u00e3o de sol com algumas nuvens e chuva passageira durante o dia. \u00c0 noite o tempo fica firme. No domingo, a temperatura varia entre 23\u00b0C e 31\u00b0C , com previs\u00e3o de sol com algumas nuvens e chuva passageira durante o dia. \u00c0 noite o tempo fica firme.\nPrevis\u00e3o do tempo em Campina Grande\nEm Campina Grande, a temperatura varia entre 20\u00b0C e 29\u00b0C na sexta-feira (8), com previs\u00e3o de sol e aumento de nuvens de manh\u00e3, com pancadas de chuva \u00e0 tarde e \u00e0 noite. No s\u00e1bado, a temperatura varia entre 19\u00b0C e 29\u00b0C, com sol e aumento de nuvens de manh\u00e3. Pancadas de chuva \u00e0 tarde e \u00e0 noite. No domingo, a temperatura varia entre 20\u00b0C e 28\u00b0C, com previs\u00e3o de sol e aumento de nuvens de manh\u00e3 e pancadas de chuva \u00e0 tarde e \u00e0 noite.\nV\u00eddeos mais assistidos do g1 Para\u00edba  ","protected":false},"excerpt":{"rendered":"<p>        Neste feriado, o deslocamento de umidade oriunda do oceano Atl\u00e2ntico em dire\u00e7\u00e3o \u00e0 costa leste, trazida pelos ventos oce\u00e2nicos dever\u00e1 contribuir para a ocorr\u00eancia de chuvas esparsas sobre as regi\u00f5es do Brejo e Litoral.  Veja como fica a previs\u00e3o&#8230;<\/p>\n","protected":false},"author":2,"featured_media":0,"comment_status":"closed","ping_status":"closed","sticky":false,"template":"","format":"standard","meta":{"advgb_blocks_editor_width":"","advgb_blocks_columns_visual_guide":"","footnotes":""},"categories":[34],"tags":[35],"class_list":["post-33147","post","type-post","status-publish","format-standard","hentry","category-g1","tag-g1"],"author_meta":{"display_name":"g1 &gt; Para\u00edba","author_link":"https:\/\/sindaopcpb.org.br\/author\/g1-paraiba\/"},"featured_img":null,"coauthors":[],"tax_additional":{"categories":{"linked":["<a href=\"https:\/\/sindaopcpb.org.br\/g1\/\" class=\"advgb-post-tax-term\">G1<\/a>"],"unlinked":["<span class=\"advgb-post-tax-term\">G1<\/span>"]},"tags":{"linked":["<a href=\"https:\/\/sindaopcpb.org.br\/g1\/\" class=\"advgb-post-tax-term\">g1<\/a>"],"unlinked":["<span class=\"advgb-post-tax-term\">g1<\/span>"]}},"comment_count":"0","relative_dates":{"created":"Publicado 3 anos atr\u00e1s","modified":"Atualizado 3 anos atr\u00e1s"},"absolute_dates":{"created":"Publicado em 6 de setembro de 2023","modified":"Atualizado em 6 de setembro de 2023"},"absolute_dates_time":{"created":"Publicado em 6 de setembro de 2023 09:45","modified":"Atualizado em 6 de setembro de 2023 09:45"},"featured_img_caption":"","series_order":"","_links":{"self":[{"href":"https:\/\/sindaopcpb.org.br\/index.php\/wp-json\/wp\/v2\/posts\/33147","targetHints":{"allow":["GET"]}}],"collection":[{"href":"https:\/\/sindaopcpb.org.br\/index.php\/wp-json\/wp\/v2\/posts"}],"about":[{"href":"https:\/\/sindaopcpb.org.br\/index.php\/wp-json\/wp\/v2\/types\/post"}],"author":[{"embeddable":true,"href":"https:\/\/sindaopcpb.org.br\/index.php\/wp-json\/wp\/v2\/users\/2"}],"replies":[{"embeddable":true,"href":"https:\/\/sindaopcpb.org.br\/index.php\/wp-json\/wp\/v2\/comments?post=33147"}],"version-history":[{"count":1,"href":"https:\/\/sindaopcpb.org.br\/index.php\/wp-json\/wp\/v2\/posts\/33147\/revisions"}],"predecessor-version":[{"id":33148,"href":"https:\/\/sindaopcpb.org.br\/index.php\/wp-json\/wp\/v2\/posts\/33147\/revisions\/33148"}],"wp:attachment":[{"href":"https:\/\/sindaopcpb.org.br\/index.php\/wp-json\/wp\/v2\/media?parent=33147"}],"wp:term":[{"taxonomy":"category","embeddable":true,"href":"https:\/\/sindaopcpb.org.br\/index.php\/wp-json\/wp\/v2\/categories?post=33147"},{"taxonomy":"post_tag","embeddable":true,"href":"https:\/\/sindaopcpb.org.br\/index.php\/wp-json\/wp\/v2\/tags?post=33147"}],"curies":[{"name":"wp","href":"https:\/\/api.w.org\/{rel}","templated":true}]}}