{"id":33107,"date":"2023-09-05T18:21:27","date_gmt":"2023-09-05T21:21:27","guid":{"rendered":"https:\/\/wpa.wscom.com.br\/?p=921501"},"modified":"2023-09-05T18:21:27","modified_gmt":"2023-09-05T21:21:27","slug":"kayky-brito-ficara-sedado-por-mais-48-horas-informa-boletim-medico","status":"publish","type":"post","link":"https:\/\/sindaopcpb.org.br\/index.php\/2023\/09\/05\/kayky-brito-ficara-sedado-por-mais-48-horas-informa-boletim-medico\/","title":{"rendered":"Kayky Brito ficar\u00e1 sedado por mais 48 horas, informa boletim m\u00e9dico"},"content":{"rendered":"<p>O ator Kayky Brito, de 34 anos, vai continuar sedado, em ventila\u00e7\u00e3o mec\u00e2nica, nas pr\u00f3ximas 48 horas, no Hospital Copa D\u2019Or, na zona sul do Rio de Janeiro, segundo boletim m\u00e9dico divulgado nesta ter\u00e7a-feira (5).\u00a0 A nota assinada pelos m\u00e9dicos assistentes Edno Wallace e Ney Pecegueiro e pelo diretor m\u00e9dico do Copa D\u2019Or, Marcelo London, diz ainda que Kayky se recupera das cirurgias a que foi submetido na segunda-feira (4). O ator foi diagnosticado com politraumatismo, al\u00e9m de traumatismo craniano, e permanece na Unidade de Terapia Intensiva (UTI).<img decoding=\"async\" src=\"https:\/\/agenciabrasil.ebc.com.br\/ebc.png?id=1553314&amp;o=node\" alt=\"\" title=\"\"><img decoding=\"async\" src=\"https:\/\/agenciabrasil.ebc.com.br\/ebc.gif?id=1553314&amp;o=node\" alt=\"\" title=\"\"><\/p>\n<p>Depois dos procedimentos cir\u00fargicos de ontem, Tamara Dalcanale, mulher do ator, postou uma mensagem no seu perfil no Instagram. \u201cHoje \u00e9 mais um dia de supera\u00e7\u00e3o! Kayky passou bem pela cirurgia que realizou hoje de manh\u00e3. Um dia de cada vez, unidos pela f\u00e9 e esperan\u00e7a de que ele ficar\u00e1 bem. Agrade\u00e7o a todos pelas mensagens e ora\u00e7\u00f5es, sem d\u00favida toda essa energia positiva est\u00e1 sendo importante para sua recupera\u00e7\u00e3o!\u201d, escreveu.<\/p>\n<p>O\u00a0boletim m\u00e9dico\u00a0divulgado\u00a0ontem\u00a0pela unidade hospitalar informava que o ator, que j\u00e1 estava sedado anteriormente, tinha passado por cirurgias para a fixa\u00e7\u00e3o de fratura na pelve e no bra\u00e7o direito.<\/p>\n<h2>Transfer\u00eancia<\/h2>\n<p>O ator foi transferido para o Copa D\u2019Or na tarde de s\u00e1bado (2). Antes, Kayky Brito recebeu os primeiros atendimentos no Hospital Miguel Couto, na G\u00e1vea, tamb\u00e9m na zona sul da capital. Ele foi levado para esta unidade hospitalar na madrugada de s\u00e1bado, depois de ser atropelado na Barra da Tijuca, na zona oeste do Rio. O ator estava com amigos em um quiosque na orla da praia e resolveu pegar algo no carro estacionado do outro lado da via. Imagens de c\u00e2meras de seguran\u00e7a do local mostram que ele foi atingido por um ve\u00edculo quando voltava correndo para o quiosque.<\/p>\n<p>Na dire\u00e7\u00e3o do carro estava um motorista de aplicativo, que parou o ve\u00edculo e aguardou a chegada de policiais e o atendimento do Corpo de Bombeiros. No carro, estavam a dentista Maria Estela Lima e a filha, que n\u00e3o ficaram feridas. No fim da tarde de ontem, Maria Estela prestou depoimento na 16\u00aaDP, na Barra da Tijuca e disse na sa\u00edda que o motorista n\u00e3o estava dirigindo com velocidade alta.<\/p>\n<p>\u201cA gente saiu do Shopping Pen\u00ednsula e veio em dire\u00e7\u00e3o ao Barramares. Estava supertranquilo. Durante o impacto, tamb\u00e9m, que houve a colis\u00e3o, meu corpo nem foi tanto para frente, o que mostra tamb\u00e9m que o motorista estava em uma velocidade tranquila. S\u00f3 que eu estava com minha filha e fiquei muito nervosa. Foi isso. Espero que Kayke se recupere r\u00e1pido\u201d, contou.<\/p>\n<p>O titular da 16\u00aa DP, delegado \u00c2ngelo Lages, que est\u00e1 conduzindo as investiga\u00e7\u00f5es, deve ouvir ainda hoje o tamb\u00e9m ator e apresentador Bruno de Lucca, um dos amigos que estavam com Kayky. Imagens da c\u00e2mera de seguran\u00e7a do local mostram o momento do atropelamento e Bruno, nervoso, na cal\u00e7ada do quiosque. Segundo o delegado, o motorista do carro de aplicativo tem colaborado com a pol\u00edcia desde o in\u00edcio. Depois de aguardar\u00a0no local a chegada da pol\u00edcia e do Corpo de Bombeiros para fazer o atendimento a Kayky, o motorista foi para a 16\u00aaDP, onde prestou depoimento e, em seguida, foi levado para Instituto M\u00e9dico Legal (IML) para ser submetido a teste de alcoolemia. O resultado deu negativo para a presen\u00e7a de bebida alco\u00f3lica.<\/p>\n<p>O post <a rel=\"nofollow noopener\" href=\"https:\/\/wscom.com.br\/kayky-brito-ficara-sedado-por-mais-48-horas-informa-boletim-medico\/\" target=\"_blank\">Kayky Brito ficar\u00e1 sedado por mais 48 horas, informa boletim m\u00e9dico<\/a> apareceu primeiro em <a rel=\"nofollow noopener\" href=\"https:\/\/wscom.com.br\/\" target=\"_blank\">WSCOM<\/a>.<\/p>\n","protected":false},"excerpt":{"rendered":"<p>O ator Kayky Brito, de 34 anos, vai continuar sedado, em ventila\u00e7\u00e3o mec\u00e2nica, nas pr\u00f3ximas 48 horas, no Hospital Copa D\u2019Or, na zona sul do Rio de Janeiro, segundo boletim m\u00e9dico divulgado nesta ter\u00e7a-feira (5).\u00a0 A nota assinada pelos m\u00e9dicos assistentes Edno Wallace e Ney Pecegueiro e pelo diretor m\u00e9dico do Copa D\u2019Or, Marcelo London, [\u2026]<\/p>\n<p>O post <a rel=\"nofollow\" href=\"https:\/\/wscom.com.br\/kayky-brito-ficara-sedado-por-mais-48-horas-informa-boletim-medico\/\">Kayky Brito ficar\u00e1 sedado por mais 48 horas, informa boletim m\u00e9dico<\/a> apareceu primeiro em <a rel=\"nofollow\" href=\"https:\/\/wscom.com.br\/\">WSCOM<\/a>.<\/p>\n","protected":false},"author":49,"featured_media":0,"comment_status":"closed","ping_status":"closed","sticky":false,"template":"","format":"standard","meta":{"advgb_blocks_editor_width":"","advgb_blocks_columns_visual_guide":"","footnotes":""},"categories":[8733,436,34,8734,138],"tags":[35],"class_list":["post-33107","post","type-post","status-publish","format-standard","hentry","category-ator-atropelado","category-celebridades","category-g1","category-kayky-brito","category-rio-de-janeiro","tag-g1"],"author_meta":{"display_name":"Cristiane Cavalcante","author_link":"https:\/\/sindaopcpb.org.br\/author\/cristiane-cavalcante\/"},"featured_img":null,"coauthors":[],"tax_additional":{"categories":{"linked":["<a href=\"https:\/\/sindaopcpb.org.br\/ator-atropelado\/\" class=\"advgb-post-tax-term\">ator atropelado<\/a>","<a href=\"https:\/\/sindaopcpb.org.br\/celebridades\/\" class=\"advgb-post-tax-term\">Celebridades<\/a>","<a href=\"https:\/\/sindaopcpb.org.br\/g1\/\" class=\"advgb-post-tax-term\">G1<\/a>","<a href=\"https:\/\/sindaopcpb.org.br\/kayky-brito\/\" class=\"advgb-post-tax-term\">Kayky Brito<\/a>","<a href=\"https:\/\/sindaopcpb.org.br\/rio-de-janeiro\/\" class=\"advgb-post-tax-term\">Rio de Janeiro<\/a>"],"unlinked":["<span class=\"advgb-post-tax-term\">ator atropelado<\/span>","<span class=\"advgb-post-tax-term\">Celebridades<\/span>","<span class=\"advgb-post-tax-term\">G1<\/span>","<span class=\"advgb-post-tax-term\">Kayky Brito<\/span>","<span class=\"advgb-post-tax-term\">Rio de Janeiro<\/span>"]},"tags":{"linked":["<a href=\"https:\/\/sindaopcpb.org.br\/rio-de-janeiro\/\" class=\"advgb-post-tax-term\">g1<\/a>"],"unlinked":["<span class=\"advgb-post-tax-term\">g1<\/span>"]}},"comment_count":"0","relative_dates":{"created":"Publicado 3 anos atr\u00e1s","modified":"Atualizado 3 anos atr\u00e1s"},"absolute_dates":{"created":"Publicado em 5 de setembro de 2023","modified":"Atualizado em 5 de setembro de 2023"},"absolute_dates_time":{"created":"Publicado em 5 de setembro de 2023 18:21","modified":"Atualizado em 5 de setembro de 2023 18:21"},"featured_img_caption":"","series_order":"","_links":{"self":[{"href":"https:\/\/sindaopcpb.org.br\/index.php\/wp-json\/wp\/v2\/posts\/33107","targetHints":{"allow":["GET"]}}],"collection":[{"href":"https:\/\/sindaopcpb.org.br\/index.php\/wp-json\/wp\/v2\/posts"}],"about":[{"href":"https:\/\/sindaopcpb.org.br\/index.php\/wp-json\/wp\/v2\/types\/post"}],"author":[{"embeddable":true,"href":"https:\/\/sindaopcpb.org.br\/index.php\/wp-json\/wp\/v2\/users\/49"}],"replies":[{"embeddable":true,"href":"https:\/\/sindaopcpb.org.br\/index.php\/wp-json\/wp\/v2\/comments?post=33107"}],"version-history":[{"count":1,"href":"https:\/\/sindaopcpb.org.br\/index.php\/wp-json\/wp\/v2\/posts\/33107\/revisions"}],"predecessor-version":[{"id":33108,"href":"https:\/\/sindaopcpb.org.br\/index.php\/wp-json\/wp\/v2\/posts\/33107\/revisions\/33108"}],"wp:attachment":[{"href":"https:\/\/sindaopcpb.org.br\/index.php\/wp-json\/wp\/v2\/media?parent=33107"}],"wp:term":[{"taxonomy":"category","embeddable":true,"href":"https:\/\/sindaopcpb.org.br\/index.php\/wp-json\/wp\/v2\/categories?post=33107"},{"taxonomy":"post_tag","embeddable":true,"href":"https:\/\/sindaopcpb.org.br\/index.php\/wp-json\/wp\/v2\/tags?post=33107"}],"curies":[{"name":"wp","href":"https:\/\/api.w.org\/{rel}","templated":true}]}}