{"id":33075,"date":"2023-09-05T17:43:55","date_gmt":"2023-09-05T20:43:55","guid":{"rendered":"https:\/\/wpa.wscom.com.br\/?p=921492"},"modified":"2023-09-05T17:43:55","modified_gmt":"2023-09-05T20:43:55","slug":"eleicao-do-diretorio-municipal-do-pt-tulio-campos-inscreve-candidatura-acompanhado-de-liderancas","status":"publish","type":"post","link":"https:\/\/sindaopcpb.org.br\/index.php\/2023\/09\/05\/eleicao-do-diretorio-municipal-do-pt-tulio-campos-inscreve-candidatura-acompanhado-de-liderancas\/","title":{"rendered":"Elei\u00e7\u00e3o do Diret\u00f3rio Municipal do PT: T\u00falio Campos inscreve candidatura acompanhado de lideran\u00e7as"},"content":{"rendered":"<p>Aconteceu nesta ter\u00e7a-feira (5) o registro das candidaturas para a disputa do cargo de presidente do Diret\u00f3rio Municipal do Partido dos Trabalhadores (PT) em Jo\u00e3o Pessoa, na Para\u00edba. O prazo para a inscri\u00e7\u00e3o terminou hoje.<\/p>\n<p>O Processo Eletivo Direto &#8211; Pedex, \u00e9 o processo de elei\u00e7\u00e3o para os diret\u00f3rios do Partido dos Trabalhadores (PT), e nele podem votar os filiados e filiadas \u00e0 agremia\u00e7\u00e3o.<\/p>\n<p>Em Jo\u00e3o Pessoa a elei\u00e7\u00e3o ocorre de forma extraordin\u00e1ria j\u00e1 que a inst\u00e2ncia partid\u00e1ria local sofreu uma interven\u00e7\u00e3o em 2020.<\/p>\n<p>A inscri\u00e7\u00e3o das candidaturas foi realizada na sede do PT da Para\u00edba, localizada no bairro de Jaguaribe, e contou com a presen\u00e7a de varias correntes internas e seus representantes.<\/p>\n<p>Entre os nomes inscritos para a disputa est\u00e1 o do advogado Marcus T\u00falio, que unificou as tend\u00eancias do PT Democracia Socialista, Milit\u00e2ncia Socialista e Articula\u00e7\u00e3o de Esquerda, que no \u00faltimo s\u00e1bado (2) selaram um acordo para unificar o apoio ao advogado.<\/p>\n<p>A corrente Construindo um Novo Brasil, liderada pelo vereador Marcos Henriques e pelo presidente do PT-PB, Jackson Macedo, tamb\u00e9m anunciou seu apoio \u00e0 candidatura de Marcus Tu\u0301lio.<\/p>\n<p>A elei\u00e7\u00e3o ocorrer\u00e1 no dia 08 de outubro de 2023.<\/p>\n<p>O post <a rel=\"nofollow noopener\" href=\"https:\/\/wscom.com.br\/eleicao-do-diretorio-municipal-do-pt-tulio-campos-inscreve-candidatura-acompanhado-de-liderancas\/\" target=\"_blank\">Elei\u00e7\u00e3o do Diret\u00f3rio Municipal do PT: T\u00falio Campos inscreve candidatura acompanhado de lideran\u00e7as<\/a> apareceu primeiro em <a rel=\"nofollow noopener\" href=\"https:\/\/wscom.com.br\/\" target=\"_blank\">WSCOM<\/a>.<\/p>\n","protected":false},"excerpt":{"rendered":"<p>Aconteceu nesta ter\u00e7a-feira (5) o registro das candidaturas para a disputa do cargo de presidente do Diret\u00f3rio Municipal do Partido dos Trabalhadores (PT) em Jo\u00e3o Pessoa, na Para\u00edba. O prazo para a inscri\u00e7\u00e3o terminou hoje. O Processo Eletivo Direto \u2013 Pedex, \u00e9 o processo de elei\u00e7\u00e3o para os diret\u00f3rios do Partido dos Trabalhadores (PT), e [\u2026]<\/p>\n<p>O post <a rel=\"nofollow\" href=\"https:\/\/wscom.com.br\/eleicao-do-diretorio-municipal-do-pt-tulio-campos-inscreve-candidatura-acompanhado-de-liderancas\/\">Elei\u00e7\u00e3o do Diret\u00f3rio Municipal do PT: T\u00falio Campos inscreve candidatura acompanhado de lideran\u00e7as<\/a> apareceu primeiro em <a rel=\"nofollow\" href=\"https:\/\/wscom.com.br\/\">WSCOM<\/a>.<\/p>\n","protected":false},"author":49,"featured_media":0,"comment_status":"closed","ping_status":"closed","sticky":false,"template":"","format":"standard","meta":{"advgb_blocks_editor_width":"","advgb_blocks_columns_visual_guide":"","footnotes":""},"categories":[34,8716,8717,47,3699],"tags":[35],"class_list":["post-33075","post","type-post","status-publish","format-standard","hentry","category-g1","category-marcus-tulio","category-pedex","category-politica","category-pt-jp","tag-g1"],"author_meta":{"display_name":"Cristiane Cavalcante","author_link":"https:\/\/sindaopcpb.org.br\/author\/cristiane-cavalcante\/"},"featured_img":null,"coauthors":[],"tax_additional":{"categories":{"linked":["<a href=\"https:\/\/sindaopcpb.org.br\/g1\/\" class=\"advgb-post-tax-term\">G1<\/a>","<a href=\"https:\/\/sindaopcpb.org.br\/marcus-tulio\/\" class=\"advgb-post-tax-term\">Marcus T\u00falio<\/a>","<a href=\"https:\/\/sindaopcpb.org.br\/pedex\/\" class=\"advgb-post-tax-term\">Pedex<\/a>","<a href=\"https:\/\/sindaopcpb.org.br\/politica\/\" class=\"advgb-post-tax-term\">POLITICA<\/a>","<a href=\"https:\/\/sindaopcpb.org.br\/pt-jp\/\" class=\"advgb-post-tax-term\">PT-JP<\/a>"],"unlinked":["<span class=\"advgb-post-tax-term\">G1<\/span>","<span class=\"advgb-post-tax-term\">Marcus T\u00falio<\/span>","<span class=\"advgb-post-tax-term\">Pedex<\/span>","<span class=\"advgb-post-tax-term\">POLITICA<\/span>","<span class=\"advgb-post-tax-term\">PT-JP<\/span>"]},"tags":{"linked":["<a href=\"https:\/\/sindaopcpb.org.br\/pt-jp\/\" class=\"advgb-post-tax-term\">g1<\/a>"],"unlinked":["<span class=\"advgb-post-tax-term\">g1<\/span>"]}},"comment_count":"0","relative_dates":{"created":"Publicado 3 anos atr\u00e1s","modified":"Atualizado 3 anos atr\u00e1s"},"absolute_dates":{"created":"Publicado em 5 de setembro de 2023","modified":"Atualizado em 5 de setembro de 2023"},"absolute_dates_time":{"created":"Publicado em 5 de setembro de 2023 17:43","modified":"Atualizado em 5 de setembro de 2023 17:43"},"featured_img_caption":"","series_order":"","_links":{"self":[{"href":"https:\/\/sindaopcpb.org.br\/index.php\/wp-json\/wp\/v2\/posts\/33075","targetHints":{"allow":["GET"]}}],"collection":[{"href":"https:\/\/sindaopcpb.org.br\/index.php\/wp-json\/wp\/v2\/posts"}],"about":[{"href":"https:\/\/sindaopcpb.org.br\/index.php\/wp-json\/wp\/v2\/types\/post"}],"author":[{"embeddable":true,"href":"https:\/\/sindaopcpb.org.br\/index.php\/wp-json\/wp\/v2\/users\/49"}],"replies":[{"embeddable":true,"href":"https:\/\/sindaopcpb.org.br\/index.php\/wp-json\/wp\/v2\/comments?post=33075"}],"version-history":[{"count":1,"href":"https:\/\/sindaopcpb.org.br\/index.php\/wp-json\/wp\/v2\/posts\/33075\/revisions"}],"predecessor-version":[{"id":33076,"href":"https:\/\/sindaopcpb.org.br\/index.php\/wp-json\/wp\/v2\/posts\/33075\/revisions\/33076"}],"wp:attachment":[{"href":"https:\/\/sindaopcpb.org.br\/index.php\/wp-json\/wp\/v2\/media?parent=33075"}],"wp:term":[{"taxonomy":"category","embeddable":true,"href":"https:\/\/sindaopcpb.org.br\/index.php\/wp-json\/wp\/v2\/categories?post=33075"},{"taxonomy":"post_tag","embeddable":true,"href":"https:\/\/sindaopcpb.org.br\/index.php\/wp-json\/wp\/v2\/tags?post=33075"}],"curies":[{"name":"wp","href":"https:\/\/api.w.org\/{rel}","templated":true}]}}