{"id":33021,"date":"2023-09-05T12:36:46","date_gmt":"2023-09-05T15:36:46","guid":{"rendered":"https:\/\/www.infomoney.com.br\/?p=2235001"},"modified":"2023-09-05T12:36:46","modified_gmt":"2023-09-05T15:36:46","slug":"lula-defende-sigilo-sobre-votos-dos-ministros-do-stf","status":"publish","type":"post","link":"https:\/\/sindaopcpb.org.br\/index.php\/2023\/09\/05\/lula-defende-sigilo-sobre-votos-dos-ministros-do-stf\/","title":{"rendered":"Lula defende sigilo sobre votos dos ministros do STF"},"content":{"rendered":"<p><img loading=\"lazy\" width=\"300\" height=\"179\" src=\"https:\/\/www.infomoney.com.br\/wp-content\/uploads\/2023\/03\/stf.jpg?fit=300%2C179&amp;quality=70&amp;strip=all\" class=\"attachment-medium size-medium wp-post-image\" alt=\"\" decoding=\"async\" style=\"float:right; margin:0 0 10px 10px;\" srcset=\"https:\/\/www.infomoney.com.br\/wp-content\/uploads\/2023\/03\/stf.jpg?w=1170&amp;quality=70&amp;strip=all 1170w, https:\/\/www.infomoney.com.br\/wp-content\/uploads\/2023\/03\/stf.jpg?w=300&amp;quality=70&amp;strip=all 300w, https:\/\/www.infomoney.com.br\/wp-content\/uploads\/2023\/03\/stf.jpg?w=768&amp;quality=70&amp;strip=all 768w, https:\/\/www.infomoney.com.br\/wp-content\/uploads\/2023\/03\/stf.jpg?w=150&amp;quality=70&amp;strip=all 150w\" sizes=\"auto, (max-width: 300px) 100vw, 300px\" data-attachment-id=\"2083028\" data-permalink=\"https:\/\/www.infomoney.com.br\/carreira\/stf-derruba-lei-que-obrigava-sala-de-descanso-para-enfermeiros-em-sp\/attachment\/stf-10\/\" data-orig-file=\"https:\/\/www.infomoney.com.br\/wp-content\/uploads\/2023\/03\/stf.jpg?fit=1170%2C700&amp;quality=70&amp;strip=all\" data-orig-size=\"1170,700\" data-comments-opened=\"0\" data-image-meta=\"{&quot;aperture&quot;:&quot;4&quot;,&quot;credit&quot;:&quot;Carlos Moura\\\/SCO\\\/STF&quot;,&quot;camera&quot;:&quot;NIKON D500&quot;,&quot;caption&quot;:&quot;Bras\\u00edlia (DF), 15.03.2023- Sess\\u00e3o plen\\u00e1ria do STF. - Ministros durante a sess\\u00e3o plen\\u00e1ria do STF.  Foto: Carlos Moura\\\/SCO\\\/STF&quot;,&quot;created_timestamp&quot;:&quot;1678892875&quot;,&quot;copyright&quot;:&quot;&quot;,&quot;focal_length&quot;:&quot;17&quot;,&quot;iso&quot;:&quot;3200&quot;,&quot;shutter_speed&quot;:&quot;0.00625&quot;,&quot;title&quot;:&quot;&quot;,&quot;orientation&quot;:&quot;1&quot;}\" data-image-title=\"Plen\u00e1rio do STF\" data-image-description=\"\" data-image-caption=\"&lt;p&gt;Ministros do Supremo durante a sess\u00e3o plen\u00e1ria de 15 de mar\u00e7o de 2023 (Foto: Carlos Moura\/STF)&lt;\/p&gt;\n\" data-medium-file=\"https:\/\/www.infomoney.com.br\/wp-content\/uploads\/2023\/03\/stf.jpg?fit=300%2C179&amp;quality=70&amp;strip=all\" data-large-file=\"https:\/\/www.infomoney.com.br\/wp-content\/uploads\/2023\/03\/stf.jpg?fit=1170%2C700&amp;quality=70&amp;strip=all\" title=\"\"><\/p>\n<p>O presidente Luiz In&aacute;cio Lula da Silva defendeu, nesta ter&ccedil;a-feira (5), o sigilo dos votos dos ministros do Supremo Tribunal Federal (STF) com a divulga&ccedil;&atilde;o dos placares das vota&ccedil;&otilde;es da corte sem que seja especificado como cada magistrado votou.<\/p>\n<p>Em sua live semanal &ldquo;Conversa com o Presidente&rdquo;, Lula defendeu a mudan&ccedil;a como uma forma de &ldquo;n&atilde;o criar animosidade&rdquo; contra os ministros do Supremo.<\/p>\n<p>&ldquo;Se eu pudesse dar um conselho &eacute; o seguinte: a sociedade n&atilde;o tem que saber como vota um ministro da Suprema Corte. Eu acho que o cara tem que votar e ningu&eacute;m precisa saber&rdquo;, disse Lula.<\/p>\n<p>&ldquo;Para a gente n&atilde;o criar animosidade, eu acho que &eacute; preciso come&ccedil;ar a pensar se n&atilde;o &eacute; o jeito da gente mudar o que est&aacute; acontecendo no Brasil, porque do jeito que vai daqui a pouco um ministro da Suprema Corte n&atilde;o pode mais sair na rua, n&atilde;o pode mais passear com sua fam&iacute;lia, porque tem um cara que n&atilde;o gostou de alguma decis&atilde;o dele&rdquo;, acrescentou.<\/p>\n<p>A fala de Lula vem depois de o ministro Alexandre de Moraes e familiares serem hostilizados no aeroporto de Roma por um grupo de brasileiros cr&iacute;ticos a decis&otilde;es recentes do ministro. Na ocasi&atilde;o, quando voltava de uma palestra na It&aacute;lia realizada em julho, Moraes teria sido xingado pelo grupo e o filho do ministro agredido com um tapa no rosto.<\/p>\n<p>Na segunda-feira, o Minist&eacute;rio da Justi&ccedil;a informou que recebeu das autoridades italianas as imagens do circuito interno do aeroporto de Roma que registraram o epis&oacute;dio e as encaminhou para a Pol&iacute;cia Federal.<\/p>\n<\/p>\n<div class=\"cta-end\">\n<div class=\"im-cta\" >\n<div class=\"im-shortcode-forms bg-light bg-opacity-25 border rounded-4 p-3 p-sm-4 p-md-3 p-lg-4 px-xxl-5 my-5\" data-configuration='{\"form_name\":false,\"form_hat\":\"Newsletter\",\"form_email\":true,\"form_icon\":\"newsletter\",\"form_phone\":false,\"form_campaign\":\"NIM\",\"form_thankyou\":\"\",\"form_journey\":\"APIEvent-26a5198d-8e09-06ef-5f80-cd9127757ad1\",\"form_button\":\"Quero receber\",\"form_context\":\"newsletter\",\"form_origin\":\"https:\\\/\\\/www.infomoney.com.br\\\/politica\\\/feed\\\/?utm_medium=materia&#038;utm_source=infomoney&#038;utm_campaign=NIM&#038;utm_term=politica&#038;utm_content=newsletter\",\"form_position\":\"final\",\"form_category\":\"cta_form\"}'>\n<div class=\"d-flex flex-column align-items-center align-items-lg-start mb-4 flex-lg-row\">\n<div class=\"rounded-circle mb-2 mb-lg-0 mr-lg-4 me-lg-4 p-3 p-lg-4 bg-blue-400\"><svg width=\"40\" height=\"40\" viewBox=\"0 0 40 40\" fill=\"none\" xmlns=\"http:\/\/www.w3.org\/2000\/svg\"><path d=\"M20 20.25 6.042 11.042v19.041c0 .167.048.299.146.396a.535.535 0 0 0 .395.146h15.792V32.5H6.583a2.328 2.328 0 0 1-1.708-.708 2.328 2.328 0 0 1-.708-1.709V9.917c0-.667.236-1.236.708-1.709A2.328 2.328 0 0 1 6.583 7.5h26.834c.666 0 1.236.236 1.708.708a2.33 2.33 0 0 1 .708 1.709v12.458h-1.875V11.042L20 20.25Zm0-2 13.667-8.875H6.333L20 18.25Zm11.75 18.958-1.292-1.333 3.334-3.375h-9v-1.875h9l-3.375-3.417 1.333-1.291 5.667 5.625-5.667 5.666ZM6.042 11.042v20.791-9.458.25-13.25 1.667Z\" fill=\"#fff\"\/><\/svg><\/div>\n<div class=\"flex-fill text-center text-lg-left\">\n<div class=\"h6 small text-orange-700 lh-base mb-1\">Newsletter<\/div>\n<div class=\"text-body h4 m-0\">Infomorning<\/div>\n<div class=\"text-body small lh-base mt-2\">Receba no seu e-mail logo pela manh&atilde; as not&iacute;cias que v&atilde;o mexer com os mercados, com os seus investimentos e o seu bolso durante o dia<\/div>\n<\/div>\n<\/div>\n<\/div>\n<\/div>\n<\/div>\n<p>The post <a rel=\"nofollow noopener\" href=\"https:\/\/www.infomoney.com.br\/politica\/lula-defende-sigilo-sobre-votos-dos-ministros-do-stf\/\" target=\"_blank\">Lula defende sigilo sobre votos dos ministros do STF<\/a> appeared first on <a rel=\"nofollow noopener\" href=\"https:\/\/www.infomoney.com.br\/\" target=\"_blank\">InfoMoney<\/a>.<\/p>\n","protected":false},"excerpt":{"rendered":"<p><img loading=\"lazy\" decoding=\"async\" width=\"300\" height=\"179\" src=\"https:\/\/www.infomoney.com.br\/wp-content\/uploads\/2023\/03\/stf.jpg?fit=300%2C179&amp;quality=70&amp;strip=all\" class=\"attachment-medium size-medium wp-post-image\" alt=\"\" data-attachment-id=\"2083028\" data-permalink=\"https:\/\/www.infomoney.com.br\/carreira\/stf-derruba-lei-que-obrigava-sala-de-descanso-para-enfermeiros-em-sp\/attachment\/stf-10\/\" data-orig-file=\"https:\/\/www.infomoney.com.br\/wp-content\/uploads\/2023\/03\/stf.jpg?fit=1170%2C700&amp;quality=70&amp;strip=all\" data-orig-size=\"1170,700\" data-comments-opened=\"0\" data-image-meta='{\"aperture\":\"4\",\"credit\":\"Carlos Moura\\\/SCO\\\/STF\",\"camera\":\"NIKON D500\",\"caption\":\"Bras\\u00edlia (DF), 15.03.2023- Sess\\u00e3o plen\\u00e1ria do STF. - Ministros durante a sess\\u00e3o plen\\u00e1ria do STF.  Foto: Carlos Moura\\\/SCO\\\/STF\",\"created_timestamp\":\"1678892875\",\"copyright\":\"\",\"focal_length\":\"17\",\"iso\":\"3200\",\"shutter_speed\":\"0.00625\",\"title\":\"\",\"orientation\":\"1\"}' data-image-title=\"Plen\u00e1rio do STF\" data-image-description=\"\" data-image-caption=\"&lt;p&gt;Ministros do Supremo durante a sess\u00e3o plen\u00e1ria de 15 de mar\u00e7o de 2023 (Foto: Carlos Moura\/STF)&lt;\/p&gt;\n\" data-medium-file=\"https:\/\/www.infomoney.com.br\/wp-content\/uploads\/2023\/03\/stf.jpg?fit=300%2C179&amp;quality=70&amp;strip=all\" data-large-file=\"https:\/\/www.infomoney.com.br\/wp-content\/uploads\/2023\/03\/stf.jpg?fit=1170%2C700&amp;quality=70&amp;strip=all\">&#8216;A sociedade n\u00e3o tem que saber como vota um ministro da Suprema Corte. Eu acho que o cara tem que votar e ningu\u00e9m precisa saber&#8217;, disse<\/p>\n<p>The post <a rel=\"nofollow\" href=\"https:\/\/www.infomoney.com.br\/politica\/lula-defende-sigilo-sobre-votos-dos-ministros-do-stf\/\">Lula defende sigilo sobre votos dos ministros do STF<\/a> appeared first on <a rel=\"nofollow\" href=\"https:\/\/www.infomoney.com.br\/\">InfoMoney<\/a>.<\/p>\n","protected":false},"author":46,"featured_media":0,"comment_status":"closed","ping_status":"closed","sticky":false,"template":"","format":"standard","meta":{"advgb_blocks_editor_width":"","advgb_blocks_columns_visual_guide":"","footnotes":""},"categories":[34,129,1797,47,449],"tags":[35],"class_list":["post-33021","post","type-post","status-publish","format-standard","hentry","category-g1","category-luiz-inacio-lula-da-silva","category-poder-judiciario","category-politica","category-stf","tag-g1"],"author_meta":{"display_name":"Reuters","author_link":"https:\/\/sindaopcpb.org.br\/author\/reuters\/"},"featured_img":null,"coauthors":[],"tax_additional":{"categories":{"linked":["<a href=\"https:\/\/sindaopcpb.org.br\/g1\/\" class=\"advgb-post-tax-term\">G1<\/a>","<a href=\"https:\/\/sindaopcpb.org.br\/luiz-inacio-lula-da-silva\/\" class=\"advgb-post-tax-term\">Luiz In\u00e1cio Lula da Silva<\/a>","<a href=\"https:\/\/sindaopcpb.org.br\/poder-judiciario\/\" class=\"advgb-post-tax-term\">Poder Judici\u00e1rio<\/a>","<a href=\"https:\/\/sindaopcpb.org.br\/politica\/\" class=\"advgb-post-tax-term\">POLITICA<\/a>","<a href=\"https:\/\/sindaopcpb.org.br\/stf\/\" class=\"advgb-post-tax-term\">STF<\/a>"],"unlinked":["<span class=\"advgb-post-tax-term\">G1<\/span>","<span class=\"advgb-post-tax-term\">Luiz In\u00e1cio Lula da Silva<\/span>","<span class=\"advgb-post-tax-term\">Poder Judici\u00e1rio<\/span>","<span class=\"advgb-post-tax-term\">POLITICA<\/span>","<span class=\"advgb-post-tax-term\">STF<\/span>"]},"tags":{"linked":["<a href=\"https:\/\/sindaopcpb.org.br\/stf\/\" class=\"advgb-post-tax-term\">g1<\/a>"],"unlinked":["<span class=\"advgb-post-tax-term\">g1<\/span>"]}},"comment_count":"0","relative_dates":{"created":"Publicado 3 anos atr\u00e1s","modified":"Atualizado 3 anos atr\u00e1s"},"absolute_dates":{"created":"Publicado em 5 de setembro de 2023","modified":"Atualizado em 5 de setembro de 2023"},"absolute_dates_time":{"created":"Publicado em 5 de setembro de 2023 12:36","modified":"Atualizado em 5 de setembro de 2023 12:36"},"featured_img_caption":"","series_order":"","_links":{"self":[{"href":"https:\/\/sindaopcpb.org.br\/index.php\/wp-json\/wp\/v2\/posts\/33021","targetHints":{"allow":["GET"]}}],"collection":[{"href":"https:\/\/sindaopcpb.org.br\/index.php\/wp-json\/wp\/v2\/posts"}],"about":[{"href":"https:\/\/sindaopcpb.org.br\/index.php\/wp-json\/wp\/v2\/types\/post"}],"author":[{"embeddable":true,"href":"https:\/\/sindaopcpb.org.br\/index.php\/wp-json\/wp\/v2\/users\/46"}],"replies":[{"embeddable":true,"href":"https:\/\/sindaopcpb.org.br\/index.php\/wp-json\/wp\/v2\/comments?post=33021"}],"version-history":[{"count":2,"href":"https:\/\/sindaopcpb.org.br\/index.php\/wp-json\/wp\/v2\/posts\/33021\/revisions"}],"predecessor-version":[{"id":33041,"href":"https:\/\/sindaopcpb.org.br\/index.php\/wp-json\/wp\/v2\/posts\/33021\/revisions\/33041"}],"wp:attachment":[{"href":"https:\/\/sindaopcpb.org.br\/index.php\/wp-json\/wp\/v2\/media?parent=33021"}],"wp:term":[{"taxonomy":"category","embeddable":true,"href":"https:\/\/sindaopcpb.org.br\/index.php\/wp-json\/wp\/v2\/categories?post=33021"},{"taxonomy":"post_tag","embeddable":true,"href":"https:\/\/sindaopcpb.org.br\/index.php\/wp-json\/wp\/v2\/tags?post=33021"}],"curies":[{"name":"wp","href":"https:\/\/api.w.org\/{rel}","templated":true}]}}