{"id":32955,"date":"2023-09-05T07:56:22","date_gmt":"2023-09-05T10:56:22","guid":{"rendered":"https:\/\/wpa.wscom.com.br\/?p=921383"},"modified":"2023-09-05T07:56:22","modified_gmt":"2023-09-05T10:56:22","slug":"jovem-de-21-anos-e-assassinado-a-tiros-em-comunidade-de-cabedelo","status":"publish","type":"post","link":"https:\/\/sindaopcpb.org.br\/index.php\/2023\/09\/05\/jovem-de-21-anos-e-assassinado-a-tiros-em-comunidade-de-cabedelo\/","title":{"rendered":"Jovem de 21 anos \u00e9 assassinado a tiros em comunidade de Cabedelo"},"content":{"rendered":"<p>&nbsp;<\/p>\n<p>&nbsp;<\/p>\n<p>Um jovem de 21 anos, identificado como Arnaldo da Silva Neto, foi morto a tiros na noite de segunda-feira (4) na comunidade Portelinha, em Cabedelo, Regi\u00e3o Metropolitana de Jo\u00e3o Pessoa. A v\u00edtima foi surpreendida por v\u00e1rios disparos de arma de fogo, alguns dos quais atingiram a regi\u00e3o da cabe\u00e7a. Apesar de ter sido socorrido por populares e levado ao hospital municipal de Cabedelo, ele n\u00e3o resistiu aos ferimentos e faleceu.<\/p>\n<p>Este \u00e9 o terceiro incidente violento na comunidade Portelinha em um curto per\u00edodo de tempo. No domingo (3) ocorreu uma tentativa de homic\u00eddio, e em 29 de agosto, outra pessoa foi assassinada no mesmo local.<\/p>\n<p>A Pol\u00edcia Civil est\u00e1 encarregada de investigar o crime, buscando desvendar a motiva\u00e7\u00e3o por tr\u00e1s do assassinato e identificar os respons\u00e1veis. At\u00e9 o momento, nenhum suspeito foi preso, mas, segundo a Pol\u00edcia Militar, existem ind\u00edcios da autoria.<\/p>\n<p>O post <a rel=\"nofollow noopener\" href=\"https:\/\/wscom.com.br\/jovem-de-21-anos-e-assassinado-a-tiros-em-comunidade-de-cabedelo\/\" target=\"_blank\">Jovem de 21 anos \u00e9 assassinado a tiros em comunidade de Cabedelo<\/a> apareceu primeiro em <a rel=\"nofollow noopener\" href=\"https:\/\/wscom.com.br\/\" target=\"_blank\">WSCOM<\/a>.<\/p>\n","protected":false},"excerpt":{"rendered":"<p>\u00a0 \u00a0 Um jovem de 21 anos, identificado como Arnaldo da Silva Neto, foi morto a tiros na noite de segunda-feira (4) na comunidade Portelinha, em Cabedelo, Regi\u00e3o Metropolitana de Jo\u00e3o Pessoa. A v\u00edtima foi surpreendida por v\u00e1rios disparos de arma de fogo, alguns dos quais atingiram a regi\u00e3o da cabe\u00e7a. Apesar de ter sido [\u2026]<\/p>\n<p>O post <a rel=\"nofollow\" href=\"https:\/\/wscom.com.br\/jovem-de-21-anos-e-assassinado-a-tiros-em-comunidade-de-cabedelo\/\">Jovem de 21 anos \u00e9 assassinado a tiros em comunidade de Cabedelo<\/a> apareceu primeiro em <a rel=\"nofollow\" href=\"https:\/\/wscom.com.br\/\">WSCOM<\/a>.<\/p>\n","protected":false},"author":42,"featured_media":0,"comment_status":"closed","ping_status":"closed","sticky":false,"template":"","format":"standard","meta":{"advgb_blocks_editor_width":"","advgb_blocks_columns_visual_guide":"","footnotes":""},"categories":[8694,685,471,8695,34,66],"tags":[35],"class_list":["post-32955","post","type-post","status-publish","format-standard","hentry","category-arnaldo-da-silva-neto","category-assassinato","category-cabedelo","category-comunidade-portelinha","category-g1","category-policial","tag-g1"],"author_meta":{"display_name":"Rafael Andrade","author_link":"https:\/\/sindaopcpb.org.br\/author\/rafael-andrade\/"},"featured_img":null,"coauthors":[],"tax_additional":{"categories":{"linked":["<a href=\"https:\/\/sindaopcpb.org.br\/arnaldo-da-silva-neto\/\" class=\"advgb-post-tax-term\">Arnaldo da Silva Neto<\/a>","<a href=\"https:\/\/sindaopcpb.org.br\/assassinato\/\" class=\"advgb-post-tax-term\">assassinato<\/a>","<a href=\"https:\/\/sindaopcpb.org.br\/cabedelo\/\" class=\"advgb-post-tax-term\">cabedelo<\/a>","<a href=\"https:\/\/sindaopcpb.org.br\/comunidade-portelinha\/\" class=\"advgb-post-tax-term\">Comunidade Portelinha<\/a>","<a href=\"https:\/\/sindaopcpb.org.br\/g1\/\" class=\"advgb-post-tax-term\">G1<\/a>","<a href=\"https:\/\/sindaopcpb.org.br\/policial\/\" class=\"advgb-post-tax-term\">Policial<\/a>"],"unlinked":["<span class=\"advgb-post-tax-term\">Arnaldo da Silva Neto<\/span>","<span class=\"advgb-post-tax-term\">assassinato<\/span>","<span class=\"advgb-post-tax-term\">cabedelo<\/span>","<span class=\"advgb-post-tax-term\">Comunidade Portelinha<\/span>","<span class=\"advgb-post-tax-term\">G1<\/span>","<span class=\"advgb-post-tax-term\">Policial<\/span>"]},"tags":{"linked":["<a href=\"https:\/\/sindaopcpb.org.br\/policial\/\" class=\"advgb-post-tax-term\">g1<\/a>"],"unlinked":["<span class=\"advgb-post-tax-term\">g1<\/span>"]}},"comment_count":"0","relative_dates":{"created":"Publicado 3 anos atr\u00e1s","modified":"Atualizado 3 anos atr\u00e1s"},"absolute_dates":{"created":"Publicado em 5 de setembro de 2023","modified":"Atualizado em 5 de setembro de 2023"},"absolute_dates_time":{"created":"Publicado em 5 de setembro de 2023 07:56","modified":"Atualizado em 5 de setembro de 2023 07:56"},"featured_img_caption":"","series_order":"","_links":{"self":[{"href":"https:\/\/sindaopcpb.org.br\/index.php\/wp-json\/wp\/v2\/posts\/32955","targetHints":{"allow":["GET"]}}],"collection":[{"href":"https:\/\/sindaopcpb.org.br\/index.php\/wp-json\/wp\/v2\/posts"}],"about":[{"href":"https:\/\/sindaopcpb.org.br\/index.php\/wp-json\/wp\/v2\/types\/post"}],"author":[{"embeddable":true,"href":"https:\/\/sindaopcpb.org.br\/index.php\/wp-json\/wp\/v2\/users\/42"}],"replies":[{"embeddable":true,"href":"https:\/\/sindaopcpb.org.br\/index.php\/wp-json\/wp\/v2\/comments?post=32955"}],"version-history":[{"count":1,"href":"https:\/\/sindaopcpb.org.br\/index.php\/wp-json\/wp\/v2\/posts\/32955\/revisions"}],"predecessor-version":[{"id":32956,"href":"https:\/\/sindaopcpb.org.br\/index.php\/wp-json\/wp\/v2\/posts\/32955\/revisions\/32956"}],"wp:attachment":[{"href":"https:\/\/sindaopcpb.org.br\/index.php\/wp-json\/wp\/v2\/media?parent=32955"}],"wp:term":[{"taxonomy":"category","embeddable":true,"href":"https:\/\/sindaopcpb.org.br\/index.php\/wp-json\/wp\/v2\/categories?post=32955"},{"taxonomy":"post_tag","embeddable":true,"href":"https:\/\/sindaopcpb.org.br\/index.php\/wp-json\/wp\/v2\/tags?post=32955"}],"curies":[{"name":"wp","href":"https:\/\/api.w.org\/{rel}","templated":true}]}}