{"id":32947,"date":"2023-09-05T07:45:05","date_gmt":"2023-09-05T10:45:05","guid":{"rendered":"https:\/\/wpa.wscom.com.br\/?p=921378"},"modified":"2023-09-05T07:45:05","modified_gmt":"2023-09-05T10:45:05","slug":"familia-e-feita-refem-e-tem-casa-invadida-em-joao-pessoa-criminosos-roubam-alimentos-eletronicos-e-moto","status":"publish","type":"post","link":"https:\/\/sindaopcpb.org.br\/index.php\/2023\/09\/05\/familia-e-feita-refem-e-tem-casa-invadida-em-joao-pessoa-criminosos-roubam-alimentos-eletronicos-e-moto\/","title":{"rendered":"Fam\u00edlia \u00e9 feita ref\u00e9m e tem casa invadida em Jo\u00e3o Pessoa; criminosos roubam alimentos, eletr\u00f4nicos e moto"},"content":{"rendered":"<p>&nbsp;<\/p>\n<p>&nbsp;<\/p>\n<p>Na noite da \u00faltima segunda-feira (4), uma fam\u00edlia que mora no bairro Funcion\u00e1rios II, em Jo\u00e3o Pessoa, foi v\u00edtima de uma invas\u00e3o por criminosos armados. O grupo, composto por dois homens e duas mulheres, surpreendeu o propriet\u00e1rio da casa enquanto ele descartava lixo na rua. O casal foi feito ref\u00e9m durante cerca de 30 minutos, com a esposa se trancando no banheiro ao perceber a presen\u00e7a dos invasores.<\/p>\n<p>Armados, os criminosos amea\u00e7aram a vida do propriet\u00e1rio e realizaram um arrast\u00e3o na resid\u00eancia, levando alimentos da feira da fam\u00edlia, uma caixa de som, um notebook, uma TV e a moto do casal. Al\u00e9m disso, os invasores roubaram m\u00f3veis, eletrodom\u00e9sticos, roupas e at\u00e9 mesmo carne da geladeira.<\/p>\n<p>A a\u00e7\u00e3o criminosa foi registrada por uma c\u00e2mera de seguran\u00e7a, que mostrou os quatro criminosos momentos antes do roubo, ocorrido por volta das 19h. At\u00e9 o momento, n\u00e3o h\u00e1 informa\u00e7\u00f5es sobre a pris\u00e3o dos respons\u00e1veis pelo crime.<\/p>\n<p>A esposa do homem feito ref\u00e9m relatou que esta foi a segunda vez que a casa da fam\u00edlia foi alvo de criminosos. Ela destacou a falta de ilumina\u00e7\u00e3o p\u00fablica na rua como um fator que facilitou a a\u00e7\u00e3o dos invasores e mencionou que a regi\u00e3o tem sido alvo de diversos assaltos nos \u00faltimos dias.<\/p>\n<p><strong>Bandidos foram flagrados antes do crime. Veja as imagens:<\/strong><\/p>\n<div style=\"width: 600px;\" class=\"wp-video\"><!--[if lt IE 9]><script>document.createElement('video');<\/script><![endif]--><br \/>\n<video class=\"wp-video-shortcode\" id=\"video-921378-1\" width=\"600\" height=\"340\" preload=\"metadata\" controls=\"controls\"><source type=\"video\/mp4\" src=\"https:\/\/wpa.wscom.com.br\/wp-content\/uploads\/2023\/09\/ssstwitter.com_1693910555699.mp4?_=1\" \/><a href=\"https:\/\/wpa.wscom.com.br\/wp-content\/uploads\/2023\/09\/ssstwitter.com_1693910555699.mp4\" rel=\"nofollow noopener\" target=\"_blank\">https:\/\/wpa.wscom.com.br\/wp-content\/uploads\/2023\/09\/ssstwitter.com_1693910555699.mp4<\/a><\/video><\/div>\n<p>O post <a rel=\"nofollow noopener\" href=\"https:\/\/wscom.com.br\/familia-e-feita-refem-e-tem-casa-invadida-em-joao-pessoa\/\" target=\"_blank\">Fam\u00edlia \u00e9 feita ref\u00e9m e tem casa invadida em Jo\u00e3o Pessoa; criminosos roubam alimentos, eletr\u00f4nicos e moto<\/a> apareceu primeiro em <a rel=\"nofollow noopener\" href=\"https:\/\/wscom.com.br\/\" target=\"_blank\">WSCOM<\/a>.<\/p>\n","protected":false},"excerpt":{"rendered":"<p>\u00a0 \u00a0 Na noite da \u00faltima segunda-feira (4), uma fam\u00edlia que mora no bairro Funcion\u00e1rios II, em Jo\u00e3o Pessoa, foi v\u00edtima de uma invas\u00e3o por criminosos armados. O grupo, composto por dois homens e duas mulheres, surpreendeu o propriet\u00e1rio da casa enquanto ele descartava lixo na rua. O casal foi feito ref\u00e9m durante cerca de [\u2026]<\/p>\n<p>O post <a rel=\"nofollow\" href=\"https:\/\/wscom.com.br\/familia-e-feita-refem-e-tem-casa-invadida-em-joao-pessoa\/\">Fam\u00edlia \u00e9 feita ref\u00e9m e tem casa invadida em Jo\u00e3o Pessoa; criminosos roubam alimentos, eletr\u00f4nicos e moto<\/a> apareceu primeiro em <a rel=\"nofollow\" href=\"https:\/\/wscom.com.br\/\">WSCOM<\/a>.<\/p>\n","protected":false},"author":42,"featured_media":0,"comment_status":"closed","ping_status":"closed","sticky":false,"template":"","format":"standard","meta":{"advgb_blocks_editor_width":"","advgb_blocks_columns_visual_guide":"","footnotes":""},"categories":[965,8686,34,71,66,8687],"tags":[35],"class_list":["post-32947","post","type-post","status-publish","format-standard","hentry","category-familia","category-funcionarios-ii","category-g1","category-joao-pessoa","category-policial","category-refem","tag-g1"],"author_meta":{"display_name":"Rafael Andrade","author_link":"https:\/\/sindaopcpb.org.br\/author\/rafael-andrade\/"},"featured_img":null,"coauthors":[],"tax_additional":{"categories":{"linked":["<a href=\"https:\/\/sindaopcpb.org.br\/familia\/\" class=\"advgb-post-tax-term\">Familia<\/a>","<a href=\"https:\/\/sindaopcpb.org.br\/funcionarios-ii\/\" class=\"advgb-post-tax-term\">Funcion\u00e1rios II<\/a>","<a href=\"https:\/\/sindaopcpb.org.br\/g1\/\" class=\"advgb-post-tax-term\">G1<\/a>","<a href=\"https:\/\/sindaopcpb.org.br\/joao-pessoa\/\" class=\"advgb-post-tax-term\">Jo\u00e3o Pessoa<\/a>","<a href=\"https:\/\/sindaopcpb.org.br\/policial\/\" class=\"advgb-post-tax-term\">Policial<\/a>","<a href=\"https:\/\/sindaopcpb.org.br\/refem\/\" class=\"advgb-post-tax-term\">ref\u00e9m<\/a>"],"unlinked":["<span class=\"advgb-post-tax-term\">Familia<\/span>","<span class=\"advgb-post-tax-term\">Funcion\u00e1rios II<\/span>","<span class=\"advgb-post-tax-term\">G1<\/span>","<span class=\"advgb-post-tax-term\">Jo\u00e3o Pessoa<\/span>","<span class=\"advgb-post-tax-term\">Policial<\/span>","<span class=\"advgb-post-tax-term\">ref\u00e9m<\/span>"]},"tags":{"linked":["<a href=\"https:\/\/sindaopcpb.org.br\/refem\/\" class=\"advgb-post-tax-term\">g1<\/a>"],"unlinked":["<span class=\"advgb-post-tax-term\">g1<\/span>"]}},"comment_count":"0","relative_dates":{"created":"Publicado 3 anos atr\u00e1s","modified":"Atualizado 3 anos atr\u00e1s"},"absolute_dates":{"created":"Publicado em 5 de setembro de 2023","modified":"Atualizado em 5 de setembro de 2023"},"absolute_dates_time":{"created":"Publicado em 5 de setembro de 2023 07:45","modified":"Atualizado em 5 de setembro de 2023 07:45"},"featured_img_caption":"","series_order":"","_links":{"self":[{"href":"https:\/\/sindaopcpb.org.br\/index.php\/wp-json\/wp\/v2\/posts\/32947","targetHints":{"allow":["GET"]}}],"collection":[{"href":"https:\/\/sindaopcpb.org.br\/index.php\/wp-json\/wp\/v2\/posts"}],"about":[{"href":"https:\/\/sindaopcpb.org.br\/index.php\/wp-json\/wp\/v2\/types\/post"}],"author":[{"embeddable":true,"href":"https:\/\/sindaopcpb.org.br\/index.php\/wp-json\/wp\/v2\/users\/42"}],"replies":[{"embeddable":true,"href":"https:\/\/sindaopcpb.org.br\/index.php\/wp-json\/wp\/v2\/comments?post=32947"}],"version-history":[{"count":2,"href":"https:\/\/sindaopcpb.org.br\/index.php\/wp-json\/wp\/v2\/posts\/32947\/revisions"}],"predecessor-version":[{"id":32971,"href":"https:\/\/sindaopcpb.org.br\/index.php\/wp-json\/wp\/v2\/posts\/32947\/revisions\/32971"}],"wp:attachment":[{"href":"https:\/\/sindaopcpb.org.br\/index.php\/wp-json\/wp\/v2\/media?parent=32947"}],"wp:term":[{"taxonomy":"category","embeddable":true,"href":"https:\/\/sindaopcpb.org.br\/index.php\/wp-json\/wp\/v2\/categories?post=32947"},{"taxonomy":"post_tag","embeddable":true,"href":"https:\/\/sindaopcpb.org.br\/index.php\/wp-json\/wp\/v2\/tags?post=32947"}],"curies":[{"name":"wp","href":"https:\/\/api.w.org\/{rel}","templated":true}]}}