{"id":32945,"date":"2023-09-05T06:55:19","date_gmt":"2023-09-05T09:55:19","guid":{"rendered":"https:\/\/g1.globo.com\/pb\/paraiba\/la-vem-o-enem\/2023\/noticia\/2023\/09\/05\/cine-enem-comeca-edicao-2023-com-filme-e-aula-sobre-redacao-e-linguagens-em-campina-grande.ghtml"},"modified":"2023-09-05T06:55:19","modified_gmt":"2023-09-05T09:55:19","slug":"cine-enem-comeca-edicao-2023-com-filme-e-aula-sobre-redacao-e-linguagens-em-campina-grande","status":"publish","type":"post","link":"https:\/\/sindaopcpb.org.br\/index.php\/2023\/09\/05\/cine-enem-comeca-edicao-2023-com-filme-e-aula-sobre-redacao-e-linguagens-em-campina-grande\/","title":{"rendered":"Cine Enem come\u00e7a edi\u00e7\u00e3o 2023 com filme e aula sobre reda\u00e7\u00e3o e linguagens em Campina Grande"},"content":{"rendered":"   <img src=\"https:\/\/s2.glbimg.com\/lkNaxPUw-whrUM9Hy4BV4nszS4U=\/s.glbimg.com\/jo\/g1\/f\/original\/2014\/09\/24\/02.07.14_cine_sao_jose_cg_2.jpg\" \/><br \/>     Ap\u00f3s o filme, a aula ministrada pelo professor Leonardo Queiroga oferece um importante repert\u00f3rio sociocultural para a prova de Reda\u00e7\u00e3o do Enem. Cine-teatro S\u00e3o Jos\u00e9, em Campina Grande\nDivulga\u00e7\u00e3o\/Secom-PB\nA edi\u00e7\u00e3o 2023 do projeto Cine Enem come\u00e7a nesta ter\u00e7a-feira (5), em Campina Grande. Entre os meses de setembro e novembro, ser\u00e3o exibidos filmes seguidos de debates, com professores especializados nas tem\u00e1ticas abordadas. Os interessados podem participar de forma gratuita, sem necessidade de inscri\u00e7\u00e3o pr\u00e9via.\nLEIA TAMB\u00c9M:\nEstude de gra\u00e7a para o Enem 2023\nPlataforma de corre\u00e7\u00f5es gratuitas de reda\u00e7\u00f5es\nA partir das 14h desta ter\u00e7a, ser\u00e1 exibido o filme curta \u201cQuando eu crescer\u201d, dirigido por Emanuel Dias. O filme, de 2011, conta a hist\u00f3ria de uma crian\u00e7a de 10 anos que vive em uma comunidade em Campina Grande com a fam\u00edlia, que tem o lix\u00e3o como principal fonte de sobreviv\u00eancia. A crian\u00e7a traz marcas de seu trabalho e sofre bullying dos colegas de escola, que o chamam de \u201cZ\u00e9 do Grude\u201d.\nAp\u00f3s o filme, a aula ministrada pelo professor Leonardo Queiroga oferece um importante repert\u00f3rio sociocultural para a prova de Reda\u00e7\u00e3o do Enem, ao mesmo tempo em que discute conceitos relevantes da prova de Ci\u00eancias Humanas e Linguagens.\nCompartilhe esta not\u00edcia pelo Whatsapp\nCompartilhe esta not\u00edcia pelo Telegram\nNos encontros, os temas mais frequentes nas provas do Enem ser\u00e3o revisados, a partir da leitura de filmes exibidos pouco antes da aula. Os coment\u00e1rios s\u00e3o feitos por uma equipe de professores com experi\u00eancia em prepara\u00e7\u00e3o para o Enem, que este ano acontece em novembro.\nO projeto \u00e9 realizado pela Funda\u00e7\u00e3o Espa\u00e7o Cultural da Para\u00edba (Funesc), em parceria com a Feira Liter\u00e1ria de Campina Grande (Flic) e e o hub cultural Vento Nordeste. A atividade acontece no Cine-Teatro S\u00e3o Jos\u00e9, tendo como p\u00fablico alvo estudantes do ensino m\u00e9dio. Ao final de cada sess\u00e3o, professores fazem uma contextualiza\u00e7\u00e3o da obra exibida com mat\u00e9rias do ensino m\u00e9dio, trazendo assuntos da atualidade.\nFique atualizado com o L\u00e1 Vem o Enem: receba conte\u00fado das redes sociais, links para videoaulas, quest\u00f5es e materiais de estudo no Telegram ou no WhatsApp. Ah, e siga o projeto no Instagram e Tik Tok para estar sempre \u00e0 frente!\nV\u00cdDEOS: L\u00e1 Vem o Enem 2023  ","protected":false},"excerpt":{"rendered":"<p>        Ap\u00f3s o filme, a aula ministrada pelo professor Leonardo Queiroga oferece um importante repert\u00f3rio sociocultural para a prova de Reda\u00e7\u00e3o do Enem. Cine-teatro S\u00e3o Jos\u00e9, em Campina Grande<br \/>\nDivulga\u00e7\u00e3o\/Secom-PB<br \/>\nA edi\u00e7\u00e3o 2023 do projeto Cine Enem come&#8230;<\/p>\n","protected":false},"author":2,"featured_media":0,"comment_status":"closed","ping_status":"closed","sticky":false,"template":"","format":"standard","meta":{"advgb_blocks_editor_width":"","advgb_blocks_columns_visual_guide":"","footnotes":""},"categories":[34],"tags":[35],"class_list":["post-32945","post","type-post","status-publish","format-standard","hentry","category-g1","tag-g1"],"author_meta":{"display_name":"g1 &gt; Para\u00edba","author_link":"https:\/\/sindaopcpb.org.br\/author\/g1-paraiba\/"},"featured_img":null,"coauthors":[],"tax_additional":{"categories":{"linked":["<a href=\"https:\/\/sindaopcpb.org.br\/g1\/\" class=\"advgb-post-tax-term\">G1<\/a>"],"unlinked":["<span class=\"advgb-post-tax-term\">G1<\/span>"]},"tags":{"linked":["<a href=\"https:\/\/sindaopcpb.org.br\/g1\/\" class=\"advgb-post-tax-term\">g1<\/a>"],"unlinked":["<span class=\"advgb-post-tax-term\">g1<\/span>"]}},"comment_count":"0","relative_dates":{"created":"Publicado 3 anos atr\u00e1s","modified":"Atualizado 3 anos atr\u00e1s"},"absolute_dates":{"created":"Publicado em 5 de setembro de 2023","modified":"Atualizado em 5 de setembro de 2023"},"absolute_dates_time":{"created":"Publicado em 5 de setembro de 2023 06:55","modified":"Atualizado em 5 de setembro de 2023 06:55"},"featured_img_caption":"","series_order":"","_links":{"self":[{"href":"https:\/\/sindaopcpb.org.br\/index.php\/wp-json\/wp\/v2\/posts\/32945","targetHints":{"allow":["GET"]}}],"collection":[{"href":"https:\/\/sindaopcpb.org.br\/index.php\/wp-json\/wp\/v2\/posts"}],"about":[{"href":"https:\/\/sindaopcpb.org.br\/index.php\/wp-json\/wp\/v2\/types\/post"}],"author":[{"embeddable":true,"href":"https:\/\/sindaopcpb.org.br\/index.php\/wp-json\/wp\/v2\/users\/2"}],"replies":[{"embeddable":true,"href":"https:\/\/sindaopcpb.org.br\/index.php\/wp-json\/wp\/v2\/comments?post=32945"}],"version-history":[{"count":1,"href":"https:\/\/sindaopcpb.org.br\/index.php\/wp-json\/wp\/v2\/posts\/32945\/revisions"}],"predecessor-version":[{"id":32946,"href":"https:\/\/sindaopcpb.org.br\/index.php\/wp-json\/wp\/v2\/posts\/32945\/revisions\/32946"}],"wp:attachment":[{"href":"https:\/\/sindaopcpb.org.br\/index.php\/wp-json\/wp\/v2\/media?parent=32945"}],"wp:term":[{"taxonomy":"category","embeddable":true,"href":"https:\/\/sindaopcpb.org.br\/index.php\/wp-json\/wp\/v2\/categories?post=32945"},{"taxonomy":"post_tag","embeddable":true,"href":"https:\/\/sindaopcpb.org.br\/index.php\/wp-json\/wp\/v2\/tags?post=32945"}],"curies":[{"name":"wp","href":"https:\/\/api.w.org\/{rel}","templated":true}]}}