{"id":32929,"date":"2023-09-04T18:22:13","date_gmt":"2023-09-04T21:22:13","guid":{"rendered":"https:\/\/wpa.wscom.com.br\/?p=921288"},"modified":"2023-09-04T18:22:13","modified_gmt":"2023-09-04T21:22:13","slug":"com-maioria-dos-votos-tre-rejeita-pedido-de-cassacao-e-mantem-luciene-gomes-como-prefeita-de-bayeux","status":"publish","type":"post","link":"https:\/\/sindaopcpb.org.br\/index.php\/2023\/09\/04\/com-maioria-dos-votos-tre-rejeita-pedido-de-cassacao-e-mantem-luciene-gomes-como-prefeita-de-bayeux\/","title":{"rendered":"Com maioria dos votos, TRE rejeita pedido de cassa\u00e7\u00e3o e mant\u00e9m Luciene Gomes como prefeita de Bayeux"},"content":{"rendered":"<p>A prefeita de Bayeux, Luciene Gomes (PDT), teve sua cassa\u00e7\u00e3o de mandato e do vice, Clecitoni Francisco, revertida pelo Tribunal Regional Eleitoral (TRE) nesta segunda-feira (4). A maioria dos membros do corte acatou o recurso apresentado pela defesa da gestora contra a cassa\u00e7\u00e3o de seu mandato, assim como o vice-prefeito, que havia sido decretada pelo ju\u00edzo do primeiro grau.<\/p>\n<p>Ela enfrentou acusa\u00e7\u00f5es de conduta vedada e abuso de poder pol\u00edtico e econ\u00f4mico nas elei\u00e7\u00f5es de 2020, quando ela concorreu \u00e0 reelei\u00e7\u00e3o.<\/p>\n<p>O relator inicial, juiz F\u00e1bio Leandro de Alencar Cunha, votou pela cassa\u00e7\u00e3o, mas a desembargadora Agamenilde Dias, que havia pedido vistas do processo, votou a favor do recurso de defesa, alegando que a distribui\u00e7\u00e3o de cestas b\u00e1sicas durante a pandemia foi justific\u00e1vel.<\/p>\n<p>Seu voto foi acompanhado pelos ju\u00edzes Jos\u00e9 Ferreira dos Ramos J\u00fanior, Roberto D&#8217;Horn e Bianor Arruda Bezerra Neto, bem como pela ju\u00edza Maria Cristina Paiva Santiago.<\/p>\n<p>A prefeita recebeu uma multa de R$ 10 mil, conforme decis\u00e3o da desembargadora Agamenilde Dias.<\/p>\n<p>O post <a rel=\"nofollow noopener\" href=\"https:\/\/wscom.com.br\/com-maioria-dos-votos-tre-rejeita-pedido-de-cassacao-e-mantem-luciene-gomes-como-prefeita-de-bayeux\/\" target=\"_blank\">Com maioria dos votos, TRE rejeita pedido de cassa\u00e7\u00e3o e mant\u00e9m Luciene Gomes como prefeita de Bayeux<\/a> apareceu primeiro em <a rel=\"nofollow noopener\" href=\"https:\/\/wscom.com.br\/\" target=\"_blank\">WSCOM<\/a>.<\/p>\n","protected":false},"excerpt":{"rendered":"<p>A prefeita de Bayeux, Luciene Gomes (PDT), teve sua cassa\u00e7\u00e3o de mandato e do vice, Clecitoni Francisco, revertida pelo Tribunal Regional Eleitoral (TRE) nesta segunda-feira (4). A maioria dos membros do corte acatou o recurso apresentado pela defesa da gestora contra a cassa\u00e7\u00e3o de seu mandato, assim como o vice-prefeito, que havia sido decretada pelo [\u2026]<\/p>\n<p>O post <a rel=\"nofollow\" href=\"https:\/\/wscom.com.br\/com-maioria-dos-votos-tre-rejeita-pedido-de-cassacao-e-mantem-luciene-gomes-como-prefeita-de-bayeux\/\">Com maioria dos votos, TRE rejeita pedido de cassa\u00e7\u00e3o e mant\u00e9m Luciene Gomes como prefeita de Bayeux<\/a> apareceu primeiro em <a rel=\"nofollow\" href=\"https:\/\/wscom.com.br\/\">WSCOM<\/a>.<\/p>\n","protected":false},"author":49,"featured_media":0,"comment_status":"closed","ping_status":"closed","sticky":false,"template":"","format":"standard","meta":{"advgb_blocks_editor_width":"","advgb_blocks_columns_visual_guide":"","footnotes":""},"categories":[327,8683,34,328,54,47,2221],"tags":[35],"class_list":["post-32929","post","type-post","status-publish","format-standard","hentry","category-bayeux","category-cassacao-de-mandato","category-g1","category-luciene-gomes","category-paraiba","category-politica","category-tre-pb","tag-g1"],"author_meta":{"display_name":"Cristiane Cavalcante","author_link":"https:\/\/sindaopcpb.org.br\/author\/cristiane-cavalcante\/"},"featured_img":null,"coauthors":[],"tax_additional":{"categories":{"linked":["<a href=\"https:\/\/sindaopcpb.org.br\/bayeux\/\" class=\"advgb-post-tax-term\">bayeux<\/a>","<a href=\"https:\/\/sindaopcpb.org.br\/cassacao-de-mandato\/\" class=\"advgb-post-tax-term\">cassa\u00e7\u00e3o de mandato<\/a>","<a href=\"https:\/\/sindaopcpb.org.br\/g1\/\" class=\"advgb-post-tax-term\">G1<\/a>","<a href=\"https:\/\/sindaopcpb.org.br\/luciene-gomes\/\" class=\"advgb-post-tax-term\">Luciene Gomes<\/a>","<a href=\"https:\/\/sindaopcpb.org.br\/paraiba\/\" class=\"advgb-post-tax-term\">Para\u00edba<\/a>","<a href=\"https:\/\/sindaopcpb.org.br\/politica\/\" class=\"advgb-post-tax-term\">POLITICA<\/a>","<a href=\"https:\/\/sindaopcpb.org.br\/tre-pb\/\" class=\"advgb-post-tax-term\">tre-pb<\/a>"],"unlinked":["<span class=\"advgb-post-tax-term\">bayeux<\/span>","<span class=\"advgb-post-tax-term\">cassa\u00e7\u00e3o de mandato<\/span>","<span class=\"advgb-post-tax-term\">G1<\/span>","<span class=\"advgb-post-tax-term\">Luciene Gomes<\/span>","<span class=\"advgb-post-tax-term\">Para\u00edba<\/span>","<span class=\"advgb-post-tax-term\">POLITICA<\/span>","<span class=\"advgb-post-tax-term\">tre-pb<\/span>"]},"tags":{"linked":["<a href=\"https:\/\/sindaopcpb.org.br\/tre-pb\/\" class=\"advgb-post-tax-term\">g1<\/a>"],"unlinked":["<span class=\"advgb-post-tax-term\">g1<\/span>"]}},"comment_count":"0","relative_dates":{"created":"Publicado 3 anos atr\u00e1s","modified":"Atualizado 3 anos atr\u00e1s"},"absolute_dates":{"created":"Publicado em 4 de setembro de 2023","modified":"Atualizado em 4 de setembro de 2023"},"absolute_dates_time":{"created":"Publicado em 4 de setembro de 2023 18:22","modified":"Atualizado em 4 de setembro de 2023 18:22"},"featured_img_caption":"","series_order":"","_links":{"self":[{"href":"https:\/\/sindaopcpb.org.br\/index.php\/wp-json\/wp\/v2\/posts\/32929","targetHints":{"allow":["GET"]}}],"collection":[{"href":"https:\/\/sindaopcpb.org.br\/index.php\/wp-json\/wp\/v2\/posts"}],"about":[{"href":"https:\/\/sindaopcpb.org.br\/index.php\/wp-json\/wp\/v2\/types\/post"}],"author":[{"embeddable":true,"href":"https:\/\/sindaopcpb.org.br\/index.php\/wp-json\/wp\/v2\/users\/49"}],"replies":[{"embeddable":true,"href":"https:\/\/sindaopcpb.org.br\/index.php\/wp-json\/wp\/v2\/comments?post=32929"}],"version-history":[{"count":1,"href":"https:\/\/sindaopcpb.org.br\/index.php\/wp-json\/wp\/v2\/posts\/32929\/revisions"}],"predecessor-version":[{"id":32930,"href":"https:\/\/sindaopcpb.org.br\/index.php\/wp-json\/wp\/v2\/posts\/32929\/revisions\/32930"}],"wp:attachment":[{"href":"https:\/\/sindaopcpb.org.br\/index.php\/wp-json\/wp\/v2\/media?parent=32929"}],"wp:term":[{"taxonomy":"category","embeddable":true,"href":"https:\/\/sindaopcpb.org.br\/index.php\/wp-json\/wp\/v2\/categories?post=32929"},{"taxonomy":"post_tag","embeddable":true,"href":"https:\/\/sindaopcpb.org.br\/index.php\/wp-json\/wp\/v2\/tags?post=32929"}],"curies":[{"name":"wp","href":"https:\/\/api.w.org\/{rel}","templated":true}]}}