{"id":32921,"date":"2023-09-04T18:49:46","date_gmt":"2023-09-04T21:49:46","guid":{"rendered":"https:\/\/wpa.wscom.com.br\/?p=921307"},"modified":"2023-09-04T18:49:46","modified_gmt":"2023-09-04T21:49:46","slug":"mp-recomenda-implementacao-de-medidas-para-populacao-em-situacao-de-rua-de-12-municipios-paraibanos","status":"publish","type":"post","link":"https:\/\/sindaopcpb.org.br\/index.php\/2023\/09\/04\/mp-recomenda-implementacao-de-medidas-para-populacao-em-situacao-de-rua-de-12-municipios-paraibanos\/","title":{"rendered":"MP recomenda implementa\u00e7\u00e3o de medidas para popula\u00e7\u00e3o em situa\u00e7\u00e3o de rua de 12 munic\u00edpios paraibanos"},"content":{"rendered":"<p>A Promotoria de Justi\u00e7a de Sousa expediu recomenda\u00e7\u00e3o aos prefeitos e Secretarias de Assist\u00eancia Social de 12 munic\u00edpios do Sert\u00e3o para que cumpram decis\u00e3o do Supremo Tribunal Federal (STF) referente \u00e0 implementa\u00e7\u00e3o da Pol\u00edtica Nacional para a Popula\u00e7\u00e3o em Situa\u00e7\u00e3o de Rua, nos termos do Decreto n\u00ba 7.053\/2009.<\/p>\n<p>A recomenda\u00e7\u00e3o foi expedida pela 3\u00aa promotora de Justi\u00e7a de Sousa, Fernanda Pettersen de Lucena, aos Munic\u00edpios de Sousa, Aparecida, S\u00e3o Francisco, Santa Cruz, Mariz\u00f3polis, Nazarezinho, S\u00e3o Jos\u00e9 da Lagoa Tapada, Lastro, Vieir\u00f3polis, Uira\u00fana, Joca Claudino e Po\u00e7o Dantas.<\/p>\n<p>A decis\u00e3o do STF foi tomada nos autos da Argui\u00e7\u00e3o de Descumprimento de Preceito Fundamental (ADPF) n\u00ba 976, que determinou aos estados, ao Distrito Federal e aos munic\u00edpios a observ\u00e2ncia imediata das diretrizes da Pol\u00edtica Nacional, independente de ades\u00e3o formal. Entre as medidas determinadas pelo STF est\u00e1 a proibi\u00e7\u00e3o da remo\u00e7\u00e3o for\u00e7ada de pessoas em situa\u00e7\u00e3o de rua e, inclusive, de seus bens e pertences pessoais.<\/p>\n<p>Tamb\u00e9m foi recomendado que os munic\u00edpios apresentem ao Minist\u00e9rio P\u00fablico, no prazo de 30 dias, relat\u00f3rio das medidas e dos equipamentos j\u00e1 existentes para a implementa\u00e7\u00e3o da Pol\u00edtica Nacional para a Popula\u00e7\u00e3o em Situa\u00e7\u00e3o de Rua, incluindo diagn\u00f3stico pormenorizado da situa\u00e7\u00e3o, nos seus respectivos territ\u00f3rios, com a indica\u00e7\u00e3o do quantitativo de pessoas em situa\u00e7\u00e3o de rua por \u00e1rea geogr\u00e1fica, quantidade e local das vagas de abrigo e de capacidade de fornecimento de alimenta\u00e7\u00e3o, bem como quais medidas ser\u00e3o adotadas para a implementa\u00e7\u00e3o do plano, em conson\u00e2ncia com a decis\u00e3o do STF.<\/p>\n<p>Na recomenda\u00e7\u00e3o \u00e9 destacado que as pessoas em situa\u00e7\u00e3o de rua s\u00e3o titulares de direitos perante o Estado e a sociedade, de modo que a realiza\u00e7\u00e3o de pol\u00edticas p\u00fablicas voltadas ao atendimento de suas necessidades \u00e9 dever do Poder P\u00fablico.<\/p>\n<p>O post <a rel=\"nofollow noopener\" href=\"https:\/\/wscom.com.br\/mp-recomenda-implementacao-de-medidas-para-populacao-em-situacao-de-rua-de-12-municipios-paraibanos\/\" target=\"_blank\">MP recomenda implementa\u00e7\u00e3o de medidas para popula\u00e7\u00e3o em situa\u00e7\u00e3o de rua de 12 munic\u00edpios paraibanos<\/a> apareceu primeiro em <a rel=\"nofollow noopener\" href=\"https:\/\/wscom.com.br\/\" target=\"_blank\">WSCOM<\/a>.<\/p>\n","protected":false},"excerpt":{"rendered":"<p>A Promotoria de Justi\u00e7a de Sousa expediu recomenda\u00e7\u00e3o aos prefeitos e Secretarias de Assist\u00eancia Social de 12 munic\u00edpios do Sert\u00e3o para que cumpram decis\u00e3o do Supremo Tribunal Federal (STF) referente \u00e0 implementa\u00e7\u00e3o da Pol\u00edtica Nacional para a Popula\u00e7\u00e3o em Situa\u00e7\u00e3o de Rua, nos termos do Decreto n\u00ba 7.053\/2009. A recomenda\u00e7\u00e3o foi expedida pela 3\u00aa promotora [\u2026]<\/p>\n<p>O post <a rel=\"nofollow\" href=\"https:\/\/wscom.com.br\/mp-recomenda-implementacao-de-medidas-para-populacao-em-situacao-de-rua-de-12-municipios-paraibanos\/\">MP recomenda implementa\u00e7\u00e3o de medidas para popula\u00e7\u00e3o em situa\u00e7\u00e3o de rua de 12 munic\u00edpios paraibanos<\/a> apareceu primeiro em <a rel=\"nofollow\" href=\"https:\/\/wscom.com.br\/\">WSCOM<\/a>.<\/p>\n","protected":false},"author":49,"featured_media":0,"comment_status":"closed","ping_status":"closed","sticky":false,"template":"","format":"standard","meta":{"advgb_blocks_editor_width":"","advgb_blocks_columns_visual_guide":"","footnotes":""},"categories":[8673,34,278,323,54,8674,8675,449],"tags":[35],"class_list":["post-32921","post","type-post","status-publish","format-standard","hentry","category-determinacao-do-stf","category-g1","category-justica","category-mppb","category-paraiba","category-pessoas-em-situacao-de-rua","category-politica-nacional-para-a-populacao-em-situacao-de-rua","category-stf","tag-g1"],"author_meta":{"display_name":"Cristiane Cavalcante","author_link":"https:\/\/sindaopcpb.org.br\/author\/cristiane-cavalcante\/"},"featured_img":null,"coauthors":[],"tax_additional":{"categories":{"linked":["<a href=\"https:\/\/sindaopcpb.org.br\/determinacao-do-stf\/\" class=\"advgb-post-tax-term\">determina\u00e7\u00e3o do STF<\/a>","<a href=\"https:\/\/sindaopcpb.org.br\/g1\/\" class=\"advgb-post-tax-term\">G1<\/a>","<a href=\"https:\/\/sindaopcpb.org.br\/justica\/\" class=\"advgb-post-tax-term\">Justi\u00e7a<\/a>","<a href=\"https:\/\/sindaopcpb.org.br\/mppb\/\" class=\"advgb-post-tax-term\">MPPb<\/a>","<a href=\"https:\/\/sindaopcpb.org.br\/paraiba\/\" class=\"advgb-post-tax-term\">Para\u00edba<\/a>","<a href=\"https:\/\/sindaopcpb.org.br\/pessoas-em-situacao-de-rua\/\" class=\"advgb-post-tax-term\">Pessoas em situa\u00e7\u00e3o de rua<\/a>","<a href=\"https:\/\/sindaopcpb.org.br\/politica-nacional-para-a-populacao-em-situacao-de-rua\/\" class=\"advgb-post-tax-term\">Pol\u00edtica Nacional para a Popula\u00e7\u00e3o em Situa\u00e7\u00e3o de Rua<\/a>","<a href=\"https:\/\/sindaopcpb.org.br\/stf\/\" class=\"advgb-post-tax-term\">STF<\/a>"],"unlinked":["<span class=\"advgb-post-tax-term\">determina\u00e7\u00e3o do STF<\/span>","<span class=\"advgb-post-tax-term\">G1<\/span>","<span class=\"advgb-post-tax-term\">Justi\u00e7a<\/span>","<span class=\"advgb-post-tax-term\">MPPb<\/span>","<span class=\"advgb-post-tax-term\">Para\u00edba<\/span>","<span class=\"advgb-post-tax-term\">Pessoas em situa\u00e7\u00e3o de rua<\/span>","<span class=\"advgb-post-tax-term\">Pol\u00edtica Nacional para a Popula\u00e7\u00e3o em Situa\u00e7\u00e3o de Rua<\/span>","<span class=\"advgb-post-tax-term\">STF<\/span>"]},"tags":{"linked":["<a href=\"https:\/\/sindaopcpb.org.br\/stf\/\" class=\"advgb-post-tax-term\">g1<\/a>"],"unlinked":["<span class=\"advgb-post-tax-term\">g1<\/span>"]}},"comment_count":"0","relative_dates":{"created":"Publicado 3 anos atr\u00e1s","modified":"Atualizado 3 anos atr\u00e1s"},"absolute_dates":{"created":"Publicado em 4 de setembro de 2023","modified":"Atualizado em 4 de setembro de 2023"},"absolute_dates_time":{"created":"Publicado em 4 de setembro de 2023 18:49","modified":"Atualizado em 4 de setembro de 2023 18:49"},"featured_img_caption":"","series_order":"","_links":{"self":[{"href":"https:\/\/sindaopcpb.org.br\/index.php\/wp-json\/wp\/v2\/posts\/32921","targetHints":{"allow":["GET"]}}],"collection":[{"href":"https:\/\/sindaopcpb.org.br\/index.php\/wp-json\/wp\/v2\/posts"}],"about":[{"href":"https:\/\/sindaopcpb.org.br\/index.php\/wp-json\/wp\/v2\/types\/post"}],"author":[{"embeddable":true,"href":"https:\/\/sindaopcpb.org.br\/index.php\/wp-json\/wp\/v2\/users\/49"}],"replies":[{"embeddable":true,"href":"https:\/\/sindaopcpb.org.br\/index.php\/wp-json\/wp\/v2\/comments?post=32921"}],"version-history":[{"count":1,"href":"https:\/\/sindaopcpb.org.br\/index.php\/wp-json\/wp\/v2\/posts\/32921\/revisions"}],"predecessor-version":[{"id":32922,"href":"https:\/\/sindaopcpb.org.br\/index.php\/wp-json\/wp\/v2\/posts\/32921\/revisions\/32922"}],"wp:attachment":[{"href":"https:\/\/sindaopcpb.org.br\/index.php\/wp-json\/wp\/v2\/media?parent=32921"}],"wp:term":[{"taxonomy":"category","embeddable":true,"href":"https:\/\/sindaopcpb.org.br\/index.php\/wp-json\/wp\/v2\/categories?post=32921"},{"taxonomy":"post_tag","embeddable":true,"href":"https:\/\/sindaopcpb.org.br\/index.php\/wp-json\/wp\/v2\/tags?post=32921"}],"curies":[{"name":"wp","href":"https:\/\/api.w.org\/{rel}","templated":true}]}}