{"id":32919,"date":"2023-09-04T18:55:43","date_gmt":"2023-09-04T21:55:43","guid":{"rendered":"https:\/\/wpa.wscom.com.br\/?p=921308"},"modified":"2023-09-04T18:55:43","modified_gmt":"2023-09-04T21:55:43","slug":"antony-e-cortado-da-selecao-apos-denuncias-suspeitas-de-agressao-a-ex","status":"publish","type":"post","link":"https:\/\/sindaopcpb.org.br\/index.php\/2023\/09\/04\/antony-e-cortado-da-selecao-apos-denuncias-suspeitas-de-agressao-a-ex\/","title":{"rendered":"Antony \u00e9 cortado da Sele\u00e7\u00e3o, ap\u00f3s den\u00fancias suspeitas de agress\u00e3o \u00e0 ex"},"content":{"rendered":"<p class=\"texto\">O atacante Antony, do Manchester United, n\u00e3o vai mais defender a Sele\u00e7\u00e3o nas duas primeiras partidas das Eliminat\u00f3rias da Copa do Mundo. Na tarde desta segunda-feira (4), a Confedera\u00e7\u00e3o Brasileira de Futebol (CBF) soltou comunicado anunciando a dispensa do jogador. A a\u00e7\u00e3o \u00e9 resposta da entidade m\u00e1xima do esporte no pa\u00eds ap\u00f3s evid\u00eancias apontarem agress\u00e3o do atleta contra \u00e0 ex-namorada, a DJ e influencer Gabriela Cavallin.<\/p>\n<p class=\"texto\" data-fetch=\"true\">No an\u00fancio do corte do jogador, a CBF destacou a necessidade de resolu\u00e7\u00e3o do caso de viol\u00eancia do atleta contra a ex-namorada. &#8220;Em fun\u00e7\u00e3o dos fatos que vieram a p\u00fablico nesta segunda-feira (4), envolvendo o atacante Antony, do Manchester United, e que precisam ser apurados, e a fim de preservar a suposta v\u00edtima, o jogador, a Sele\u00e7\u00e3o Brasileira e a CBF, a entidade informa que o atleta est\u00e1 desconvocado&#8221;, diz a nota da entidade.<\/p>\n<p class=\"texto\">Quando chamou Antony, Fernando Diniz tamb\u00e9m abordou o caso de agress\u00e3o envolvendo Antony.\u00a0&#8220;\u00c9 uma coisa muito incipiente. Por ora, o que eu sei \u00e9 isso, de uma acusa\u00e7\u00e3o. Eu vou parar por a\u00ed. N\u00e3o vou ficar discorrendo sobre esse assunto porque \u00e9 pouco para falar agora. Eu vou falar uma vez s\u00f3. Todo mundo que comete alguma coisa errada tem que pagar. Mas a gente n\u00e3o tem que ficar levantando essas quest\u00f5es o tempo todo. Esperar os \u00f3rg\u00e3os competentes para apurar esse tipo de coisa&#8221;, ressaltou, \u00e0 \u00e9poca.<\/p>\n<div id=\"cb-publicidade-retangulo-interna-2\" class=\"pub-ret\" data-google-query-id=\"CJDOnfv4kYEDFRUGuQYdLd4LkA\">\n<p class=\"texto\" data-fetch=\"true\">Para o lugar de Antony, Diniz optou por convocar Gabriel Jesus, do Arsenal. O centro-avante foi destaque no fim de semana ao marcar um gol de placa na vit\u00f3ria dos Gunners contra o Manchester United, por 3 x 1, pela quinta rodada da Premier League, o Campeonato Ingl\u00eas.<\/p>\n<div id=\"P_CORREIO_BRAZILIENSE_INTEXT_04_0\" data-premium=\"\" data-adunit=\"CORREIO_BRAZILIENSE_INTEXT_04\" data-sizes-mobile=\"[[336,280],[300,250]]\" data-sizes-desktop=\"[[336,280],[300,250]]\" data-type=\"intext\" data-count=\"4\" data-fetch=\"true\" data-google-query-id=\"CK2Mi_L4kYEDFXozuQYdfbAPbQ\">\n<div>\n<h3>Entenda o caso<\/h3>\n<p class=\"texto\">O atacante Antony, de 23 anos, do Manchester United, teve provas encontradas contra si diante do caso de viol\u00eancia dom\u00e9stica contra a ex-namorada, a DJ e influencer Gabriela Cavallin, tamb\u00e9m de 23 anos.\u00a0As evid\u00eancias, encontradas e divulgadas pelo portal\u00a0<em>UOL<\/em>, dizem respeito a fotos, v\u00eddeos, conversas por mensagens e depoimentos de testemunhas que acompanham o inqu\u00e9rito. Investigado pela Pol\u00edcia Civil de S\u00e3o Paulo, o jogador amea\u00e7ou, intimidou e agrediu fisicamente a ex-companheira, segundo mostram os registros no inqu\u00e9rito policial.<\/p>\n<p class=\"texto\">O\u00a0<em>UOL<\/em>, al\u00e9m disso, entrou em contato com a DJ, que forneceu a pr\u00f3pria vers\u00e3o dos acontecimentos durante o relacionamento de dois anos com Antony. Na \u00faltima sexta-feira (1\/9) Gabriela apresentou uma segunda den\u00fancia, mas desta vez \u00e0 pol\u00edcia de Manchester, na Inglaterra. O atleta chegou a fazer amea\u00e7as contra a ex-namorada. &#8220;J\u00e1 era eu e voc\u00ea. Tomara que voc\u00ea morra, vai se f\u2026&#8221;, disse\u00a0o atleta do Manchester United em uma das mensagens divulgadas.<\/p>\n<\/div>\n<\/div>\n<\/div>\n<div id=\"P_CORREIO_BRAZILIENSE_INTEXT_03_0\" data-premium=\"\" data-adunit=\"CORREIO_BRAZILIENSE_INTEXT_03\" data-sizes-mobile=\"[[336,280],[300,250]]\" data-sizes-desktop=\"[[336,280],[300,250]]\" data-type=\"intext\" data-count=\"3\" data-fetch=\"true\" data-google-query-id=\"CKyMi_L4kYEDFXozuQYdfbAPbQ\">\n<div><\/div>\n<\/div>\n<p>O post <a rel=\"nofollow noopener\" href=\"https:\/\/wscom.com.br\/antony-e-cortado-da-selecao-apos-denuncias-suspeitas-de-agressao-a-ex\/\" target=\"_blank\">Antony \u00e9 cortado da Sele\u00e7\u00e3o, ap\u00f3s den\u00fancias suspeitas de agress\u00e3o \u00e0 ex<\/a> apareceu primeiro em <a rel=\"nofollow noopener\" href=\"https:\/\/wscom.com.br\/\" target=\"_blank\">WSCOM<\/a>.<\/p>\n","protected":false},"excerpt":{"rendered":"<p>O atacante Antony, do Manchester United, n\u00e3o vai mais defender a Sele\u00e7\u00e3o nas duas primeiras partidas das Eliminat\u00f3rias da Copa do Mundo. Na tarde desta segunda-feira (4), a Confedera\u00e7\u00e3o Brasileira de Futebol (CBF) soltou comunicado anunciando a dispensa do jogador. A a\u00e7\u00e3o \u00e9 resposta da entidade m\u00e1xima do esporte no pa\u00eds ap\u00f3s evid\u00eancias apontarem agress\u00e3o [\u2026]<\/p>\n<p>O post <a rel=\"nofollow\" href=\"https:\/\/wscom.com.br\/antony-e-cortado-da-selecao-apos-denuncias-suspeitas-de-agressao-a-ex\/\">Antony \u00e9 cortado da Sele\u00e7\u00e3o, ap\u00f3s den\u00fancias suspeitas de agress\u00e3o \u00e0 ex<\/a> apareceu primeiro em <a rel=\"nofollow\" href=\"https:\/\/wscom.com.br\/\">WSCOM<\/a>.<\/p>\n","protected":false},"author":49,"featured_media":0,"comment_status":"closed","ping_status":"closed","sticky":false,"template":"","format":"standard","meta":{"advgb_blocks_editor_width":"","advgb_blocks_columns_visual_guide":"","footnotes":""},"categories":[8671,79,34,1393,8672,3949],"tags":[35],"class_list":["post-32919","post","type-post","status-publish","format-standard","hentry","category-antony","category-futebol","category-g1","category-selecao-brasileira","category-suspeitas-de-agressao","category-violencia-contra-a-mulher","tag-g1"],"author_meta":{"display_name":"Cristiane Cavalcante","author_link":"https:\/\/sindaopcpb.org.br\/author\/cristiane-cavalcante\/"},"featured_img":null,"coauthors":[],"tax_additional":{"categories":{"linked":["<a href=\"https:\/\/sindaopcpb.org.br\/antony\/\" class=\"advgb-post-tax-term\">Antony<\/a>","<a href=\"https:\/\/sindaopcpb.org.br\/futebol\/\" class=\"advgb-post-tax-term\">Futebol<\/a>","<a href=\"https:\/\/sindaopcpb.org.br\/g1\/\" class=\"advgb-post-tax-term\">G1<\/a>","<a href=\"https:\/\/sindaopcpb.org.br\/selecao-brasileira\/\" class=\"advgb-post-tax-term\">sele\u00e7\u00e3o brasileira<\/a>","<a href=\"https:\/\/sindaopcpb.org.br\/suspeitas-de-agressao\/\" class=\"advgb-post-tax-term\">suspeitas de agress\u00e3o<\/a>","<a href=\"https:\/\/sindaopcpb.org.br\/violencia-contra-a-mulher\/\" class=\"advgb-post-tax-term\">viol\u00eancia contra a mulher<\/a>"],"unlinked":["<span class=\"advgb-post-tax-term\">Antony<\/span>","<span class=\"advgb-post-tax-term\">Futebol<\/span>","<span class=\"advgb-post-tax-term\">G1<\/span>","<span class=\"advgb-post-tax-term\">sele\u00e7\u00e3o brasileira<\/span>","<span class=\"advgb-post-tax-term\">suspeitas de agress\u00e3o<\/span>","<span class=\"advgb-post-tax-term\">viol\u00eancia contra a mulher<\/span>"]},"tags":{"linked":["<a href=\"https:\/\/sindaopcpb.org.br\/violencia-contra-a-mulher\/\" class=\"advgb-post-tax-term\">g1<\/a>"],"unlinked":["<span class=\"advgb-post-tax-term\">g1<\/span>"]}},"comment_count":"0","relative_dates":{"created":"Publicado 3 anos atr\u00e1s","modified":"Atualizado 3 anos atr\u00e1s"},"absolute_dates":{"created":"Publicado em 4 de setembro de 2023","modified":"Atualizado em 4 de setembro de 2023"},"absolute_dates_time":{"created":"Publicado em 4 de setembro de 2023 18:55","modified":"Atualizado em 4 de setembro de 2023 18:55"},"featured_img_caption":"","series_order":"","_links":{"self":[{"href":"https:\/\/sindaopcpb.org.br\/index.php\/wp-json\/wp\/v2\/posts\/32919","targetHints":{"allow":["GET"]}}],"collection":[{"href":"https:\/\/sindaopcpb.org.br\/index.php\/wp-json\/wp\/v2\/posts"}],"about":[{"href":"https:\/\/sindaopcpb.org.br\/index.php\/wp-json\/wp\/v2\/types\/post"}],"author":[{"embeddable":true,"href":"https:\/\/sindaopcpb.org.br\/index.php\/wp-json\/wp\/v2\/users\/49"}],"replies":[{"embeddable":true,"href":"https:\/\/sindaopcpb.org.br\/index.php\/wp-json\/wp\/v2\/comments?post=32919"}],"version-history":[{"count":1,"href":"https:\/\/sindaopcpb.org.br\/index.php\/wp-json\/wp\/v2\/posts\/32919\/revisions"}],"predecessor-version":[{"id":32920,"href":"https:\/\/sindaopcpb.org.br\/index.php\/wp-json\/wp\/v2\/posts\/32919\/revisions\/32920"}],"wp:attachment":[{"href":"https:\/\/sindaopcpb.org.br\/index.php\/wp-json\/wp\/v2\/media?parent=32919"}],"wp:term":[{"taxonomy":"category","embeddable":true,"href":"https:\/\/sindaopcpb.org.br\/index.php\/wp-json\/wp\/v2\/categories?post=32919"},{"taxonomy":"post_tag","embeddable":true,"href":"https:\/\/sindaopcpb.org.br\/index.php\/wp-json\/wp\/v2\/tags?post=32919"}],"curies":[{"name":"wp","href":"https:\/\/api.w.org\/{rel}","templated":true}]}}