{"id":32882,"date":"2023-09-04T15:56:34","date_gmt":"2023-09-04T18:56:34","guid":{"rendered":"https:\/\/www.infomoney.com.br\/?p=2234278"},"modified":"2023-09-04T15:56:34","modified_gmt":"2023-09-04T18:56:34","slug":"cancelada-audiencia-da-cpi-do-mst-sobre-feiras-promovidas-por-movimentos-sociais-do-campo","status":"publish","type":"post","link":"https:\/\/sindaopcpb.org.br\/index.php\/2023\/09\/04\/cancelada-audiencia-da-cpi-do-mst-sobre-feiras-promovidas-por-movimentos-sociais-do-campo\/","title":{"rendered":"Cancelada audi\u00eancia da CPI do MST sobre feiras promovidas por movimentos sociais do campo"},"content":{"rendered":"<p><img loading=\"lazy\" width=\"300\" height=\"185\" src=\"https:\/\/www.infomoney.com.br\/wp-content\/uploads\/2023\/08\/img20230810113503750.jpg?fit=300%2C185&amp;quality=70&amp;strip=all\" class=\"attachment-medium size-medium wp-post-image\" alt=\"\" decoding=\"async\" style=\"float:right; margin:0 0 10px 10px;\" srcset=\"https:\/\/www.infomoney.com.br\/wp-content\/uploads\/2023\/08\/img20230810113503750.jpg?w=1984&amp;quality=70&amp;strip=all 1984w, https:\/\/www.infomoney.com.br\/wp-content\/uploads\/2023\/08\/img20230810113503750.jpg?w=300&amp;quality=70&amp;strip=all 300w, https:\/\/www.infomoney.com.br\/wp-content\/uploads\/2023\/08\/img20230810113503750.jpg?w=768&amp;quality=70&amp;strip=all 768w, https:\/\/www.infomoney.com.br\/wp-content\/uploads\/2023\/08\/img20230810113503750.jpg?w=1280&amp;quality=70&amp;strip=all 1280w, https:\/\/www.infomoney.com.br\/wp-content\/uploads\/2023\/08\/img20230810113503750.jpg?w=1536&amp;quality=70&amp;strip=all 1536w, https:\/\/www.infomoney.com.br\/wp-content\/uploads\/2023\/08\/img20230810113503750.jpg?w=150&amp;quality=70&amp;strip=all 150w\" sizes=\"auto, (max-width: 300px) 100vw, 300px\" data-attachment-id=\"2216652\" data-permalink=\"https:\/\/www.infomoney.com.br\/?attachment_id=2216652\" data-orig-file=\"https:\/\/www.infomoney.com.br\/wp-content\/uploads\/2023\/08\/img20230810113503750.jpg?fit=1984%2C1223&amp;quality=70&amp;strip=all\" data-orig-size=\"1984,1223\" data-comments-opened=\"0\" data-image-meta=\"{&quot;aperture&quot;:&quot;4.5&quot;,&quot;credit&quot;:&quot;Tripe&quot;,&quot;camera&quot;:&quot;Canon EOS-1D X Mark II&quot;,&quot;caption&quot;:&quot;&quot;,&quot;created_timestamp&quot;:&quot;1691672672&quot;,&quot;copyright&quot;:&quot;Tripe&quot;,&quot;focal_length&quot;:&quot;500&quot;,&quot;iso&quot;:&quot;5000&quot;,&quot;shutter_speed&quot;:&quot;0.002&quot;,&quot;title&quot;:&quot;&quot;,&quot;orientation&quot;:&quot;1&quot;}\" data-image-title=\"Ministro Paulo Teixeira e deputado Zucco\" data-image-description=\"&lt;p&gt;Audi\u00eancia P\u00fablica &#8211; Esclarecimentos do Minist\u00e9rio do Desenvolvimento Agr\u00e1rio e Agricultura Familiar. Ministro do Desenvolvimento Agr\u00e1rio e Agricultura Familiar &#8211; Minist\u00e9rio do Desenvolvimento Agr\u00e1rio e Agricultura Familiar, Paulo Teixeira. Dep. Zucco (REPUBLICANOS &#8211; RS). Foto: Ag\u00eancia C\u00e2mara&lt;\/p&gt;\n\" data-image-caption=\"&lt;p&gt;Audi\u00eancia P\u00fablica &#8211; Esclarecimentos do Minist\u00e9rio do Desenvolvimento Agr\u00e1rio e Agricultura Familiar. Ministro do Desenvolvimento Agr\u00e1rio e Agricultura Familiar &#8211; Minist\u00e9rio do Desenvolvimento Agr\u00e1rio e Agricultura Familiar, Paulo Teixeira. Dep. Zucco (REPUBLICANOS &#8211; RS). Foto: Ag\u00eancia C\u00e2mara&lt;\/p&gt;\n\" data-medium-file=\"https:\/\/www.infomoney.com.br\/wp-content\/uploads\/2023\/08\/img20230810113503750.jpg?fit=300%2C185&amp;quality=70&amp;strip=all\" data-large-file=\"https:\/\/www.infomoney.com.br\/wp-content\/uploads\/2023\/08\/img20230810113503750.jpg?fit=1280%2C789&amp;quality=70&amp;strip=all\" title=\"\"><\/p>\n<p>A Comiss&atilde;o Parlamentar de Inqu&eacute;rito (CPI) destinada a investigar a atua&ccedil;&atilde;o do Movimento dos Trabalhadores Sem Terra (MST) cancelou a audi&ecirc;ncia p&uacute;blica que realizaria nesta segunda-feira (4) com representantes do Instituto de Terras e Reforma Agr&aacute;ria de Alagoas sobre a realiza&ccedil;&atilde;o de feiras agr&aacute;rias por movimentos sociais do campo.<\/p>\n<p>O deputado Delegado Fabio Costa (PP-AL), que pediu a realiza&ccedil;&atilde;o da audi&ecirc;ncia, quer que os gestores esclare&ccedil;am se o instituto presta algum tipo de apoio organizacional para a realiza&ccedil;&atilde;o dessas feiras. E, na eventual presta&ccedil;&atilde;o de apoio log&iacute;stico, que eles expliquem de que forma isso ocorre.<\/p>\n<p>O parlamentar afirma que, apesar do direito &agrave; propriedade privada ser uma das garantias individuais previstas na Constitui&ccedil;&atilde;o, &ldquo;o que se observa no Pa&iacute;s desde janeiro &eacute; um crescimento desordenado e expressivo das invas&otilde;es a propriedades rurais produtivas&rdquo;. &ldquo;O mais chocante, ainda, &eacute; perceber que esses movimentos s&atilde;o financiados&rdquo;, critica Fabio Costa.<\/p>\n<p>A comiss&atilde;o ainda n&atilde;o marcou nova data para a audi&ecirc;ncia.<\/p>\n<h2><strong>A comiss&atilde;o<\/strong><\/h2>\n<p>A CPI, instalada em maio, investiga as invas&otilde;es do MST. O colegiado &eacute; presidido pelo deputado Tenente Coronel Zucco (Republicanos-RS) e tem 120 dias para concluir os trabalhos.<\/p>\n<\/p>\n<div class=\"cta-end\">\n<div class=\"im-cta\" >\n<div class=\"im-shortcode-forms bg-light bg-opacity-25 border rounded-4 p-3 p-sm-4 p-md-3 p-lg-4 px-xxl-5 my-5\" data-configuration='{\"form_name\":false,\"form_hat\":\"Newsletter\",\"form_email\":true,\"form_icon\":\"newsletter\",\"form_phone\":false,\"form_campaign\":\"NIM\",\"form_thankyou\":\"\",\"form_journey\":\"APIEvent-26a5198d-8e09-06ef-5f80-cd9127757ad1\",\"form_button\":\"Quero receber\",\"form_context\":\"newsletter\",\"form_origin\":\"https:\\\/\\\/www.infomoney.com.br\\\/politica\\\/feed\\\/?utm_medium=materia&#038;utm_source=infomoney&#038;utm_campaign=NIM&#038;utm_term=politica&#038;utm_content=newsletter\",\"form_position\":\"final\",\"form_category\":\"cta_form\"}'>\n<div class=\"d-flex flex-column align-items-center align-items-lg-start mb-4 flex-lg-row\">\n<div class=\"rounded-circle mb-2 mb-lg-0 mr-lg-4 me-lg-4 p-3 p-lg-4 bg-blue-400\"><svg width=\"40\" height=\"40\" viewBox=\"0 0 40 40\" fill=\"none\" xmlns=\"http:\/\/www.w3.org\/2000\/svg\"><path d=\"M20 20.25 6.042 11.042v19.041c0 .167.048.299.146.396a.535.535 0 0 0 .395.146h15.792V32.5H6.583a2.328 2.328 0 0 1-1.708-.708 2.328 2.328 0 0 1-.708-1.709V9.917c0-.667.236-1.236.708-1.709A2.328 2.328 0 0 1 6.583 7.5h26.834c.666 0 1.236.236 1.708.708a2.33 2.33 0 0 1 .708 1.709v12.458h-1.875V11.042L20 20.25Zm0-2 13.667-8.875H6.333L20 18.25Zm11.75 18.958-1.292-1.333 3.334-3.375h-9v-1.875h9l-3.375-3.417 1.333-1.291 5.667 5.625-5.667 5.666ZM6.042 11.042v20.791-9.458.25-13.25 1.667Z\" fill=\"#fff\"\/><\/svg><\/div>\n<div class=\"flex-fill text-center text-lg-left\">\n<div class=\"h6 small text-orange-700 lh-base mb-1\">Newsletter<\/div>\n<div class=\"text-body h4 m-0\">Infomorning<\/div>\n<div class=\"text-body small lh-base mt-2\">Receba no seu e-mail logo pela manh&atilde; as not&iacute;cias que v&atilde;o mexer com os mercados, com os seus investimentos e o seu bolso durante o dia<\/div>\n<\/div>\n<\/div>\n<\/div>\n<\/div>\n<\/div>\n<p>The post <a rel=\"nofollow noopener\" href=\"https:\/\/www.infomoney.com.br\/politica\/cancelada-audiencia-da-cpi-do-mst-sobre-feiras-promovidas-por-movimentos-sociais-do-campo\/\" target=\"_blank\">Cancelada audi\u00eancia da CPI do MST sobre feiras promovidas por movimentos sociais do campo<\/a> appeared first on <a rel=\"nofollow noopener\" href=\"https:\/\/www.infomoney.com.br\/\" target=\"_blank\">InfoMoney<\/a>.<\/p>\n","protected":false},"excerpt":{"rendered":"<p><img loading=\"lazy\" decoding=\"async\" width=\"300\" height=\"185\" src=\"https:\/\/www.infomoney.com.br\/wp-content\/uploads\/2023\/08\/img20230810113503750.jpg?fit=300%2C185&amp;quality=70&amp;strip=all\" class=\"attachment-medium size-medium wp-post-image\" alt=\"\" data-attachment-id=\"2216652\" data-permalink=\"https:\/\/www.infomoney.com.br\/?attachment_id=2216652\" data-orig-file=\"https:\/\/www.infomoney.com.br\/wp-content\/uploads\/2023\/08\/img20230810113503750.jpg?fit=1984%2C1223&amp;quality=70&amp;strip=all\" data-orig-size=\"1984,1223\" data-comments-opened=\"0\" data-image-meta='{\"aperture\":\"4.5\",\"credit\":\"Tripe\",\"camera\":\"Canon EOS-1D X Mark II\",\"caption\":\"\",\"created_timestamp\":\"1691672672\",\"copyright\":\"Tripe\",\"focal_length\":\"500\",\"iso\":\"5000\",\"shutter_speed\":\"0.002\",\"title\":\"\",\"orientation\":\"1\"}' data-image-title=\"Ministro Paulo Teixeira e deputado Zucco\" data-image-description=\"&lt;p&gt;Audi\u00eancia P\u00fablica \u2013 Esclarecimentos do Minist\u00e9rio do Desenvolvimento Agr\u00e1rio e Agricultura Familiar. Ministro do Desenvolvimento Agr\u00e1rio e Agricultura Familiar \u2013 Minist\u00e9rio do Desenvolvimento Agr\u00e1rio e Agricultura Familiar, Paulo Teixeira. Dep. Zucco (REPUBLICANOS \u2013 RS). Foto: Ag\u00eancia C\u00e2mara&lt;\/p&gt;\n\" data-image-caption=\"&lt;p&gt;Audi\u00eancia P\u00fablica \u2013 Esclarecimentos do Minist\u00e9rio do Desenvolvimento Agr\u00e1rio e Agricultura Familiar. Ministro do Desenvolvimento Agr\u00e1rio e Agricultura Familiar \u2013 Minist\u00e9rio do Desenvolvimento Agr\u00e1rio e Agricultura Familiar, Paulo Teixeira. Dep. Zucco (REPUBLICANOS \u2013 RS). Foto: Ag\u00eancia C\u00e2mara&lt;\/p&gt;\n\" data-medium-file=\"https:\/\/www.infomoney.com.br\/wp-content\/uploads\/2023\/08\/img20230810113503750.jpg?fit=300%2C185&amp;quality=70&amp;strip=all\" data-large-file=\"https:\/\/www.infomoney.com.br\/wp-content\/uploads\/2023\/08\/img20230810113503750.jpg?fit=1280%2C789&amp;quality=70&amp;strip=all\">Comiss\u00e3o parlamentar ainda n\u00e3o marcou nova data para a audi\u00eancia<\/p>\n<p>The post <a rel=\"nofollow\" href=\"https:\/\/www.infomoney.com.br\/politica\/cancelada-audiencia-da-cpi-do-mst-sobre-feiras-promovidas-por-movimentos-sociais-do-campo\/\">Cancelada audi\u00eancia da CPI do MST sobre feiras promovidas por movimentos sociais do campo<\/a> appeared first on <a rel=\"nofollow\" href=\"https:\/\/www.infomoney.com.br\/\">InfoMoney<\/a>.<\/p>\n","protected":false},"author":47,"featured_media":0,"comment_status":"closed","ping_status":"closed","sticky":false,"template":"","format":"standard","meta":{"advgb_blocks_editor_width":"","advgb_blocks_columns_visual_guide":"","footnotes":""},"categories":[276,1631,34,501,47],"tags":[35],"class_list":["post-32882","post","type-post","status-publish","format-standard","hentry","category-camara-dos-deputados","category-cpi-do-mst","category-g1","category-mst","category-politica","tag-g1"],"author_meta":{"display_name":"luispereira","author_link":"https:\/\/sindaopcpb.org.br\/author\/luispereira\/"},"featured_img":null,"coauthors":[],"tax_additional":{"categories":{"linked":["<a href=\"https:\/\/sindaopcpb.org.br\/camara-dos-deputados\/\" class=\"advgb-post-tax-term\">C\u00e2mara dos Deputados<\/a>","<a href=\"https:\/\/sindaopcpb.org.br\/cpi-do-mst\/\" class=\"advgb-post-tax-term\">CPI do MST<\/a>","<a href=\"https:\/\/sindaopcpb.org.br\/g1\/\" class=\"advgb-post-tax-term\">G1<\/a>","<a href=\"https:\/\/sindaopcpb.org.br\/mst\/\" class=\"advgb-post-tax-term\">MST<\/a>","<a href=\"https:\/\/sindaopcpb.org.br\/politica\/\" class=\"advgb-post-tax-term\">POLITICA<\/a>"],"unlinked":["<span class=\"advgb-post-tax-term\">C\u00e2mara dos Deputados<\/span>","<span class=\"advgb-post-tax-term\">CPI do MST<\/span>","<span class=\"advgb-post-tax-term\">G1<\/span>","<span class=\"advgb-post-tax-term\">MST<\/span>","<span class=\"advgb-post-tax-term\">POLITICA<\/span>"]},"tags":{"linked":["<a href=\"https:\/\/sindaopcpb.org.br\/politica\/\" class=\"advgb-post-tax-term\">g1<\/a>"],"unlinked":["<span class=\"advgb-post-tax-term\">g1<\/span>"]}},"comment_count":"0","relative_dates":{"created":"Publicado 3 anos atr\u00e1s","modified":"Atualizado 3 anos atr\u00e1s"},"absolute_dates":{"created":"Publicado em 4 de setembro de 2023","modified":"Atualizado em 4 de setembro de 2023"},"absolute_dates_time":{"created":"Publicado em 4 de setembro de 2023 15:56","modified":"Atualizado em 4 de setembro de 2023 15:56"},"featured_img_caption":"","series_order":"","_links":{"self":[{"href":"https:\/\/sindaopcpb.org.br\/index.php\/wp-json\/wp\/v2\/posts\/32882","targetHints":{"allow":["GET"]}}],"collection":[{"href":"https:\/\/sindaopcpb.org.br\/index.php\/wp-json\/wp\/v2\/posts"}],"about":[{"href":"https:\/\/sindaopcpb.org.br\/index.php\/wp-json\/wp\/v2\/types\/post"}],"author":[{"embeddable":true,"href":"https:\/\/sindaopcpb.org.br\/index.php\/wp-json\/wp\/v2\/users\/47"}],"replies":[{"embeddable":true,"href":"https:\/\/sindaopcpb.org.br\/index.php\/wp-json\/wp\/v2\/comments?post=32882"}],"version-history":[{"count":2,"href":"https:\/\/sindaopcpb.org.br\/index.php\/wp-json\/wp\/v2\/posts\/32882\/revisions"}],"predecessor-version":[{"id":32903,"href":"https:\/\/sindaopcpb.org.br\/index.php\/wp-json\/wp\/v2\/posts\/32882\/revisions\/32903"}],"wp:attachment":[{"href":"https:\/\/sindaopcpb.org.br\/index.php\/wp-json\/wp\/v2\/media?parent=32882"}],"wp:term":[{"taxonomy":"category","embeddable":true,"href":"https:\/\/sindaopcpb.org.br\/index.php\/wp-json\/wp\/v2\/categories?post=32882"},{"taxonomy":"post_tag","embeddable":true,"href":"https:\/\/sindaopcpb.org.br\/index.php\/wp-json\/wp\/v2\/tags?post=32882"}],"curies":[{"name":"wp","href":"https:\/\/api.w.org\/{rel}","templated":true}]}}