{"id":32876,"date":"2023-09-04T15:06:25","date_gmt":"2023-09-04T18:06:25","guid":{"rendered":"https:\/\/wpa.wscom.com.br\/?p=921259"},"modified":"2023-09-04T15:06:25","modified_gmt":"2023-09-04T18:06:25","slug":"ruy-celebra-60-anos-do-hospital-flavio-ribeiro-e-destaca-importancia-das-unidades-filantropicas-de-saude-na-paraiba","status":"publish","type":"post","link":"https:\/\/sindaopcpb.org.br\/index.php\/2023\/09\/04\/ruy-celebra-60-anos-do-hospital-flavio-ribeiro-e-destaca-importancia-das-unidades-filantropicas-de-saude-na-paraiba\/","title":{"rendered":"Ruy celebra 60 anos do Hospital Fl\u00e1vio Ribeiro e destaca import\u00e2ncia das unidades filantr\u00f3picas de sa\u00fade na Para\u00edba"},"content":{"rendered":"<p>Os 60 anos de funda\u00e7\u00e3o do Hospital e Maternidade Fl\u00e1vio Ribeiro Coutinho, em Santa Rita, foram celebrados pelo deputado federal Ruy Carneiro, ao destacar a import\u00e2ncia das unidades de sa\u00fade filantr\u00f3picas na Para\u00edba. O parlamentar destinou mais de R$ 23,8 milh\u00f5es em investimentos para manuten\u00e7\u00e3o e amplia\u00e7\u00e3o dos servi\u00e7os nas entidades paraibanas que realizam prioritariamente os atendimentos por meio do Sistema \u00danico de Sa\u00fade.<\/p>\n<p>\u201cA popula\u00e7\u00e3o paraibana precisa ter conhecimento de que a grande maioria dos atendimentos m\u00e9dicos realizados no nosso estado acontecem nos hospitais filantr\u00f3picos. Imagina o que seria da sa\u00fade de Santa Rita sem o Hospital e Maternidade Fl\u00e1vio Ribeiro Coutinho? \u00c9 uma grande satisfa\u00e7\u00e3o participar das comemora\u00e7\u00f5es do 60 anos dessa institui\u00e7\u00e3o t\u00e3o importante, que j\u00e1 nasceu com o prop\u00f3sito de salvar vidas. S\u00e3o 6 d\u00e9cadas prestando grandes servi\u00e7os \u00e0 popula\u00e7\u00e3o de Santa Rita e da regi\u00e3o metropolitana da capital\u201d, ressaltou o parlamentar.<\/p>\n<p>Ruy afirmou que a classe pol\u00edtica precisa se conscientizar, entender, se comprometer e valorizar as unidades filantr\u00f3picas de sa\u00fade. \u201c\u00c9 extremamente importante que vereadores, prefeitos, deputados e governadores estejam mais engajados com a filantropia. Isso pode ser feito de diversas maneiras, seja na busca por recursos, parcerias e na amplia\u00e7\u00e3o dos servi\u00e7os. No combate ao c\u00e2ncer, por exemplo, praticamente 100% dos atendimentos do SUS na Para\u00edba s\u00e3o realizados por hospitais filantr\u00f3picos, seja no Napole\u00e3o Laureano, S\u00e3o Vicente, FAP e mais recentemente no Help\u201d, defendeu.<\/p>\n<p>De acordo com o cirurgi\u00e3o geral do Hospital Fl\u00e1vio Ribeiro, Misael Mendes, a contribui\u00e7\u00e3o de Ruy tem ajudado a melhorar a qualidade nos atendimentos da unidade. \u201cEm nome do corpo cl\u00ednico do hospital, gostaria de agradecer publicamente ao nosso deputado federal, Ruy Carneiro. Al\u00e9m de toda contribui\u00e7\u00e3o destinada para manuten\u00e7\u00e3o e amplia\u00e7\u00e3o dos servi\u00e7os aqui na Fl\u00e1vio Ribeiro, ele tamb\u00e9m tem trabalhado muito pela sa\u00fade da Para\u00edba na C\u00e2mara Federal\u201d, declarou.<\/p>\n<p>A funda\u00e7\u00e3o que administra o Hospital e Maternidade Fl\u00e1vio Ribeiro Coutinho foi fundada em setembro de 1963 pela Congrega\u00e7\u00e3o da Caridade M\u00e3e da Miseric\u00f3rdia. A institui\u00e7\u00e3o disponibiliza mais de 65% de todos os seus servi\u00e7os para o SUS. De acordo com a dire\u00e7\u00e3o, ao acrescentar os servi\u00e7os prestados gratuitamente, este percentual chegou a 93,43% dos atendimentos no ano de 2022.<\/p>\n<p>O post <a rel=\"nofollow noopener\" href=\"https:\/\/wscom.com.br\/ruy-celebra-60-anos-do-hospital-flavio-ribeiro-e-destaca-importancia-das-unidades-filantropicas-de-saude-na-paraiba\/\" target=\"_blank\">Ruy celebra 60 anos do Hospital Fl\u00e1vio Ribeiro e destaca import\u00e2ncia das unidades filantr\u00f3picas de sa\u00fade na Para\u00edba<\/a> apareceu primeiro em <a rel=\"nofollow noopener\" href=\"https:\/\/wscom.com.br\/\" target=\"_blank\">WSCOM<\/a>.<\/p>\n","protected":false},"excerpt":{"rendered":"<p>Os 60 anos de funda\u00e7\u00e3o do Hospital e Maternidade Fl\u00e1vio Ribeiro Coutinho, em Santa Rita, foram celebrados pelo deputado federal Ruy Carneiro, ao destacar a import\u00e2ncia das unidades de sa\u00fade filantr\u00f3picas na Para\u00edba. O parlamentar destinou mais de R$ 23,8 milh\u00f5es em investimentos para manuten\u00e7\u00e3o e amplia\u00e7\u00e3o dos servi\u00e7os nas entidades paraibanas que realizam prioritariamente [\u2026]<\/p>\n<p>O post <a rel=\"nofollow\" href=\"https:\/\/wscom.com.br\/ruy-celebra-60-anos-do-hospital-flavio-ribeiro-e-destaca-importancia-das-unidades-filantropicas-de-saude-na-paraiba\/\">Ruy celebra 60 anos do Hospital Fl\u00e1vio Ribeiro e destaca import\u00e2ncia das unidades filantr\u00f3picas de sa\u00fade na Para\u00edba<\/a> apareceu primeiro em <a rel=\"nofollow\" href=\"https:\/\/wscom.com.br\/\">WSCOM<\/a>.<\/p>\n","protected":false},"author":49,"featured_media":0,"comment_status":"closed","ping_status":"closed","sticky":false,"template":"","format":"standard","meta":{"advgb_blocks_editor_width":"","advgb_blocks_columns_visual_guide":"","footnotes":""},"categories":[8655,3516,34,8656,47,384],"tags":[35],"class_list":["post-32876","post","type-post","status-publish","format-standard","hentry","category-congregacao-da-caridade-mae-da-misericordia","category-deputado-federal-ruy-carneiro","category-g1","category-hospital-e-maternidade-flavio-ribeiro-coutinho","category-politica","category-santa-rita","tag-g1"],"author_meta":{"display_name":"Cristiane Cavalcante","author_link":"https:\/\/sindaopcpb.org.br\/author\/cristiane-cavalcante\/"},"featured_img":null,"coauthors":[],"tax_additional":{"categories":{"linked":["<a href=\"https:\/\/sindaopcpb.org.br\/congregacao-da-caridade-mae-da-misericordia\/\" class=\"advgb-post-tax-term\">Congrega\u00e7\u00e3o da Caridade M\u00e3e da Miseric\u00f3rdia<\/a>","<a href=\"https:\/\/sindaopcpb.org.br\/deputado-federal-ruy-carneiro\/\" class=\"advgb-post-tax-term\">deputado federal Ruy Carneiro<\/a>","<a href=\"https:\/\/sindaopcpb.org.br\/g1\/\" class=\"advgb-post-tax-term\">G1<\/a>","<a href=\"https:\/\/sindaopcpb.org.br\/hospital-e-maternidade-flavio-ribeiro-coutinho\/\" class=\"advgb-post-tax-term\">Hospital e Maternidade Fl\u00e1vio Ribeiro Coutinho<\/a>","<a href=\"https:\/\/sindaopcpb.org.br\/politica\/\" class=\"advgb-post-tax-term\">POLITICA<\/a>","<a href=\"https:\/\/sindaopcpb.org.br\/santa-rita\/\" class=\"advgb-post-tax-term\">santa rita<\/a>"],"unlinked":["<span class=\"advgb-post-tax-term\">Congrega\u00e7\u00e3o da Caridade M\u00e3e da Miseric\u00f3rdia<\/span>","<span class=\"advgb-post-tax-term\">deputado federal Ruy Carneiro<\/span>","<span class=\"advgb-post-tax-term\">G1<\/span>","<span class=\"advgb-post-tax-term\">Hospital e Maternidade Fl\u00e1vio Ribeiro Coutinho<\/span>","<span class=\"advgb-post-tax-term\">POLITICA<\/span>","<span class=\"advgb-post-tax-term\">santa rita<\/span>"]},"tags":{"linked":["<a href=\"https:\/\/sindaopcpb.org.br\/santa-rita\/\" class=\"advgb-post-tax-term\">g1<\/a>"],"unlinked":["<span class=\"advgb-post-tax-term\">g1<\/span>"]}},"comment_count":"0","relative_dates":{"created":"Publicado 3 anos atr\u00e1s","modified":"Atualizado 3 anos atr\u00e1s"},"absolute_dates":{"created":"Publicado em 4 de setembro de 2023","modified":"Atualizado em 4 de setembro de 2023"},"absolute_dates_time":{"created":"Publicado em 4 de setembro de 2023 15:06","modified":"Atualizado em 4 de setembro de 2023 15:06"},"featured_img_caption":"","series_order":"","_links":{"self":[{"href":"https:\/\/sindaopcpb.org.br\/index.php\/wp-json\/wp\/v2\/posts\/32876","targetHints":{"allow":["GET"]}}],"collection":[{"href":"https:\/\/sindaopcpb.org.br\/index.php\/wp-json\/wp\/v2\/posts"}],"about":[{"href":"https:\/\/sindaopcpb.org.br\/index.php\/wp-json\/wp\/v2\/types\/post"}],"author":[{"embeddable":true,"href":"https:\/\/sindaopcpb.org.br\/index.php\/wp-json\/wp\/v2\/users\/49"}],"replies":[{"embeddable":true,"href":"https:\/\/sindaopcpb.org.br\/index.php\/wp-json\/wp\/v2\/comments?post=32876"}],"version-history":[{"count":1,"href":"https:\/\/sindaopcpb.org.br\/index.php\/wp-json\/wp\/v2\/posts\/32876\/revisions"}],"predecessor-version":[{"id":32877,"href":"https:\/\/sindaopcpb.org.br\/index.php\/wp-json\/wp\/v2\/posts\/32876\/revisions\/32877"}],"wp:attachment":[{"href":"https:\/\/sindaopcpb.org.br\/index.php\/wp-json\/wp\/v2\/media?parent=32876"}],"wp:term":[{"taxonomy":"category","embeddable":true,"href":"https:\/\/sindaopcpb.org.br\/index.php\/wp-json\/wp\/v2\/categories?post=32876"},{"taxonomy":"post_tag","embeddable":true,"href":"https:\/\/sindaopcpb.org.br\/index.php\/wp-json\/wp\/v2\/tags?post=32876"}],"curies":[{"name":"wp","href":"https:\/\/api.w.org\/{rel}","templated":true}]}}