{"id":32771,"date":"2023-09-03T17:58:39","date_gmt":"2023-09-03T20:58:39","guid":{"rendered":"https:\/\/wpa.wscom.com.br\/?p=921145"},"modified":"2023-09-03T17:58:39","modified_gmt":"2023-09-03T20:58:39","slug":"wesley-safadao-interrompe-agenda-de-shows-por-problemas-de-saude","status":"publish","type":"post","link":"https:\/\/sindaopcpb.org.br\/index.php\/2023\/09\/03\/wesley-safadao-interrompe-agenda-de-shows-por-problemas-de-saude\/","title":{"rendered":"Wesley Safad\u00e3o interrompe agenda de shows por problemas de sa\u00fade"},"content":{"rendered":"<p class=\"texto\">A equipe do cantor Wesley Safad\u00e3o anunciou neste domingo (3) que o artista ir\u00e1 se afastar dos palcos &#8220;por tempo indeterminado&#8221;. Por meio de um comunicado publicado nas redes sociais do cantor, a assessoria informou que Safad\u00e3o far\u00e1 uma pausa nos shows por orienta\u00e7\u00e3o m\u00e9dica. A nota n\u00e3o esclarece qual o estado de sa\u00fade atual do artista.<\/p>\n<div id=\"cb-publicidade-retangulo-interna-1\" class=\"pub-ret\" data-google-query-id=\"COPsj8mpj4EDFc4huQYd4qAPZQ\">&#8220;Informamos que o cantor Wesley Safad\u00e3o far\u00e1 uma pausa na agenda de shows por tempo indeterminado. O artista apresentou problemas de sa\u00fade e ter\u00e1 que se afastar dos palcos por orienta\u00e7\u00e3o m\u00e9dica&#8221;, diz o comunicado. &#8220;Pedimos a compreens\u00e3o de todos e agradecemos o carinho que sempre tiveram com Wesley&#8221;.<\/div>\n<div data-google-query-id=\"COPsj8mpj4EDFc4huQYd4qAPZQ\">\n<p class=\"texto\">A nota afirma ainda que informa\u00e7\u00f5es sobre a agenda e compromissos do cantor ser\u00e3o divulgadas em breve. Na legenda, o cantor diz que logo estar\u00e1 de volta.<\/p>\n<p class=\"texto\">Na noite deste s\u00e1bado (2), o cantor se apresentou na cidade de Natal, no Rio Grande do Norte. O show faz parte do projeto TBT do Safad\u00e3o, em que o artista traz no setlist can\u00e7\u00f5es que marcaram a sua carreira.<\/p>\n<p class=\"texto\">Em junho de 2022, Wesley Safad\u00e3o precisou se afastar dos palcos ap\u00f3s ser diagnosticado com h\u00e9rnia de disco. O cantor precisou passar por uma cirurgia um m\u00eas depois, quando o seu quadro cl\u00ednico piorou e ele n\u00e3o atendeu ao tratamento m\u00e9dico tradicional.<\/p>\n<p class=\"texto\">Em entrevista ao Fant\u00e1stico na ocasi\u00e3o, o artista lembrou os sintomas da sua condi\u00e7\u00e3o e disse que teve perda de sensibilidade nas pernas e na regi\u00e3o \u00edntima. &#8220;Para respirar, do\u00eda. Se eu quisesse encher o meu pulm\u00e3o, sentia dor. Eu sentia muitas, muitas pin\u00e7adas. Era na perna direita, era na perna esquerda&#8221;.<\/p>\n<div class=\"read-more\"><\/div>\n<\/div>\n<p>O post <a rel=\"nofollow noopener\" href=\"https:\/\/wscom.com.br\/wesley-safadao-interrompe-agenda-de-shows-por-problemas-de-saude\/\" target=\"_blank\">Wesley Safad\u00e3o interrompe agenda de shows por problemas de sa\u00fade<\/a> apareceu primeiro em <a rel=\"nofollow noopener\" href=\"https:\/\/wscom.com.br\/\" target=\"_blank\">WSCOM<\/a>.<\/p>\n","protected":false},"excerpt":{"rendered":"<p>A equipe do cantor Wesley Safad\u00e3o anunciou neste domingo (3) que o artista ir\u00e1 se afastar dos palcos \u201cpor tempo indeterminado\u201d. Por meio de um comunicado publicado nas redes sociais do cantor, a assessoria informou que Safad\u00e3o far\u00e1 uma pausa nos shows por orienta\u00e7\u00e3o m\u00e9dica. A nota n\u00e3o esclarece qual o estado de sa\u00fade atual [\u2026]<\/p>\n<p>O post <a rel=\"nofollow\" href=\"https:\/\/wscom.com.br\/wesley-safadao-interrompe-agenda-de-shows-por-problemas-de-saude\/\">Wesley Safad\u00e3o interrompe agenda de shows por problemas de sa\u00fade<\/a> apareceu primeiro em <a rel=\"nofollow\" href=\"https:\/\/wscom.com.br\/\">WSCOM<\/a>.<\/p>\n","protected":false},"author":49,"featured_media":0,"comment_status":"closed","ping_status":"closed","sticky":false,"template":"","format":"standard","meta":{"advgb_blocks_editor_width":"","advgb_blocks_columns_visual_guide":"","footnotes":""},"categories":[1407,436,2387,34,8631,8632,8633],"tags":[35],"class_list":["post-32771","post","type-post","status-publish","format-standard","hentry","category-cantor","category-celebridades","category-forro","category-g1","category-orientacao-medica","category-problemas-de-saude","category-wesley-safadao","tag-g1"],"author_meta":{"display_name":"Cristiane Cavalcante","author_link":"https:\/\/sindaopcpb.org.br\/author\/cristiane-cavalcante\/"},"featured_img":null,"coauthors":[],"tax_additional":{"categories":{"linked":["<a href=\"https:\/\/sindaopcpb.org.br\/cantor\/\" class=\"advgb-post-tax-term\">cantor<\/a>","<a href=\"https:\/\/sindaopcpb.org.br\/celebridades\/\" class=\"advgb-post-tax-term\">Celebridades<\/a>","<a href=\"https:\/\/sindaopcpb.org.br\/forro\/\" class=\"advgb-post-tax-term\">forr\u00f3<\/a>","<a href=\"https:\/\/sindaopcpb.org.br\/g1\/\" class=\"advgb-post-tax-term\">G1<\/a>","<a href=\"https:\/\/sindaopcpb.org.br\/orientacao-medica\/\" class=\"advgb-post-tax-term\">orienta\u00e7\u00e3o m\u00e9dica<\/a>","<a href=\"https:\/\/sindaopcpb.org.br\/problemas-de-saude\/\" class=\"advgb-post-tax-term\">Problemas de Sa\u00fade<\/a>","<a href=\"https:\/\/sindaopcpb.org.br\/wesley-safadao\/\" class=\"advgb-post-tax-term\">Wesley Safad\u00e3o<\/a>"],"unlinked":["<span class=\"advgb-post-tax-term\">cantor<\/span>","<span class=\"advgb-post-tax-term\">Celebridades<\/span>","<span class=\"advgb-post-tax-term\">forr\u00f3<\/span>","<span class=\"advgb-post-tax-term\">G1<\/span>","<span class=\"advgb-post-tax-term\">orienta\u00e7\u00e3o m\u00e9dica<\/span>","<span class=\"advgb-post-tax-term\">Problemas de Sa\u00fade<\/span>","<span class=\"advgb-post-tax-term\">Wesley Safad\u00e3o<\/span>"]},"tags":{"linked":["<a href=\"https:\/\/sindaopcpb.org.br\/wesley-safadao\/\" class=\"advgb-post-tax-term\">g1<\/a>"],"unlinked":["<span class=\"advgb-post-tax-term\">g1<\/span>"]}},"comment_count":"0","relative_dates":{"created":"Publicado 3 anos atr\u00e1s","modified":"Atualizado 3 anos atr\u00e1s"},"absolute_dates":{"created":"Publicado em 3 de setembro de 2023","modified":"Atualizado em 3 de setembro de 2023"},"absolute_dates_time":{"created":"Publicado em 3 de setembro de 2023 17:58","modified":"Atualizado em 3 de setembro de 2023 17:58"},"featured_img_caption":"","series_order":"","_links":{"self":[{"href":"https:\/\/sindaopcpb.org.br\/index.php\/wp-json\/wp\/v2\/posts\/32771","targetHints":{"allow":["GET"]}}],"collection":[{"href":"https:\/\/sindaopcpb.org.br\/index.php\/wp-json\/wp\/v2\/posts"}],"about":[{"href":"https:\/\/sindaopcpb.org.br\/index.php\/wp-json\/wp\/v2\/types\/post"}],"author":[{"embeddable":true,"href":"https:\/\/sindaopcpb.org.br\/index.php\/wp-json\/wp\/v2\/users\/49"}],"replies":[{"embeddable":true,"href":"https:\/\/sindaopcpb.org.br\/index.php\/wp-json\/wp\/v2\/comments?post=32771"}],"version-history":[{"count":1,"href":"https:\/\/sindaopcpb.org.br\/index.php\/wp-json\/wp\/v2\/posts\/32771\/revisions"}],"predecessor-version":[{"id":32772,"href":"https:\/\/sindaopcpb.org.br\/index.php\/wp-json\/wp\/v2\/posts\/32771\/revisions\/32772"}],"wp:attachment":[{"href":"https:\/\/sindaopcpb.org.br\/index.php\/wp-json\/wp\/v2\/media?parent=32771"}],"wp:term":[{"taxonomy":"category","embeddable":true,"href":"https:\/\/sindaopcpb.org.br\/index.php\/wp-json\/wp\/v2\/categories?post=32771"},{"taxonomy":"post_tag","embeddable":true,"href":"https:\/\/sindaopcpb.org.br\/index.php\/wp-json\/wp\/v2\/tags?post=32771"}],"curies":[{"name":"wp","href":"https:\/\/api.w.org\/{rel}","templated":true}]}}