{"id":32754,"date":"2023-09-03T14:44:49","date_gmt":"2023-09-03T17:44:49","guid":{"rendered":"https:\/\/wpa.wscom.com.br\/?p=921123"},"modified":"2023-09-03T14:44:49","modified_gmt":"2023-09-03T17:44:49","slug":"governo-faz-lancamento-oficial-da-expofeira-paraiba-agronegocios-2023-nesta-segunda-feira","status":"publish","type":"post","link":"https:\/\/sindaopcpb.org.br\/index.php\/2023\/09\/03\/governo-faz-lancamento-oficial-da-expofeira-paraiba-agronegocios-2023-nesta-segunda-feira\/","title":{"rendered":"Governo faz lan\u00e7amento oficial da Expofeira Para\u00edba Agroneg\u00f3cios 2023 nesta segunda-feira"},"content":{"rendered":"<p>O Governo do Estado da Para\u00edba, por meio da Secretaria de Desenvolvimento da Agropecu\u00e1ria e Pesca (Sedap), em parceria com a Federa\u00e7\u00e3o da Agricultura e Pecu\u00e1ria da Para\u00edba (Faepa)\/ Servi\u00e7o Nacional de Aprendizagem Rural da Para\u00edba (Senar) e Sebrae, realiza, nesta segunda-feira, (4), o lan\u00e7amento oficial da Expofeira Para\u00edba Agroneg\u00f3cios 2023, no Parque de Exposi\u00e7\u00f5es Henrique Vieira A. de Melo, Cristo Redentor, em Jo\u00e3o Pessoa, a partir das 9h.<\/p>\n<p>Na ocasi\u00e3o ser\u00e3o apresentadas novidades na estrutura da Expofeira, que acontecer\u00e1 de 17 a 24 de setembro, com uma programa\u00e7\u00e3o diversificada para produtores, trabalhadores rurais e popula\u00e7\u00e3o em geral.<\/p>\n<p>Na Expofeira ser\u00e3o realizados torneios leiteiros e de ra\u00e7as, que mostram a qualidade dos caprinos, ovinos, bovinos e equinos expostos. Al\u00e9m disso, haver\u00e1 leil\u00f5es, venda direta de animais, palestras t\u00e9cnicas, semin\u00e1rios sobre temas relacionados ao agroneg\u00f3cio, assim como a comercializa\u00e7\u00e3o de m\u00e1quinas, insumos e equipamentos agr\u00edcolas.<\/p>\n<p>O post <a rel=\"nofollow noopener\" href=\"https:\/\/wscom.com.br\/governo-faz-lancamento-oficial-da-expofeira-paraiba-agronegocios-2023-nesta-segunda-feira\/\" target=\"_blank\">Governo faz lan\u00e7amento oficial da Expofeira Para\u00edba Agroneg\u00f3cios 2023 nesta segunda-feira<\/a> apareceu primeiro em <a rel=\"nofollow noopener\" href=\"https:\/\/wscom.com.br\/\" target=\"_blank\">WSCOM<\/a>.<\/p>\n","protected":false},"excerpt":{"rendered":"<p>O Governo do Estado da Para\u00edba, por meio da Secretaria de Desenvolvimento da Agropecu\u00e1ria e Pesca (Sedap), em parceria com a Federa\u00e7\u00e3o da Agricultura e Pecu\u00e1ria da Para\u00edba (Faepa)\/ Servi\u00e7o Nacional de Aprendizagem Rural da Para\u00edba (Senar) e Sebrae, realiza, nesta segunda-feira, (4), o lan\u00e7amento oficial da Expofeira Para\u00edba Agroneg\u00f3cios 2023, no Parque de Exposi\u00e7\u00f5es [\u2026]<\/p>\n<p>O post <a rel=\"nofollow\" href=\"https:\/\/wscom.com.br\/governo-faz-lancamento-oficial-da-expofeira-paraiba-agronegocios-2023-nesta-segunda-feira\/\">Governo faz lan\u00e7amento oficial da Expofeira Para\u00edba Agroneg\u00f3cios 2023 nesta segunda-feira<\/a> apareceu primeiro em <a rel=\"nofollow\" href=\"https:\/\/wscom.com.br\/\">WSCOM<\/a>.<\/p>\n","protected":false},"author":49,"featured_media":0,"comment_status":"closed","ping_status":"closed","sticky":false,"template":"","format":"standard","meta":{"advgb_blocks_editor_width":"","advgb_blocks_columns_visual_guide":"","footnotes":""},"categories":[8624,34,54,8625],"tags":[35],"class_list":["post-32754","post","type-post","status-publish","format-standard","hentry","category-expofeira-paraiba-agronegocios-2023","category-g1","category-paraiba","category-secretaria-de-desenvolvimento-da-agropecuaria-e-pesca","tag-g1"],"author_meta":{"display_name":"Cristiane Cavalcante","author_link":"https:\/\/sindaopcpb.org.br\/author\/cristiane-cavalcante\/"},"featured_img":null,"coauthors":[],"tax_additional":{"categories":{"linked":["<a href=\"https:\/\/sindaopcpb.org.br\/expofeira-paraiba-agronegocios-2023\/\" class=\"advgb-post-tax-term\">Expofeira Para\u00edba Agroneg\u00f3cios 2023<\/a>","<a href=\"https:\/\/sindaopcpb.org.br\/g1\/\" class=\"advgb-post-tax-term\">G1<\/a>","<a href=\"https:\/\/sindaopcpb.org.br\/paraiba\/\" class=\"advgb-post-tax-term\">Para\u00edba<\/a>","<a href=\"https:\/\/sindaopcpb.org.br\/secretaria-de-desenvolvimento-da-agropecuaria-e-pesca\/\" class=\"advgb-post-tax-term\">Secretaria de Desenvolvimento da Agropecu\u00e1ria e Pesca<\/a>"],"unlinked":["<span class=\"advgb-post-tax-term\">Expofeira Para\u00edba Agroneg\u00f3cios 2023<\/span>","<span class=\"advgb-post-tax-term\">G1<\/span>","<span class=\"advgb-post-tax-term\">Para\u00edba<\/span>","<span class=\"advgb-post-tax-term\">Secretaria de Desenvolvimento da Agropecu\u00e1ria e Pesca<\/span>"]},"tags":{"linked":["<a href=\"https:\/\/sindaopcpb.org.br\/secretaria-de-desenvolvimento-da-agropecuaria-e-pesca\/\" class=\"advgb-post-tax-term\">g1<\/a>"],"unlinked":["<span class=\"advgb-post-tax-term\">g1<\/span>"]}},"comment_count":"0","relative_dates":{"created":"Publicado 3 anos atr\u00e1s","modified":"Atualizado 3 anos atr\u00e1s"},"absolute_dates":{"created":"Publicado em 3 de setembro de 2023","modified":"Atualizado em 3 de setembro de 2023"},"absolute_dates_time":{"created":"Publicado em 3 de setembro de 2023 14:44","modified":"Atualizado em 3 de setembro de 2023 14:44"},"featured_img_caption":"","series_order":"","_links":{"self":[{"href":"https:\/\/sindaopcpb.org.br\/index.php\/wp-json\/wp\/v2\/posts\/32754","targetHints":{"allow":["GET"]}}],"collection":[{"href":"https:\/\/sindaopcpb.org.br\/index.php\/wp-json\/wp\/v2\/posts"}],"about":[{"href":"https:\/\/sindaopcpb.org.br\/index.php\/wp-json\/wp\/v2\/types\/post"}],"author":[{"embeddable":true,"href":"https:\/\/sindaopcpb.org.br\/index.php\/wp-json\/wp\/v2\/users\/49"}],"replies":[{"embeddable":true,"href":"https:\/\/sindaopcpb.org.br\/index.php\/wp-json\/wp\/v2\/comments?post=32754"}],"version-history":[{"count":1,"href":"https:\/\/sindaopcpb.org.br\/index.php\/wp-json\/wp\/v2\/posts\/32754\/revisions"}],"predecessor-version":[{"id":32755,"href":"https:\/\/sindaopcpb.org.br\/index.php\/wp-json\/wp\/v2\/posts\/32754\/revisions\/32755"}],"wp:attachment":[{"href":"https:\/\/sindaopcpb.org.br\/index.php\/wp-json\/wp\/v2\/media?parent=32754"}],"wp:term":[{"taxonomy":"category","embeddable":true,"href":"https:\/\/sindaopcpb.org.br\/index.php\/wp-json\/wp\/v2\/categories?post=32754"},{"taxonomy":"post_tag","embeddable":true,"href":"https:\/\/sindaopcpb.org.br\/index.php\/wp-json\/wp\/v2\/tags?post=32754"}],"curies":[{"name":"wp","href":"https:\/\/api.w.org\/{rel}","templated":true}]}}