{"id":32730,"date":"2023-09-03T11:00:51","date_gmt":"2023-09-03T14:00:51","guid":{"rendered":"https:\/\/wpa.wscom.com.br\/?p=921097"},"modified":"2023-09-03T11:00:51","modified_gmt":"2023-09-03T14:00:51","slug":"baixista-do-ultraje-a-rigor-mingau-e-baleado-na-cabeca-em-paraty","status":"publish","type":"post","link":"https:\/\/sindaopcpb.org.br\/index.php\/2023\/09\/03\/baixista-do-ultraje-a-rigor-mingau-e-baleado-na-cabeca-em-paraty\/","title":{"rendered":"Baixista do Ultraje a Rigor, Mingau, \u00e9 baleado na cabe\u00e7a em Paraty"},"content":{"rendered":"<p>O baixista do Ultraje a Rigor, Rinaldo Oliveira Amaral, conhecido como Mingau, foi baleado na cabe\u00e7a na madrugada deste domingo (3) em Paraty, no Rio de Janeiro. Segundo o\u00a0<a href=\"https:\/\/g1.globo.com\/pop-arte\/musica\/noticia\/2023\/09\/03\/mingau-baixista-do-ultraje-a-rigor-e-baleado-na-cabeca.ghtml\" rel=\"noopener nofollow\" target=\"_blank\">G1<\/a>, o m\u00fasico foi baleado pr\u00f3ximo \u00e0 Pra\u00e7a do Ovo, na Ilha das Cobras, quando o ve\u00edculo em que estava passou em alta velocidade por um quebra-molas, resultando em um salto. Nesse momento, diversos tiros foram disparados em dire\u00e7\u00e3o ao carro. Um dos disparos acertou a cabe\u00e7a do m\u00fasico.<\/p>\n<p>Ainda de acordo com a reportagem, Mingau foi levado ao Hospital Municipal Hugo Miranda, onde sua condi\u00e7\u00e3o de sa\u00fade, felizmente, foi relatada como est\u00e1vel. Roger Moreira, vocalista da banda, tamb\u00e9m usou as redes sociais para pedir o aux\u00edlio de um neurocirurgi\u00e3o. &#8220;Mingau, nosso baixista, foi baleado na cabe\u00e7a. Est\u00e1 em Paraty e precisa de um neurocirurgi\u00e3o. Se algu\u00e9m souber de algum dispon\u00edvel, por favor, avisem. Obrigado!&#8221;, postou.<\/p>\n<p>Roger tamb\u00e9m pediu o apoio e as ora\u00e7\u00f5es dos f\u00e3s: &#8220;Agora pedimos que rezem, orem, pensem positivo. Vamos torcer pelo Mingau&#8221;. Segundo o site oficial da banda, o baixista faz anivers\u00e1rio neste domingo.<\/p>\n<p>&nbsp;<\/p>\n<blockquote class=\"twitter-tweet\">\n<p dir=\"ltr\" lang=\"pt\">J\u00e1 conseguimos tudo de que precis\u00e1vamos. Mingau j\u00e1 est\u00e1 sendo atendido. Agora pedimos que rezem, orem, pensem positivo. Vamos torcer. Muito obrigado.<\/p>\n<p>\u2014 Roger Rocha Moreira (@roxmo) <a href=\"https:\/\/twitter.com\/roxmo\/status\/1698193136588030086?ref_src=twsrc%5Etfw\" rel=\"nofollow noopener\" target=\"_blank\">September 3, 2023<\/a><\/p>\n<\/blockquote>\n<p><script async src=\"https:\/\/platform.twitter.com\/widgets.js\" charset=\"utf-8\"><\/script><\/p>\n<p>&nbsp;<\/p>\n<p>Rinaldo Amaral integra o Ultraje desde 1999. A banda, formada na d\u00e9cada de 80, \u00e9 respons\u00e1vel por cl\u00e1ssicos do rock nacional como &#8220;In\u00fatil&#8221;, &#8220;Ci\u00fame&#8221; e &#8220;N\u00f3s vamos invadir sua praia&#8221;.<\/p>\n<p>O post <a rel=\"nofollow noopener\" href=\"https:\/\/wscom.com.br\/baixista-do-ultraje-a-rigor-mingau-e-baleado-na-cabeca-em-paraty\/\" target=\"_blank\">Baixista do Ultraje a Rigor, Mingau, \u00e9 baleado na cabe\u00e7a em Paraty<\/a> apareceu primeiro em <a rel=\"nofollow noopener\" href=\"https:\/\/wscom.com.br\/\" target=\"_blank\">WSCOM<\/a>.<\/p>\n","protected":false},"excerpt":{"rendered":"<p>O baixista do Ultraje a Rigor, Rinaldo Oliveira Amaral, conhecido como Mingau, foi baleado na cabe\u00e7a na madrugada deste domingo (3) em Paraty, no Rio de Janeiro. Segundo o\u00a0G1, o m\u00fasico foi baleado pr\u00f3ximo \u00e0 Pra\u00e7a do Ovo, na Ilha das Cobras, quando o ve\u00edculo em que estava passou em alta velocidade por um quebra-molas, [\u2026]<\/p>\n<p>O post <a rel=\"nofollow\" href=\"https:\/\/wscom.com.br\/baixista-do-ultraje-a-rigor-mingau-e-baleado-na-cabeca-em-paraty\/\">Baixista do Ultraje a Rigor, Mingau, \u00e9 baleado na cabe\u00e7a em Paraty<\/a> apareceu primeiro em <a rel=\"nofollow\" href=\"https:\/\/wscom.com.br\/\">WSCOM<\/a>.<\/p>\n","protected":false},"author":49,"featured_media":0,"comment_status":"closed","ping_status":"closed","sticky":false,"template":"","format":"standard","meta":{"advgb_blocks_editor_width":"","advgb_blocks_columns_visual_guide":"","footnotes":""},"categories":[8607,8608,34,8609,8610,66,8611],"tags":[35],"class_list":["post-32730","post","type-post","status-publish","format-standard","hentry","category-baixista-do-ultraje-a-rigor","category-baleado-na-cabeca","category-g1","category-mingau","category-paraty","category-policial","category-rinaldo-oliveira-amaral","tag-g1"],"author_meta":{"display_name":"Cristiane Cavalcante","author_link":"https:\/\/sindaopcpb.org.br\/author\/cristiane-cavalcante\/"},"featured_img":null,"coauthors":[],"tax_additional":{"categories":{"linked":["<a href=\"https:\/\/sindaopcpb.org.br\/baixista-do-ultraje-a-rigor\/\" class=\"advgb-post-tax-term\">Baixista do Ultraje a Rigor<\/a>","<a href=\"https:\/\/sindaopcpb.org.br\/baleado-na-cabeca\/\" class=\"advgb-post-tax-term\">baleado na cabe\u00e7a<\/a>","<a href=\"https:\/\/sindaopcpb.org.br\/g1\/\" class=\"advgb-post-tax-term\">G1<\/a>","<a href=\"https:\/\/sindaopcpb.org.br\/mingau\/\" class=\"advgb-post-tax-term\">Mingau<\/a>","<a href=\"https:\/\/sindaopcpb.org.br\/paraty\/\" class=\"advgb-post-tax-term\">Paraty<\/a>","<a href=\"https:\/\/sindaopcpb.org.br\/policial\/\" class=\"advgb-post-tax-term\">Policial<\/a>","<a href=\"https:\/\/sindaopcpb.org.br\/rinaldo-oliveira-amaral\/\" class=\"advgb-post-tax-term\">Rinaldo Oliveira Amaral<\/a>"],"unlinked":["<span class=\"advgb-post-tax-term\">Baixista do Ultraje a Rigor<\/span>","<span class=\"advgb-post-tax-term\">baleado na cabe\u00e7a<\/span>","<span class=\"advgb-post-tax-term\">G1<\/span>","<span class=\"advgb-post-tax-term\">Mingau<\/span>","<span class=\"advgb-post-tax-term\">Paraty<\/span>","<span class=\"advgb-post-tax-term\">Policial<\/span>","<span class=\"advgb-post-tax-term\">Rinaldo Oliveira Amaral<\/span>"]},"tags":{"linked":["<a href=\"https:\/\/sindaopcpb.org.br\/rinaldo-oliveira-amaral\/\" class=\"advgb-post-tax-term\">g1<\/a>"],"unlinked":["<span class=\"advgb-post-tax-term\">g1<\/span>"]}},"comment_count":"0","relative_dates":{"created":"Publicado 3 anos atr\u00e1s","modified":"Atualizado 3 anos atr\u00e1s"},"absolute_dates":{"created":"Publicado em 3 de setembro de 2023","modified":"Atualizado em 3 de setembro de 2023"},"absolute_dates_time":{"created":"Publicado em 3 de setembro de 2023 11:00","modified":"Atualizado em 3 de setembro de 2023 11:00"},"featured_img_caption":"","series_order":"","_links":{"self":[{"href":"https:\/\/sindaopcpb.org.br\/index.php\/wp-json\/wp\/v2\/posts\/32730","targetHints":{"allow":["GET"]}}],"collection":[{"href":"https:\/\/sindaopcpb.org.br\/index.php\/wp-json\/wp\/v2\/posts"}],"about":[{"href":"https:\/\/sindaopcpb.org.br\/index.php\/wp-json\/wp\/v2\/types\/post"}],"author":[{"embeddable":true,"href":"https:\/\/sindaopcpb.org.br\/index.php\/wp-json\/wp\/v2\/users\/49"}],"replies":[{"embeddable":true,"href":"https:\/\/sindaopcpb.org.br\/index.php\/wp-json\/wp\/v2\/comments?post=32730"}],"version-history":[{"count":1,"href":"https:\/\/sindaopcpb.org.br\/index.php\/wp-json\/wp\/v2\/posts\/32730\/revisions"}],"predecessor-version":[{"id":32731,"href":"https:\/\/sindaopcpb.org.br\/index.php\/wp-json\/wp\/v2\/posts\/32730\/revisions\/32731"}],"wp:attachment":[{"href":"https:\/\/sindaopcpb.org.br\/index.php\/wp-json\/wp\/v2\/media?parent=32730"}],"wp:term":[{"taxonomy":"category","embeddable":true,"href":"https:\/\/sindaopcpb.org.br\/index.php\/wp-json\/wp\/v2\/categories?post=32730"},{"taxonomy":"post_tag","embeddable":true,"href":"https:\/\/sindaopcpb.org.br\/index.php\/wp-json\/wp\/v2\/tags?post=32730"}],"curies":[{"name":"wp","href":"https:\/\/api.w.org\/{rel}","templated":true}]}}