{"id":32693,"date":"2023-09-02T19:08:47","date_gmt":"2023-09-02T22:08:47","guid":{"rendered":"https:\/\/www.infomoney.com.br\/?p=2233400"},"modified":"2023-09-02T19:08:47","modified_gmt":"2023-09-02T22:08:47","slug":"haddad-veto-sobre-arcabouco-fiscal-foi-motivado-por-incerteza-com-precatorios","status":"publish","type":"post","link":"https:\/\/sindaopcpb.org.br\/index.php\/2023\/09\/02\/haddad-veto-sobre-arcabouco-fiscal-foi-motivado-por-incerteza-com-precatorios\/","title":{"rendered":"Haddad: veto sobre arcabou\u00e7o fiscal foi motivado por incerteza com precat\u00f3rios"},"content":{"rendered":"<p><img loading=\"lazy\" width=\"300\" height=\"199\" src=\"https:\/\/www.infomoney.com.br\/wp-content\/uploads\/2023\/09\/Captura-de-Tela-2023-09-02-as-23.25.53.png?fit=300%2C199&amp;quality=70&amp;strip=all\" class=\"attachment-medium size-medium wp-post-image\" alt=\"Fernando Haddad, ministro da Fazenda, na Expert XP 2023\" decoding=\"async\" style=\"float:right; margin:0 0 10px 10px;\" srcset=\"https:\/\/www.infomoney.com.br\/wp-content\/uploads\/2023\/09\/Captura-de-Tela-2023-09-02-as-23.25.53.png?w=774&amp;quality=70&amp;strip=all 774w, https:\/\/www.infomoney.com.br\/wp-content\/uploads\/2023\/09\/Captura-de-Tela-2023-09-02-as-23.25.53.png?w=300&amp;quality=70&amp;strip=all 300w, https:\/\/www.infomoney.com.br\/wp-content\/uploads\/2023\/09\/Captura-de-Tela-2023-09-02-as-23.25.53.png?w=768&amp;quality=70&amp;strip=all 768w, https:\/\/www.infomoney.com.br\/wp-content\/uploads\/2023\/09\/Captura-de-Tela-2023-09-02-as-23.25.53.png?w=150&amp;quality=70&amp;strip=all 150w\" sizes=\"auto, (max-width: 300px) 100vw, 300px\" data-attachment-id=\"2233388\" data-permalink=\"https:\/\/www.infomoney.com.br\/captura-de-tela-2023-09-02-as-23-25-53\/\" data-orig-file=\"https:\/\/www.infomoney.com.br\/wp-content\/uploads\/2023\/09\/Captura-de-Tela-2023-09-02-as-23.25.53.png?fit=774%2C513&amp;quality=70&amp;strip=all\" data-orig-size=\"774,513\" data-comments-opened=\"0\" data-image-meta=\"{&quot;aperture&quot;:&quot;0&quot;,&quot;credit&quot;:&quot;&quot;,&quot;camera&quot;:&quot;&quot;,&quot;caption&quot;:&quot;&quot;,&quot;created_timestamp&quot;:&quot;0&quot;,&quot;copyright&quot;:&quot;&quot;,&quot;focal_length&quot;:&quot;0&quot;,&quot;iso&quot;:&quot;0&quot;,&quot;shutter_speed&quot;:&quot;0&quot;,&quot;title&quot;:&quot;&quot;,&quot;orientation&quot;:&quot;0&quot;}\" data-image-title=\"Fernando Haddad, ministro da Fazenda, na Expert XP 2023\" data-image-description=\"&lt;p&gt;Fernando Haddad, ministro da Fazenda, na Expert XP 2023&lt;\/p&gt;\n\" data-image-caption=\"&lt;p&gt;Fernando Haddad, ministro da Fazenda, na Expert XP 2023&lt;\/p&gt;\n\" data-medium-file=\"https:\/\/www.infomoney.com.br\/wp-content\/uploads\/2023\/09\/Captura-de-Tela-2023-09-02-as-23.25.53.png?fit=300%2C199&amp;quality=70&amp;strip=all\" data-large-file=\"https:\/\/www.infomoney.com.br\/wp-content\/uploads\/2023\/09\/Captura-de-Tela-2023-09-02-as-23.25.53.png?fit=774%2C513&amp;quality=70&amp;strip=all\" title=\"\"><\/p>\n<p><iframe loading=\"lazy\" class=\"youtube-player\" width=\"640\" height=\"360\" src=\"https:\/\/www.youtube.com\/embed\/BSx-deTtwFQ?version=3&amp;rel=1&amp;showsearch=0&amp;showinfo=1&amp;iv_load_policy=1&amp;fs=1&amp;hl=pt-BR&amp;autohide=2&amp;wmode=transparent\" allowfullscreen=\"true\" style=\"border:0;\" sandbox=\"allow-scripts allow-same-origin allow-popups allow-presentation\"><\/iframe><\/p>\n<p>O ministro da Fazenda, <strong>Fernando Haddad (PT)<\/strong>, afirmou, neste s&aacute;bado (2), que o veto imposto pelo presidente Luiz In&aacute;cio Lula da Silva (PT) a um trecho do projeto de lei complementar que instituiu o novo arcabou&ccedil;o fiscal (PLP 93\/2023) n&atilde;o foi solicitado pela sua pasta, mas que ocorreu em raz&atilde;o de uma incerteza em torno do julgamento a PEC dos Precat&oacute;rios, aprovada no governo de Jair Bolsonaro (PL), no Supremo Tribunal Federal (STF).<\/p>\n<p>&ldquo;Esse dispositivo n&atilde;o seria grave manter no marco fiscal. N&oacute;s no &acirc;mbito <em>[do Minist&eacute;rio]<\/em> da Fazenda n&atilde;o nos manifestamos a respeito da necessidade de vetar, porque entendemos que o dispositivo do encontro de contas dos Precat&oacute;rios pod&iacute;amos resolver de outra maneira. Mas como esse ponto dos Precat&oacute;rios ficou uma quest&atilde;o s&eacute;ria, virou um problema&rdquo;, disse.<\/p>\n<p>O ministro participou do painel &ldquo;A vis&atilde;o do Minist&eacute;rio da Fazenda para o futuro do Brasil&rdquo;, pela Expert XP 2023, realizada em S&atilde;o Paulo (SP).<\/p>\n<p>O veto, apresentado por Lula na quinta-feira (31), derrubou a proibi&ccedil;&atilde;o de que a Lei de Diretrizes Or&ccedil;ament&aacute;rias previsse a exclus&atilde;o de despesas prim&aacute;rias da meta de resultado prim&aacute;rio dos or&ccedil;amentos fiscal e da seguridade social.<\/p>\n<p>Ontem (1), o presidente da C&acirc;mara dos Deputados, Arthur Lira (PP-AL), disse que o dispositivo tem <a href=\"http:\/\/infomoney.com.br\/politica\/lira-veto-de-lula-a-trecho-do-arcabouco-fiscal-tem-muitas-chances-de-ser-derrubado-no-congresso\/\" rel=\"nofollow noopener\" target=\"_blank\">&ldquo;muitas chances&rdquo; de ser derrubado pelo Congresso Nacional<\/a>. Ele fez a ressalva de que n&atilde;o h&aacute; ju&iacute;zo de m&eacute;rito formado sobre o assunto, mas disse que o projeto s&oacute; foi aprovado pelos parlamentares ap&oacute;s modifica&ccedil;&otilde;es que tornaram a regra fiscal mais r&iacute;gida, e que haveria pouco espa&ccedil;o nas casas legislativas para flexibiliza&ccedil;&otilde;es.<\/p>\n<p>Durante o evento, Haddad indicou que h&aacute; uma aten&ccedil;&atilde;o de integrantes do governo para a possibilidade de o STF julgar a PEC dos Precat&oacute;rios &#8210; que permitiu que a Uni&atilde;o pagasse em um exerc&iacute;cio um montante compat&iacute;vel com as limita&ccedil;&otilde;es impostas pelo teto de gastos, revogado neste ano com a aprova&ccedil;&atilde;o do novo marco fiscal. Precat&oacute;rios s&atilde;o d&iacute;vidas judiciais do poder p&uacute;blico por decis&otilde;es judiciais transitadas em julgado (ou seja, em que n&atilde;o h&aacute; mais possibilidade de recursos e que, portanto precisam ser pagas).<\/p>\n<p>&ldquo;Se a PEC dos Precat&oacute;rios tivesse sido declarada constitucional, ningu&eacute;m estaria preocupado com isso. Mas como &eacute; uma pend&ecirc;ncia que vai ser julgada pelo Supremo agora, como fica essa quest&atilde;o? Vai ter que mudar o marco fiscal depois que o Supremo decidir? Melhor ent&atilde;o deixar para a Lei de Diretrizes Or&ccedil;ament&aacute;rias depois que o Supremo julgar a constitucionalidade do calote. Esse &eacute; o ponto&rdquo;, disse.<\/p>\n<p>Ao falar sobre o tema, Haddad criticou a heran&ccedil;a fiscal deixada pelo governo de Jair Bolsonaro (PL). Ele mencionou a aprova&ccedil;&atilde;o de medidas com elevado impacto para as contas p&uacute;blicas em ano de elei&ccedil;&otilde;es, sugerindo uma tentativa de uso das a&ccedil;&otilde;es para catapultar a candidatura &agrave; reelei&ccedil;&atilde;o do ent&atilde;o presidente.<\/p>\n<p>Entre as medidas, foram citadas o Fundeb e Bolsa Fam&iacute;lia em vers&otilde;es &ldquo;turbinadas&rdquo;, al&eacute;m do piso de enfermagem &ldquo;no apagar das luzes&rdquo; e uma s&eacute;rie de ren&uacute;ncias fiscais em decretos assinados pelo ex-vice-presidente Hamilton Mour&atilde;o (Republicanos-RS), hoje senador.<\/p>\n<p>&ldquo;Eu n&atilde;o vim aqui para ficar falando bem nem mal de ningu&eacute;m. S&oacute; estou querendo pontuar que foi muito desafiador esse processo de transi&ccedil;&atilde;o, porque n&atilde;o foi uma transi&ccedil;&atilde;o normal. Foi uma decis&atilde;o patrocinada pelo Congresso, depois pelo STF&rdquo;, disse.<\/p>\n<\/p>\n<div class=\"cta-end\">\n<div class=\"im-cta\" >\n<div class=\"im-shortcode-forms bg-light bg-opacity-25 border rounded-4 p-3 p-sm-4 p-md-3 p-lg-4 px-xxl-5 my-5\" data-configuration='{\"form_name\":false,\"form_hat\":\"Newsletter\",\"form_email\":true,\"form_icon\":\"newsletter\",\"form_phone\":false,\"form_campaign\":\"NIM\",\"form_thankyou\":\"\",\"form_journey\":\"APIEvent-26a5198d-8e09-06ef-5f80-cd9127757ad1\",\"form_button\":\"Quero receber\",\"form_context\":\"newsletter\",\"form_origin\":\"https:\\\/\\\/www.infomoney.com.br\\\/politica\\\/feed\\\/?utm_medium=materia&#038;utm_source=infomoney&#038;utm_campaign=NIM&#038;utm_term=politica&#038;utm_content=newsletter\",\"form_position\":\"final\",\"form_category\":\"cta_form\"}'>\n<div class=\"d-flex flex-column align-items-center align-items-lg-start mb-4 flex-lg-row\">\n<div class=\"rounded-circle mb-2 mb-lg-0 mr-lg-4 me-lg-4 p-3 p-lg-4 bg-blue-400\"><svg width=\"40\" height=\"40\" viewBox=\"0 0 40 40\" fill=\"none\" xmlns=\"http:\/\/www.w3.org\/2000\/svg\"><path d=\"M20 20.25 6.042 11.042v19.041c0 .167.048.299.146.396a.535.535 0 0 0 .395.146h15.792V32.5H6.583a2.328 2.328 0 0 1-1.708-.708 2.328 2.328 0 0 1-.708-1.709V9.917c0-.667.236-1.236.708-1.709A2.328 2.328 0 0 1 6.583 7.5h26.834c.666 0 1.236.236 1.708.708a2.33 2.33 0 0 1 .708 1.709v12.458h-1.875V11.042L20 20.25Zm0-2 13.667-8.875H6.333L20 18.25Zm11.75 18.958-1.292-1.333 3.334-3.375h-9v-1.875h9l-3.375-3.417 1.333-1.291 5.667 5.625-5.667 5.666ZM6.042 11.042v20.791-9.458.25-13.25 1.667Z\" fill=\"#fff\"\/><\/svg><\/div>\n<div class=\"flex-fill text-center text-lg-left\">\n<div class=\"h6 small text-orange-700 lh-base mb-1\">Newsletter<\/div>\n<div class=\"text-body h4 m-0\">Infomorning<\/div>\n<div class=\"text-body small lh-base mt-2\">Receba no seu e-mail logo pela manh&atilde; as not&iacute;cias que v&atilde;o mexer com os mercados, com os seus investimentos e o seu bolso durante o dia<\/div>\n<\/div>\n<\/div>\n<\/div>\n<\/div>\n<\/div>\n<p>The post <a rel=\"nofollow noopener\" href=\"https:\/\/www.infomoney.com.br\/politica\/haddad-veto-sobre-arcabouco-fiscal-foi-motivado-por-incerteza-com-precatorios\/\" target=\"_blank\">Haddad: veto sobre arcabou\u00e7o fiscal foi motivado por incerteza com precat\u00f3rios<\/a> appeared first on <a rel=\"nofollow noopener\" href=\"https:\/\/www.infomoney.com.br\/\" target=\"_blank\">InfoMoney<\/a>.<\/p>\n","protected":false},"excerpt":{"rendered":"<p><img loading=\"lazy\" decoding=\"async\" width=\"300\" height=\"199\" src=\"https:\/\/www.infomoney.com.br\/wp-content\/uploads\/2023\/09\/Captura-de-Tela-2023-09-02-as-23.25.53.png?fit=300%2C199&amp;quality=70&amp;strip=all\" class=\"attachment-medium size-medium wp-post-image\" alt=\"Fernando Haddad, ministro da Fazenda, na Expert XP 2023\" data-attachment-id=\"2233388\" data-permalink=\"https:\/\/www.infomoney.com.br\/captura-de-tela-2023-09-02-as-23-25-53\/\" data-orig-file=\"https:\/\/www.infomoney.com.br\/wp-content\/uploads\/2023\/09\/Captura-de-Tela-2023-09-02-as-23.25.53.png?fit=774%2C513&amp;quality=70&amp;strip=all\" data-orig-size=\"774,513\" data-comments-opened=\"0\" data-image-meta='{\"aperture\":\"0\",\"credit\":\"\",\"camera\":\"\",\"caption\":\"\",\"created_timestamp\":\"0\",\"copyright\":\"\",\"focal_length\":\"0\",\"iso\":\"0\",\"shutter_speed\":\"0\",\"title\":\"\",\"orientation\":\"0\"}' data-image-title=\"Fernando Haddad, ministro da Fazenda, na Expert XP 2023\" data-image-description=\"&lt;p&gt;Fernando Haddad, ministro da Fazenda, na Expert XP 2023&lt;\/p&gt;\n\" data-image-caption=\"&lt;p&gt;Fernando Haddad, ministro da Fazenda, na Expert XP 2023&lt;\/p&gt;\n\" data-medium-file=\"https:\/\/www.infomoney.com.br\/wp-content\/uploads\/2023\/09\/Captura-de-Tela-2023-09-02-as-23.25.53.png?fit=300%2C199&amp;quality=70&amp;strip=all\" data-large-file=\"https:\/\/www.infomoney.com.br\/wp-content\/uploads\/2023\/09\/Captura-de-Tela-2023-09-02-as-23.25.53.png?fit=774%2C513&amp;quality=70&amp;strip=all\">Ministro diz que Minist\u00e9rio da Fazenda n\u00e3o recomendou o veto \u00e0 Presid\u00eancia da Rep\u00fablica<\/p>\n<p>The post <a rel=\"nofollow\" href=\"https:\/\/www.infomoney.com.br\/politica\/haddad-veto-sobre-arcabouco-fiscal-foi-motivado-por-incerteza-com-precatorios\/\">Haddad: veto sobre arcabou\u00e7o fiscal foi motivado por incerteza com precat\u00f3rios<\/a> appeared first on <a rel=\"nofollow\" href=\"https:\/\/www.infomoney.com.br\/\">InfoMoney<\/a>.<\/p>\n","protected":false},"author":52,"featured_media":0,"comment_status":"closed","ping_status":"closed","sticky":false,"template":"","format":"standard","meta":{"advgb_blocks_editor_width":"","advgb_blocks_columns_visual_guide":"","footnotes":""},"categories":[108,7288,34,129,47,826,6152],"tags":[35],"class_list":["post-32693","post","type-post","status-publish","format-standard","hentry","category-arcabouco-fiscal","category-expert-xp","category-g1","category-luiz-inacio-lula-da-silva","category-politica","category-precatorios","category-veto","tag-g1"],"author_meta":{"display_name":"Marcos Mortari","author_link":"https:\/\/sindaopcpb.org.br\/author\/marcos-mortari\/"},"featured_img":null,"coauthors":[],"tax_additional":{"categories":{"linked":["<a href=\"https:\/\/sindaopcpb.org.br\/arcabouco-fiscal\/\" class=\"advgb-post-tax-term\">Arcabou\u00e7o Fiscal<\/a>","<a href=\"https:\/\/sindaopcpb.org.br\/expert-xp\/\" class=\"advgb-post-tax-term\">Expert XP<\/a>","<a href=\"https:\/\/sindaopcpb.org.br\/g1\/\" class=\"advgb-post-tax-term\">G1<\/a>","<a href=\"https:\/\/sindaopcpb.org.br\/luiz-inacio-lula-da-silva\/\" class=\"advgb-post-tax-term\">Luiz In\u00e1cio Lula da Silva<\/a>","<a href=\"https:\/\/sindaopcpb.org.br\/politica\/\" class=\"advgb-post-tax-term\">POLITICA<\/a>","<a href=\"https:\/\/sindaopcpb.org.br\/precatorios\/\" class=\"advgb-post-tax-term\">Precat\u00f3rios<\/a>","<a href=\"https:\/\/sindaopcpb.org.br\/veto\/\" class=\"advgb-post-tax-term\">Veto<\/a>"],"unlinked":["<span class=\"advgb-post-tax-term\">Arcabou\u00e7o Fiscal<\/span>","<span class=\"advgb-post-tax-term\">Expert XP<\/span>","<span class=\"advgb-post-tax-term\">G1<\/span>","<span class=\"advgb-post-tax-term\">Luiz In\u00e1cio Lula da Silva<\/span>","<span class=\"advgb-post-tax-term\">POLITICA<\/span>","<span class=\"advgb-post-tax-term\">Precat\u00f3rios<\/span>","<span class=\"advgb-post-tax-term\">Veto<\/span>"]},"tags":{"linked":["<a href=\"https:\/\/sindaopcpb.org.br\/veto\/\" class=\"advgb-post-tax-term\">g1<\/a>"],"unlinked":["<span class=\"advgb-post-tax-term\">g1<\/span>"]}},"comment_count":"0","relative_dates":{"created":"Publicado 3 anos atr\u00e1s","modified":"Atualizado 3 anos atr\u00e1s"},"absolute_dates":{"created":"Publicado em 2 de setembro de 2023","modified":"Atualizado em 2 de setembro de 2023"},"absolute_dates_time":{"created":"Publicado em 2 de setembro de 2023 19:08","modified":"Atualizado em 2 de setembro de 2023 19:08"},"featured_img_caption":"","series_order":"","_links":{"self":[{"href":"https:\/\/sindaopcpb.org.br\/index.php\/wp-json\/wp\/v2\/posts\/32693","targetHints":{"allow":["GET"]}}],"collection":[{"href":"https:\/\/sindaopcpb.org.br\/index.php\/wp-json\/wp\/v2\/posts"}],"about":[{"href":"https:\/\/sindaopcpb.org.br\/index.php\/wp-json\/wp\/v2\/types\/post"}],"author":[{"embeddable":true,"href":"https:\/\/sindaopcpb.org.br\/index.php\/wp-json\/wp\/v2\/users\/52"}],"replies":[{"embeddable":true,"href":"https:\/\/sindaopcpb.org.br\/index.php\/wp-json\/wp\/v2\/comments?post=32693"}],"version-history":[{"count":2,"href":"https:\/\/sindaopcpb.org.br\/index.php\/wp-json\/wp\/v2\/posts\/32693\/revisions"}],"predecessor-version":[{"id":32702,"href":"https:\/\/sindaopcpb.org.br\/index.php\/wp-json\/wp\/v2\/posts\/32693\/revisions\/32702"}],"wp:attachment":[{"href":"https:\/\/sindaopcpb.org.br\/index.php\/wp-json\/wp\/v2\/media?parent=32693"}],"wp:term":[{"taxonomy":"category","embeddable":true,"href":"https:\/\/sindaopcpb.org.br\/index.php\/wp-json\/wp\/v2\/categories?post=32693"},{"taxonomy":"post_tag","embeddable":true,"href":"https:\/\/sindaopcpb.org.br\/index.php\/wp-json\/wp\/v2\/tags?post=32693"}],"curies":[{"name":"wp","href":"https:\/\/api.w.org\/{rel}","templated":true}]}}