{"id":32669,"date":"2023-09-02T16:19:25","date_gmt":"2023-09-02T19:19:25","guid":{"rendered":"https:\/\/www.infomoney.com.br\/?p=2233269"},"modified":"2023-09-02T16:19:25","modified_gmt":"2023-09-02T19:19:25","slug":"governador-defende-que-fundo-de-desenvolvimento-regional-siga-criterio-de-renda-per-capita","status":"publish","type":"post","link":"https:\/\/sindaopcpb.org.br\/index.php\/2023\/09\/02\/governador-defende-que-fundo-de-desenvolvimento-regional-siga-criterio-de-renda-per-capita\/","title":{"rendered":"Governador defende que Fundo de Desenvolvimento Regional siga crit\u00e9rio de renda per capita"},"content":{"rendered":"<p><img loading=\"lazy\" width=\"300\" height=\"199\" src=\"https:\/\/www.infomoney.com.br\/wp-content\/uploads\/2023\/09\/Captura-de-Tela-2023-09-02-as-16.56.51.png?fit=300%2C199&amp;quality=70&amp;strip=all\" class=\"attachment-medium size-medium wp-post-image\" alt=\"Rafael Fonteles, governador do Piau\u00ed, na Expert XP 2023\" decoding=\"async\" style=\"float:right; margin:0 0 10px 10px;\" srcset=\"https:\/\/www.infomoney.com.br\/wp-content\/uploads\/2023\/09\/Captura-de-Tela-2023-09-02-as-16.56.51.png?w=773&amp;quality=70&amp;strip=all 773w, https:\/\/www.infomoney.com.br\/wp-content\/uploads\/2023\/09\/Captura-de-Tela-2023-09-02-as-16.56.51.png?w=300&amp;quality=70&amp;strip=all 300w, https:\/\/www.infomoney.com.br\/wp-content\/uploads\/2023\/09\/Captura-de-Tela-2023-09-02-as-16.56.51.png?w=768&amp;quality=70&amp;strip=all 768w, https:\/\/www.infomoney.com.br\/wp-content\/uploads\/2023\/09\/Captura-de-Tela-2023-09-02-as-16.56.51.png?w=150&amp;quality=70&amp;strip=all 150w\" sizes=\"auto, (max-width: 300px) 100vw, 300px\" data-attachment-id=\"2233092\" data-permalink=\"https:\/\/www.infomoney.com.br\/politica\/governadores-apostam-na-bioeconomia-para-atrair-investimentos-e-manter-a-floresta-em-pe\/attachment\/captura-de-tela-2023-09-02-as-16-56-51\/\" data-orig-file=\"https:\/\/www.infomoney.com.br\/wp-content\/uploads\/2023\/09\/Captura-de-Tela-2023-09-02-as-16.56.51.png?fit=773%2C512&amp;quality=70&amp;strip=all\" data-orig-size=\"773,512\" data-comments-opened=\"0\" data-image-meta=\"{&quot;aperture&quot;:&quot;0&quot;,&quot;credit&quot;:&quot;&quot;,&quot;camera&quot;:&quot;&quot;,&quot;caption&quot;:&quot;&quot;,&quot;created_timestamp&quot;:&quot;0&quot;,&quot;copyright&quot;:&quot;&quot;,&quot;focal_length&quot;:&quot;0&quot;,&quot;iso&quot;:&quot;0&quot;,&quot;shutter_speed&quot;:&quot;0&quot;,&quot;title&quot;:&quot;&quot;,&quot;orientation&quot;:&quot;0&quot;}\" data-image-title=\"Rafael Fonteles, governador do Piau\u00ed, na Expert XP 2023\" data-image-description=\"&lt;p&gt;Rafael Fonteles, governador do Piau\u00ed, na Expert XP 2023&lt;\/p&gt;\n\" data-image-caption=\"&lt;p&gt;Rafael Fonteles, governador do Piau\u00ed, na Expert XP 2023&lt;\/p&gt;\n\" data-medium-file=\"https:\/\/www.infomoney.com.br\/wp-content\/uploads\/2023\/09\/Captura-de-Tela-2023-09-02-as-16.56.51.png?fit=300%2C199&amp;quality=70&amp;strip=all\" data-large-file=\"https:\/\/www.infomoney.com.br\/wp-content\/uploads\/2023\/09\/Captura-de-Tela-2023-09-02-as-16.56.51.png?fit=773%2C512&amp;quality=70&amp;strip=all\" title=\"\"><\/p>\n<p><iframe loading=\"lazy\" class=\"youtube-player\" width=\"640\" height=\"360\" src=\"https:\/\/www.youtube.com\/embed\/QbdrBWB42CA?version=3&amp;rel=1&amp;showsearch=0&amp;showinfo=1&amp;iv_load_policy=1&amp;fs=1&amp;hl=pt-BR&amp;autohide=2&amp;wmode=transparent\" allowfullscreen=\"true\" style=\"border:0;\" sandbox=\"allow-scripts allow-same-origin allow-popups allow-presentation\"><\/iframe><\/p>\n<p>O governador do Piau&iacute;, Rafael Fonteles (PT), defendeu, neste s&aacute;bado (2), que os crit&eacute;rios para a distribui&ccedil;&atilde;o de recursos do Fundo Nacional de Desenvolvimento Regional (FNDR), previsto na reforma tribut&aacute;ria dos impostos sobre o consumo (PEC 45\/2019), esteja na Constitui&ccedil;&atilde;o Federal e respeite uma l&oacute;gica inversamente proporcional &agrave; renda per capita de cada Estado.<\/p>\n<p>Ele conversou com jornalistas ap&oacute;s participar de painel com governadores na Expert XP 2023, realizado em S&atilde;o Paulo. Durante o evento, o governador destacou haver converg&ecirc;ncia entre os chefes do Executivo nas unidades da federa&ccedil;&atilde;o &ldquo;na grande maioria dos pontos&rdquo; do texto aprovado pela C&acirc;mara dos Deputados em julho. Mas reconheceu diverg&ecirc;ncias sobre o modelo de governan&ccedil;a do Conselho Federativo e uma indefini&ccedil;&atilde;o quanto &agrave; regra de distribui&ccedil;&atilde;o dos recursos do FNDR.<\/p>\n<p>&ldquo;A converg&ecirc;ncia &eacute; na grande maioria dos pontos. A diverg&ecirc;ncia eu coloco exatamente na quest&atilde;o do Conselho Federativo. Defendemos que seja parit&aacute;rio, exatamente como &eacute; o Senado Federal, que &eacute; a casa da federa&ccedil;&atilde;o. Esses ajustes populacionais n&atilde;o s&atilde;o corretos na nossa vis&atilde;o&rdquo;, disse.<\/p>\n<p>&ldquo;Outro ponto, que &eacute; muito caro para n&oacute;s &#8210; n&atilde;o s&oacute; do Nordeste, como do Norte e acredito que do Centro-Oeste &#8210; &eacute; que o crit&eacute;rio de divis&atilde;o do Fundo de Desenvolvimento Regional seja colocado na Constitui&ccedil;&atilde;o&rdquo;, pontuou.<\/p>\n<p>Ele salienta que o objetivo do fundo seria diminuir desigualdades regionais no pa&iacute;s &#8210; objetivo instrumentalizado ao longo dos anos a partir de incentivos fiscais a partir do ICMS, em um desenho tribut&aacute;rio ineficiente para a economia nacional.<\/p>\n<p>&ldquo;Como vai acabar o incentivo fiscal, &eacute; preciso haver um fundo para que a Uni&atilde;o possa cumprir a miss&atilde;o constitucional de diminuir desigualdade regional. N&oacute;s defendemos que o crit&eacute;rio de rateio deste fundo esteja na Constitui&ccedil;&atilde;o e seja inversamente proporcional &agrave; renda per capita de cada Estado da federa&ccedil;&atilde;o&rdquo;, sugeriu o governador.<\/p>\n<p>&ldquo;Essa seria a maneira mais eficiente para diminuir desigualdade regional. E ter uma regulamenta&ccedil;&atilde;o desse fundo: que ele v&aacute; para inova&ccedil;&atilde;o, infraestrutura, para aquilo que a pr&oacute;pria academia j&aacute; conseguiu compreender que leva ao desenvolvimento regional efetivo, e n&atilde;o de maneira artificial&rdquo;, continuou.<\/p>\n<p>O governador do Rio Grande do Sul, Eduardo Leite (PSDB), concorda com a necessidade de a PEC entrar em detalhes sobre os crit&eacute;rios de distribui&ccedil;&atilde;o dos recursos do fundo, mas tem posi&ccedil;&atilde;o divergente sobre a forma como isso deveria ser feito.<\/p>\n<p>&ldquo;No Fundo de Desenvolvimento Regional, &eacute; importante termos clareza dos crit&eacute;rios de distribui&ccedil;&atilde;o do fundo. Vai ter pelo menos R$ 45 bilh&otilde;es por ano. Devem ser crit&eacute;rios que fa&ccedil;am com que os recursos cheguem onde a popula&ccedil;&atilde;o est&aacute;. Naturalmente, serve tamb&eacute;m como corre&ccedil;&atilde;o de desigualdades regionais&rdquo;, disse tamb&eacute;m em entrevista coletiva.<\/p>\n<p>&ldquo;Entendemos que isso signifique aportes desses recursos de uma forma diferenciada em Estados que t&ecirc;m mais car&ecirc;ncia de desenvolvimento, mas n&atilde;o pode haver uma despropor&ccedil;&atilde;o em rela&ccedil;&atilde;o &agrave; popula&ccedil;&atilde;o. Inclusive em rela&ccedil;&atilde;o &agrave;s regi&otilde;es mais empobrecidas do pa&iacute;s&rdquo;, defendeu.<\/p>\n<p>Ele alega que a regra defendida por governadores da regi&atilde;o Nordeste poderia gerar uma distor&ccedil;&atilde;o por n&atilde;o levar em considera&ccedil;&atilde;o o n&uacute;mero de habitantes por Estado. &ldquo;O Cons&oacute;rcio do Nordeste defendeu um crit&eacute;rio em que Estados muito populosos como a Bahia receberiam o mesmo valor de Estados da mesma regi&atilde;o, que tamb&eacute;m t&ecirc;m car&ecirc;ncias, muito menores populacionalmente. N&atilde;o faz sentido&rdquo;, disse.<\/p>\n<p>&ldquo;Naturalmente, precisamos fazer fazer o recurso ser carreado mais onde tem mais gente. Onde tem mais gente, tem mais pessoas em situa&ccedil;&atilde;o de pobreza que precisam ser atendidas. Ent&atilde;o, defendemos que esses crit&eacute;rios considerem n&atilde;o apenas o inverso do PIB per capita, mas tamb&eacute;m o inverso do PIB per capita ajustado &agrave; popula&ccedil;&atilde;o. Que &eacute; o crit&eacute;rio mais justo e que melhora a distribui&ccedil;&atilde;o dos recursos no pa&iacute;s, atendendo &agrave;s demais regi&otilde;es&rdquo;, pontuou.<\/p>\n<\/p>\n<div class=\"cta-end\">\n<div class=\"im-cta\" >\n<div class=\"im-shortcode-forms bg-light bg-opacity-25 border rounded-4 p-3 p-sm-4 p-md-3 p-lg-4 px-xxl-5 my-5\" data-configuration='{\"form_name\":false,\"form_hat\":\"Newsletter\",\"form_email\":true,\"form_icon\":\"newsletter\",\"form_phone\":false,\"form_campaign\":\"NIM\",\"form_thankyou\":\"\",\"form_journey\":\"APIEvent-26a5198d-8e09-06ef-5f80-cd9127757ad1\",\"form_button\":\"Quero receber\",\"form_context\":\"newsletter\",\"form_origin\":\"https:\\\/\\\/www.infomoney.com.br\\\/politica\\\/feed\\\/?utm_medium=materia&#038;utm_source=infomoney&#038;utm_campaign=NIM&#038;utm_term=politica&#038;utm_content=newsletter\",\"form_position\":\"final\",\"form_category\":\"cta_form\"}'>\n<div class=\"d-flex flex-column align-items-center align-items-lg-start mb-4 flex-lg-row\">\n<div class=\"rounded-circle mb-2 mb-lg-0 mr-lg-4 me-lg-4 p-3 p-lg-4 bg-blue-400\"><svg width=\"40\" height=\"40\" viewBox=\"0 0 40 40\" fill=\"none\" xmlns=\"http:\/\/www.w3.org\/2000\/svg\"><path d=\"M20 20.25 6.042 11.042v19.041c0 .167.048.299.146.396a.535.535 0 0 0 .395.146h15.792V32.5H6.583a2.328 2.328 0 0 1-1.708-.708 2.328 2.328 0 0 1-.708-1.709V9.917c0-.667.236-1.236.708-1.709A2.328 2.328 0 0 1 6.583 7.5h26.834c.666 0 1.236.236 1.708.708a2.33 2.33 0 0 1 .708 1.709v12.458h-1.875V11.042L20 20.25Zm0-2 13.667-8.875H6.333L20 18.25Zm11.75 18.958-1.292-1.333 3.334-3.375h-9v-1.875h9l-3.375-3.417 1.333-1.291 5.667 5.625-5.667 5.666ZM6.042 11.042v20.791-9.458.25-13.25 1.667Z\" fill=\"#fff\"\/><\/svg><\/div>\n<div class=\"flex-fill text-center text-lg-left\">\n<div class=\"h6 small text-orange-700 lh-base mb-1\">Newsletter<\/div>\n<div class=\"text-body h4 m-0\">Infomorning<\/div>\n<div class=\"text-body small lh-base mt-2\">Receba no seu e-mail logo pela manh&atilde; as not&iacute;cias que v&atilde;o mexer com os mercados, com os seus investimentos e o seu bolso durante o dia<\/div>\n<\/div>\n<\/div>\n<\/div>\n<\/div>\n<\/div>\n<p>The post <a rel=\"nofollow noopener\" href=\"https:\/\/www.infomoney.com.br\/politica\/governador-defende-que-fundo-de-desenvolvimento-regional-siga-criterio-de-renda-per-capita\/\" target=\"_blank\">Governador defende que Fundo de Desenvolvimento Regional siga crit\u00e9rio de renda per capita<\/a> appeared first on <a rel=\"nofollow noopener\" href=\"https:\/\/www.infomoney.com.br\/\" target=\"_blank\">InfoMoney<\/a>.<\/p>\n","protected":false},"excerpt":{"rendered":"<p><img loading=\"lazy\" decoding=\"async\" width=\"300\" height=\"199\" src=\"https:\/\/www.infomoney.com.br\/wp-content\/uploads\/2023\/09\/Captura-de-Tela-2023-09-02-as-16.56.51.png?fit=300%2C199&amp;quality=70&amp;strip=all\" class=\"attachment-medium size-medium wp-post-image\" alt=\"Rafael Fonteles, governador do Piau\u00ed, na Expert XP 2023\" data-attachment-id=\"2233092\" data-permalink=\"https:\/\/www.infomoney.com.br\/politica\/governadores-apostam-na-bioeconomia-para-atrair-investimentos-e-manter-a-floresta-em-pe\/attachment\/captura-de-tela-2023-09-02-as-16-56-51\/\" data-orig-file=\"https:\/\/www.infomoney.com.br\/wp-content\/uploads\/2023\/09\/Captura-de-Tela-2023-09-02-as-16.56.51.png?fit=773%2C512&amp;quality=70&amp;strip=all\" data-orig-size=\"773,512\" data-comments-opened=\"0\" data-image-meta='{\"aperture\":\"0\",\"credit\":\"\",\"camera\":\"\",\"caption\":\"\",\"created_timestamp\":\"0\",\"copyright\":\"\",\"focal_length\":\"0\",\"iso\":\"0\",\"shutter_speed\":\"0\",\"title\":\"\",\"orientation\":\"0\"}' data-image-title=\"Rafael Fonteles, governador do Piau\u00ed, na Expert XP 2023\" data-image-description=\"&lt;p&gt;Rafael Fonteles, governador do Piau\u00ed, na Expert XP 2023&lt;\/p&gt;\n\" data-image-caption=\"&lt;p&gt;Rafael Fonteles, governador do Piau\u00ed, na Expert XP 2023&lt;\/p&gt;\n\" data-medium-file=\"https:\/\/www.infomoney.com.br\/wp-content\/uploads\/2023\/09\/Captura-de-Tela-2023-09-02-as-16.56.51.png?fit=300%2C199&amp;quality=70&amp;strip=all\" data-large-file=\"https:\/\/www.infomoney.com.br\/wp-content\/uploads\/2023\/09\/Captura-de-Tela-2023-09-02-as-16.56.51.png?fit=773%2C512&amp;quality=70&amp;strip=all\">Para Rafael Fonteles, fundo deve ter como objetivo diminuir assimetrias regionais, mas crit\u00e9rio defendido n\u00e3o \u00e9 consenso entre governadores<\/p>\n<p>The post <a rel=\"nofollow\" href=\"https:\/\/www.infomoney.com.br\/politica\/governador-defende-que-fundo-de-desenvolvimento-regional-siga-criterio-de-renda-per-capita\/\">Governador defende que Fundo de Desenvolvimento Regional siga crit\u00e9rio de renda per capita<\/a> appeared first on <a rel=\"nofollow\" href=\"https:\/\/www.infomoney.com.br\/\">InfoMoney<\/a>.<\/p>\n","protected":false},"author":52,"featured_media":0,"comment_status":"closed","ping_status":"closed","sticky":false,"template":"","format":"standard","meta":{"advgb_blocks_editor_width":"","advgb_blocks_columns_visual_guide":"","footnotes":""},"categories":[359,7288,34,483,556,47,5864,191,403],"tags":[35],"class_list":["post-32669","post","type-post","status-publish","format-standard","hentry","category-congresso-nacional","category-expert-xp","category-g1","category-governador","category-impostos","category-politica","category-rafael-fonteles","category-reforma-tributaria","category-senado","tag-g1"],"author_meta":{"display_name":"Marcos Mortari","author_link":"https:\/\/sindaopcpb.org.br\/author\/marcos-mortari\/"},"featured_img":null,"coauthors":[],"tax_additional":{"categories":{"linked":["<a href=\"https:\/\/sindaopcpb.org.br\/congresso-nacional\/\" class=\"advgb-post-tax-term\">Congresso Nacional<\/a>","<a href=\"https:\/\/sindaopcpb.org.br\/expert-xp\/\" class=\"advgb-post-tax-term\">Expert XP<\/a>","<a href=\"https:\/\/sindaopcpb.org.br\/g1\/\" class=\"advgb-post-tax-term\">G1<\/a>","<a href=\"https:\/\/sindaopcpb.org.br\/governador\/\" class=\"advgb-post-tax-term\">governador<\/a>","<a href=\"https:\/\/sindaopcpb.org.br\/impostos\/\" class=\"advgb-post-tax-term\">Impostos<\/a>","<a href=\"https:\/\/sindaopcpb.org.br\/politica\/\" class=\"advgb-post-tax-term\">POLITICA<\/a>","<a href=\"https:\/\/sindaopcpb.org.br\/rafael-fonteles\/\" class=\"advgb-post-tax-term\">Rafael Fonteles<\/a>","<a href=\"https:\/\/sindaopcpb.org.br\/reforma-tributaria\/\" class=\"advgb-post-tax-term\">reforma tribut\u00e1ria<\/a>","<a href=\"https:\/\/sindaopcpb.org.br\/senado\/\" class=\"advgb-post-tax-term\">Senado<\/a>"],"unlinked":["<span class=\"advgb-post-tax-term\">Congresso Nacional<\/span>","<span class=\"advgb-post-tax-term\">Expert XP<\/span>","<span class=\"advgb-post-tax-term\">G1<\/span>","<span class=\"advgb-post-tax-term\">governador<\/span>","<span class=\"advgb-post-tax-term\">Impostos<\/span>","<span class=\"advgb-post-tax-term\">POLITICA<\/span>","<span class=\"advgb-post-tax-term\">Rafael Fonteles<\/span>","<span class=\"advgb-post-tax-term\">reforma tribut\u00e1ria<\/span>","<span class=\"advgb-post-tax-term\">Senado<\/span>"]},"tags":{"linked":["<a href=\"https:\/\/sindaopcpb.org.br\/senado\/\" class=\"advgb-post-tax-term\">g1<\/a>"],"unlinked":["<span class=\"advgb-post-tax-term\">g1<\/span>"]}},"comment_count":"0","relative_dates":{"created":"Publicado 3 anos atr\u00e1s","modified":"Atualizado 3 anos atr\u00e1s"},"absolute_dates":{"created":"Publicado em 2 de setembro de 2023","modified":"Atualizado em 2 de setembro de 2023"},"absolute_dates_time":{"created":"Publicado em 2 de setembro de 2023 16:19","modified":"Atualizado em 2 de setembro de 2023 16:19"},"featured_img_caption":"","series_order":"","_links":{"self":[{"href":"https:\/\/sindaopcpb.org.br\/index.php\/wp-json\/wp\/v2\/posts\/32669","targetHints":{"allow":["GET"]}}],"collection":[{"href":"https:\/\/sindaopcpb.org.br\/index.php\/wp-json\/wp\/v2\/posts"}],"about":[{"href":"https:\/\/sindaopcpb.org.br\/index.php\/wp-json\/wp\/v2\/types\/post"}],"author":[{"embeddable":true,"href":"https:\/\/sindaopcpb.org.br\/index.php\/wp-json\/wp\/v2\/users\/52"}],"replies":[{"embeddable":true,"href":"https:\/\/sindaopcpb.org.br\/index.php\/wp-json\/wp\/v2\/comments?post=32669"}],"version-history":[{"count":2,"href":"https:\/\/sindaopcpb.org.br\/index.php\/wp-json\/wp\/v2\/posts\/32669\/revisions"}],"predecessor-version":[{"id":32680,"href":"https:\/\/sindaopcpb.org.br\/index.php\/wp-json\/wp\/v2\/posts\/32669\/revisions\/32680"}],"wp:attachment":[{"href":"https:\/\/sindaopcpb.org.br\/index.php\/wp-json\/wp\/v2\/media?parent=32669"}],"wp:term":[{"taxonomy":"category","embeddable":true,"href":"https:\/\/sindaopcpb.org.br\/index.php\/wp-json\/wp\/v2\/categories?post=32669"},{"taxonomy":"post_tag","embeddable":true,"href":"https:\/\/sindaopcpb.org.br\/index.php\/wp-json\/wp\/v2\/tags?post=32669"}],"curies":[{"name":"wp","href":"https:\/\/api.w.org\/{rel}","templated":true}]}}