{"id":32621,"date":"2023-09-02T09:40:20","date_gmt":"2023-09-02T12:40:20","guid":{"rendered":"https:\/\/wpa.wscom.com.br\/?p=920992"},"modified":"2023-09-02T09:40:20","modified_gmt":"2023-09-02T12:40:20","slug":"advogado-aposentado-e-encontrado-morto-apos-muro-desabar-em-sua-residencia-em-joao-pessoa","status":"publish","type":"post","link":"https:\/\/sindaopcpb.org.br\/index.php\/2023\/09\/02\/advogado-aposentado-e-encontrado-morto-apos-muro-desabar-em-sua-residencia-em-joao-pessoa\/","title":{"rendered":"Advogado aposentado \u00e9 encontrado morto ap\u00f3s muro desabar em sua resid\u00eancia, em Jo\u00e3o Pessoa"},"content":{"rendered":"<p>Um idoso de 64 anos morreu ap\u00f3s um muro desabar no quintal de sua casa, localizada no bairro da Torre, em Jo\u00e3o Pessoa, na manh\u00e3 deste s\u00e1bado (2). O corpo da v\u00edtima foi descoberto j\u00e1 pela manh\u00e3 por uma funcion\u00e1ria que prestava servi\u00e7os na resid\u00eancia.<\/p>\n<p>De acordo com o relato da testemunha \u00e0 pol\u00edcia, ao chegar para o trabalho, ela se deparou com a cena nos fundos da casa. Ela suspeita que o homem, um advogado aposentado, estivesse passando ao lado do muro no momento em que a estrutura cedeu.<\/p>\n<p>O hor\u00e1rio exato da trag\u00e9dia ainda n\u00e3o foi confirmado.<\/p>\n<p>O post <a rel=\"nofollow noopener\" href=\"https:\/\/wscom.com.br\/advogado-aposentado-e-encontrado-morto-apos-muro-desabar-em-sua-residencia-em-joao-pessoa\/\" target=\"_blank\">Advogado aposentado \u00e9 encontrado morto ap\u00f3s muro desabar em sua resid\u00eancia, em Jo\u00e3o Pessoa<\/a> apareceu primeiro em <a rel=\"nofollow noopener\" href=\"https:\/\/wscom.com.br\/\" target=\"_blank\">WSCOM<\/a>.<\/p>\n","protected":false},"excerpt":{"rendered":"<p>Um idoso de 64 anos morreu ap\u00f3s um muro desabar no quintal de sua casa, localizada no bairro da Torre, em Jo\u00e3o Pessoa, na manh\u00e3 deste s\u00e1bado (2). O corpo da v\u00edtima foi descoberto j\u00e1 pela manh\u00e3 por uma funcion\u00e1ria que prestava servi\u00e7os na resid\u00eancia. De acordo com o relato da testemunha \u00e0 pol\u00edcia, ao [\u2026]<\/p>\n<p>O post <a rel=\"nofollow\" href=\"https:\/\/wscom.com.br\/advogado-aposentado-e-encontrado-morto-apos-muro-desabar-em-sua-residencia-em-joao-pessoa\/\">Advogado aposentado \u00e9 encontrado morto ap\u00f3s muro desabar em sua resid\u00eancia, em Jo\u00e3o Pessoa<\/a> apareceu primeiro em <a rel=\"nofollow\" href=\"https:\/\/wscom.com.br\/\">WSCOM<\/a>.<\/p>\n","protected":false},"author":50,"featured_media":0,"comment_status":"closed","ping_status":"closed","sticky":false,"template":"","format":"standard","meta":{"advgb_blocks_editor_width":"","advgb_blocks_columns_visual_guide":"","footnotes":""},"categories":[34,71,3977,66],"tags":[35],"class_list":["post-32621","post","type-post","status-publish","format-standard","hentry","category-g1","category-joao-pessoa","category-muro","category-policial","tag-g1"],"author_meta":{"display_name":"Wallyson","author_link":"https:\/\/sindaopcpb.org.br\/author\/wallyson\/"},"featured_img":null,"coauthors":[],"tax_additional":{"categories":{"linked":["<a href=\"https:\/\/sindaopcpb.org.br\/g1\/\" class=\"advgb-post-tax-term\">G1<\/a>","<a href=\"https:\/\/sindaopcpb.org.br\/joao-pessoa\/\" class=\"advgb-post-tax-term\">Jo\u00e3o Pessoa<\/a>","<a href=\"https:\/\/sindaopcpb.org.br\/muro\/\" class=\"advgb-post-tax-term\">MURO<\/a>","<a href=\"https:\/\/sindaopcpb.org.br\/policial\/\" class=\"advgb-post-tax-term\">Policial<\/a>"],"unlinked":["<span class=\"advgb-post-tax-term\">G1<\/span>","<span class=\"advgb-post-tax-term\">Jo\u00e3o Pessoa<\/span>","<span class=\"advgb-post-tax-term\">MURO<\/span>","<span class=\"advgb-post-tax-term\">Policial<\/span>"]},"tags":{"linked":["<a href=\"https:\/\/sindaopcpb.org.br\/policial\/\" class=\"advgb-post-tax-term\">g1<\/a>"],"unlinked":["<span class=\"advgb-post-tax-term\">g1<\/span>"]}},"comment_count":"0","relative_dates":{"created":"Publicado 3 anos atr\u00e1s","modified":"Atualizado 3 anos atr\u00e1s"},"absolute_dates":{"created":"Publicado em 2 de setembro de 2023","modified":"Atualizado em 2 de setembro de 2023"},"absolute_dates_time":{"created":"Publicado em 2 de setembro de 2023 09:40","modified":"Atualizado em 2 de setembro de 2023 09:40"},"featured_img_caption":"","series_order":"","_links":{"self":[{"href":"https:\/\/sindaopcpb.org.br\/index.php\/wp-json\/wp\/v2\/posts\/32621","targetHints":{"allow":["GET"]}}],"collection":[{"href":"https:\/\/sindaopcpb.org.br\/index.php\/wp-json\/wp\/v2\/posts"}],"about":[{"href":"https:\/\/sindaopcpb.org.br\/index.php\/wp-json\/wp\/v2\/types\/post"}],"author":[{"embeddable":true,"href":"https:\/\/sindaopcpb.org.br\/index.php\/wp-json\/wp\/v2\/users\/50"}],"replies":[{"embeddable":true,"href":"https:\/\/sindaopcpb.org.br\/index.php\/wp-json\/wp\/v2\/comments?post=32621"}],"version-history":[{"count":1,"href":"https:\/\/sindaopcpb.org.br\/index.php\/wp-json\/wp\/v2\/posts\/32621\/revisions"}],"predecessor-version":[{"id":32622,"href":"https:\/\/sindaopcpb.org.br\/index.php\/wp-json\/wp\/v2\/posts\/32621\/revisions\/32622"}],"wp:attachment":[{"href":"https:\/\/sindaopcpb.org.br\/index.php\/wp-json\/wp\/v2\/media?parent=32621"}],"wp:term":[{"taxonomy":"category","embeddable":true,"href":"https:\/\/sindaopcpb.org.br\/index.php\/wp-json\/wp\/v2\/categories?post=32621"},{"taxonomy":"post_tag","embeddable":true,"href":"https:\/\/sindaopcpb.org.br\/index.php\/wp-json\/wp\/v2\/tags?post=32621"}],"curies":[{"name":"wp","href":"https:\/\/api.w.org\/{rel}","templated":true}]}}