{"id":32589,"date":"2023-09-01T18:22:22","date_gmt":"2023-09-01T21:22:22","guid":{"rendered":"https:\/\/wpa.wscom.com.br\/?p=920918"},"modified":"2023-09-01T18:22:22","modified_gmt":"2023-09-01T21:22:22","slug":"em-mogeiro-filho-de-ex-prefeita-por-3-mandatos-anuncia-posse-no-psdb-local-mas-sem-ignorar-opcao-popular","status":"publish","type":"post","link":"https:\/\/sindaopcpb.org.br\/index.php\/2023\/09\/01\/em-mogeiro-filho-de-ex-prefeita-por-3-mandatos-anuncia-posse-no-psdb-local-mas-sem-ignorar-opcao-popular\/","title":{"rendered":"Em Mogeiro, filho de ex-prefeita por 3 mandatos anuncia posse no PSDB local mas sem ignorar op\u00e7\u00e3o popular"},"content":{"rendered":"<p>O executivo Walfrido Silveira, nova lideran\u00e7a em Mogeiro a partir do PSDB e de sua m\u00e3e, ex-prefeita por tr\u00eas mandatos, j\u00e1 anunciou que decidiu aceitar assumir a presid\u00eancia do PSDB visando as elei\u00e7\u00f5es de 2024.<\/p>\n<p>Ao longo dos anos, desde 1991 sua fam\u00edlia assumiu o comando do partido tendo \u00f3tima rela\u00e7\u00e3o pol\u00edtica com o ex-deputado federal R\u00f4mulo Gouveia, mas ultimamente est\u00e1 decidido a seguir o futuro da disputa na cidade pela for\u00e7a popular.<\/p>\n<p>Ele quis dizer que n\u00e3o seguir\u00e1 cegamente os pr\u00f3ximos<br \/>\nMomentos de disputa como antigamente.<\/p>\n<p>Como novo nome em ascens\u00e3o no munic\u00edpio admite surpresas.<\/p>\n<p>O post <a rel=\"nofollow noopener\" href=\"https:\/\/wscom.com.br\/em-mogeiro-filho-de-ex-prefeita-por-3-mandatos-anuncia-posse-no-psdb-local-mas-sem-ignorar-opcao-popular\/\" target=\"_blank\">Em Mogeiro, filho de ex-prefeita por 3 mandatos anuncia posse no PSDB local mas sem ignorar op\u00e7\u00e3o popular<\/a> apareceu primeiro em <a rel=\"nofollow noopener\" href=\"https:\/\/wscom.com.br\/\" target=\"_blank\">WSCOM<\/a>.<\/p>\n","protected":false},"excerpt":{"rendered":"<p>O executivo Walfrido Silveira, nova lideran\u00e7a em Mogeiro a partir do PSDB e de sua m\u00e3e, ex-prefeita por tr\u00eas mandatos, j\u00e1 anunciou que decidiu aceitar assumir a presid\u00eancia do PSDB visando as elei\u00e7\u00f5es de 2024. Ao longo dos anos, desde 1991 sua fam\u00edlia assumiu o comando do partido tendo \u00f3tima rela\u00e7\u00e3o pol\u00edtica com o ex-deputado [\u2026]<\/p>\n<p>O post <a rel=\"nofollow\" href=\"https:\/\/wscom.com.br\/em-mogeiro-filho-de-ex-prefeita-por-3-mandatos-anuncia-posse-no-psdb-local-mas-sem-ignorar-opcao-popular\/\">Em Mogeiro, filho de ex-prefeita por 3 mandatos anuncia posse no PSDB local mas sem ignorar op\u00e7\u00e3o popular<\/a> apareceu primeiro em <a rel=\"nofollow\" href=\"https:\/\/wscom.com.br\/\">WSCOM<\/a>.<\/p>\n","protected":false},"author":49,"featured_media":0,"comment_status":"closed","ping_status":"closed","sticky":false,"template":"","format":"standard","meta":{"advgb_blocks_editor_width":"","advgb_blocks_columns_visual_guide":"","footnotes":""},"categories":[34,4966,54,1669,47,7200,8582],"tags":[35],"class_list":["post-32589","post","type-post","status-publish","format-standard","hentry","category-g1","category-mogeiro","category-paraiba","category-pedro-cunha-lima","category-politica","category-psdb-pb","category-walfrido-silveira","tag-g1"],"author_meta":{"display_name":"Cristiane Cavalcante","author_link":"https:\/\/sindaopcpb.org.br\/author\/cristiane-cavalcante\/"},"featured_img":null,"coauthors":[],"tax_additional":{"categories":{"linked":["<a href=\"https:\/\/sindaopcpb.org.br\/g1\/\" class=\"advgb-post-tax-term\">G1<\/a>","<a href=\"https:\/\/sindaopcpb.org.br\/mogeiro\/\" class=\"advgb-post-tax-term\">mogeiro<\/a>","<a href=\"https:\/\/sindaopcpb.org.br\/paraiba\/\" class=\"advgb-post-tax-term\">Para\u00edba<\/a>","<a href=\"https:\/\/sindaopcpb.org.br\/pedro-cunha-lima\/\" class=\"advgb-post-tax-term\">Pedro Cunha Lima<\/a>","<a href=\"https:\/\/sindaopcpb.org.br\/politica\/\" class=\"advgb-post-tax-term\">POLITICA<\/a>","<a href=\"https:\/\/sindaopcpb.org.br\/psdb-pb\/\" class=\"advgb-post-tax-term\">PSDB-PB<\/a>","<a href=\"https:\/\/sindaopcpb.org.br\/walfrido-silveira\/\" class=\"advgb-post-tax-term\">Walfrido Silveira<\/a>"],"unlinked":["<span class=\"advgb-post-tax-term\">G1<\/span>","<span class=\"advgb-post-tax-term\">mogeiro<\/span>","<span class=\"advgb-post-tax-term\">Para\u00edba<\/span>","<span class=\"advgb-post-tax-term\">Pedro Cunha Lima<\/span>","<span class=\"advgb-post-tax-term\">POLITICA<\/span>","<span class=\"advgb-post-tax-term\">PSDB-PB<\/span>","<span class=\"advgb-post-tax-term\">Walfrido Silveira<\/span>"]},"tags":{"linked":["<a href=\"https:\/\/sindaopcpb.org.br\/walfrido-silveira\/\" class=\"advgb-post-tax-term\">g1<\/a>"],"unlinked":["<span class=\"advgb-post-tax-term\">g1<\/span>"]}},"comment_count":"0","relative_dates":{"created":"Publicado 3 anos atr\u00e1s","modified":"Atualizado 3 anos atr\u00e1s"},"absolute_dates":{"created":"Publicado em 1 de setembro de 2023","modified":"Atualizado em 1 de setembro de 2023"},"absolute_dates_time":{"created":"Publicado em 1 de setembro de 2023 18:22","modified":"Atualizado em 1 de setembro de 2023 18:22"},"featured_img_caption":"","series_order":"","_links":{"self":[{"href":"https:\/\/sindaopcpb.org.br\/index.php\/wp-json\/wp\/v2\/posts\/32589","targetHints":{"allow":["GET"]}}],"collection":[{"href":"https:\/\/sindaopcpb.org.br\/index.php\/wp-json\/wp\/v2\/posts"}],"about":[{"href":"https:\/\/sindaopcpb.org.br\/index.php\/wp-json\/wp\/v2\/types\/post"}],"author":[{"embeddable":true,"href":"https:\/\/sindaopcpb.org.br\/index.php\/wp-json\/wp\/v2\/users\/49"}],"replies":[{"embeddable":true,"href":"https:\/\/sindaopcpb.org.br\/index.php\/wp-json\/wp\/v2\/comments?post=32589"}],"version-history":[{"count":2,"href":"https:\/\/sindaopcpb.org.br\/index.php\/wp-json\/wp\/v2\/posts\/32589\/revisions"}],"predecessor-version":[{"id":32600,"href":"https:\/\/sindaopcpb.org.br\/index.php\/wp-json\/wp\/v2\/posts\/32589\/revisions\/32600"}],"wp:attachment":[{"href":"https:\/\/sindaopcpb.org.br\/index.php\/wp-json\/wp\/v2\/media?parent=32589"}],"wp:term":[{"taxonomy":"category","embeddable":true,"href":"https:\/\/sindaopcpb.org.br\/index.php\/wp-json\/wp\/v2\/categories?post=32589"},{"taxonomy":"post_tag","embeddable":true,"href":"https:\/\/sindaopcpb.org.br\/index.php\/wp-json\/wp\/v2\/tags?post=32589"}],"curies":[{"name":"wp","href":"https:\/\/api.w.org\/{rel}","templated":true}]}}