{"id":32585,"date":"2023-09-01T18:49:50","date_gmt":"2023-09-01T21:49:50","guid":{"rendered":"https:\/\/wpa.wscom.com.br\/?p=920928"},"modified":"2023-09-03T08:21:50","modified_gmt":"2023-09-03T11:21:50","slug":"independencia-do-brasil-reparticoes-estaduais-terao-ponto-facultativo-no-dia-8-de-setembro","status":"publish","type":"post","link":"https:\/\/sindaopcpb.org.br\/index.php\/2023\/09\/01\/independencia-do-brasil-reparticoes-estaduais-terao-ponto-facultativo-no-dia-8-de-setembro\/","title":{"rendered":"Independ\u00eancia do Brasil: Governo da Para\u00edba estabelece ponto facultativo nas reparti\u00e7\u00f5es estaduais no dia 8 de setembro"},"content":{"rendered":"<p>O Governo da Para\u00edba vai facultar o expediente do pr\u00f3ximo dia 8 de setembro de 2023 (sexta-feira) nas reparti\u00e7\u00f5es p\u00fablicas estaduais da Administra\u00e7\u00e3o Direta e Indireta do Poder Executivo.<\/p>\n<p>A portaria n\u00ba 445\/2023, assinada pelo secret\u00e1rio de Estado da Administra\u00e7\u00e3o, Tib\u00e9rio Limeira, ser\u00e1 publicada no Di\u00e1rio Oficial do Estado deste s\u00e1bado, 2 de setembro. O ponto facultativo \u00e9 em virtude do feriado nacional de 7 de setembro (quinta-feira).<\/p>\n<p>Em virtude disso &#8211; conforme a Portaria &#8211; fica estabelecido tamb\u00e9m que o hor\u00e1rio dos expedientes nos dias 11, 12, 13, 14 e 15 de setembro de 2023, ser\u00e1 estendido at\u00e9 as 17h30, em compensa\u00e7\u00e3o ao ponto facultativo do dia 8 de setembro.<\/p>\n<p>O post <a rel=\"nofollow noopener\" href=\"https:\/\/wscom.com.br\/independencia-do-brasil-governo-da-paraiba-estabelece-ponto-facultativo-nas-reparticoes-estaduais-no-dia-8-de-setembro\/\" target=\"_blank\">Independ\u00eancia do Brasil: Governo da Para\u00edba estabelece ponto facultativo nas reparti\u00e7\u00f5es estaduais no dia 8 de setembro<\/a> apareceu primeiro em <a rel=\"nofollow noopener\" href=\"https:\/\/wscom.com.br\/\" target=\"_blank\">WSCOM<\/a>.<\/p>\n","protected":false},"excerpt":{"rendered":"<p>O Governo da Para\u00edba vai facultar o expediente do pr\u00f3ximo dia 8 de setembro de 2023 (sexta-feira) nas reparti\u00e7\u00f5es p\u00fablicas estaduais da Administra\u00e7\u00e3o Direta e Indireta do Poder Executivo. A portaria n\u00ba 445\/2023, assinada pelo secret\u00e1rio de Estado da Administra\u00e7\u00e3o, Tib\u00e9rio Limeira, ser\u00e1 publicada no Di\u00e1rio Oficial do Estado deste s\u00e1bado, 2 de setembro. O [\u2026]<\/p>\n<p>O post <a rel=\"nofollow\" href=\"https:\/\/wscom.com.br\/independencia-do-brasil-governo-da-paraiba-estabelece-ponto-facultativo-nas-reparticoes-estaduais-no-dia-8-de-setembro\/\">Independ\u00eancia do Brasil: Governo da Para\u00edba estabelece ponto facultativo nas reparti\u00e7\u00f5es estaduais no dia 8 de setembro<\/a> apareceu primeiro em <a rel=\"nofollow\" href=\"https:\/\/wscom.com.br\/\">WSCOM<\/a>.<\/p>\n","protected":false},"author":49,"featured_media":0,"comment_status":"closed","ping_status":"closed","sticky":false,"template":"","format":"standard","meta":{"advgb_blocks_editor_width":"","advgb_blocks_columns_visual_guide":"","footnotes":""},"categories":[8579,34,8580,54,3854,8581],"tags":[35],"class_list":["post-32585","post","type-post","status-publish","format-standard","hentry","category-dia-da-independencia-do-brasil","category-g1","category-imprensado","category-paraiba","category-ponto-facultativo","category-reparticoes-estaduais","tag-g1"],"author_meta":{"display_name":"Cristiane Cavalcante","author_link":"https:\/\/sindaopcpb.org.br\/author\/cristiane-cavalcante\/"},"featured_img":null,"coauthors":[],"tax_additional":{"categories":{"linked":["<a href=\"https:\/\/sindaopcpb.org.br\/dia-da-independencia-do-brasil\/\" class=\"advgb-post-tax-term\">Dia da Independ\u00eancia do Brasil<\/a>","<a href=\"https:\/\/sindaopcpb.org.br\/g1\/\" class=\"advgb-post-tax-term\">G1<\/a>","<a href=\"https:\/\/sindaopcpb.org.br\/imprensado\/\" class=\"advgb-post-tax-term\">imprensado<\/a>","<a href=\"https:\/\/sindaopcpb.org.br\/paraiba\/\" class=\"advgb-post-tax-term\">Para\u00edba<\/a>","<a href=\"https:\/\/sindaopcpb.org.br\/ponto-facultativo\/\" class=\"advgb-post-tax-term\">Ponto Facultativo<\/a>","<a href=\"https:\/\/sindaopcpb.org.br\/reparticoes-estaduais\/\" class=\"advgb-post-tax-term\">Reparti\u00e7\u00f5es estaduais<\/a>"],"unlinked":["<span class=\"advgb-post-tax-term\">Dia da Independ\u00eancia do Brasil<\/span>","<span class=\"advgb-post-tax-term\">G1<\/span>","<span class=\"advgb-post-tax-term\">imprensado<\/span>","<span class=\"advgb-post-tax-term\">Para\u00edba<\/span>","<span class=\"advgb-post-tax-term\">Ponto Facultativo<\/span>","<span class=\"advgb-post-tax-term\">Reparti\u00e7\u00f5es estaduais<\/span>"]},"tags":{"linked":["<a href=\"https:\/\/sindaopcpb.org.br\/reparticoes-estaduais\/\" class=\"advgb-post-tax-term\">g1<\/a>"],"unlinked":["<span class=\"advgb-post-tax-term\">g1<\/span>"]}},"comment_count":"0","relative_dates":{"created":"Publicado 3 anos atr\u00e1s","modified":"Atualizado 3 anos atr\u00e1s"},"absolute_dates":{"created":"Publicado em 1 de setembro de 2023","modified":"Atualizado em 3 de setembro de 2023"},"absolute_dates_time":{"created":"Publicado em 1 de setembro de 2023 18:49","modified":"Atualizado em 3 de setembro de 2023 08:21"},"featured_img_caption":"","series_order":"","_links":{"self":[{"href":"https:\/\/sindaopcpb.org.br\/index.php\/wp-json\/wp\/v2\/posts\/32585","targetHints":{"allow":["GET"]}}],"collection":[{"href":"https:\/\/sindaopcpb.org.br\/index.php\/wp-json\/wp\/v2\/posts"}],"about":[{"href":"https:\/\/sindaopcpb.org.br\/index.php\/wp-json\/wp\/v2\/types\/post"}],"author":[{"embeddable":true,"href":"https:\/\/sindaopcpb.org.br\/index.php\/wp-json\/wp\/v2\/users\/49"}],"replies":[{"embeddable":true,"href":"https:\/\/sindaopcpb.org.br\/index.php\/wp-json\/wp\/v2\/comments?post=32585"}],"version-history":[{"count":3,"href":"https:\/\/sindaopcpb.org.br\/index.php\/wp-json\/wp\/v2\/posts\/32585\/revisions"}],"predecessor-version":[{"id":32719,"href":"https:\/\/sindaopcpb.org.br\/index.php\/wp-json\/wp\/v2\/posts\/32585\/revisions\/32719"}],"wp:attachment":[{"href":"https:\/\/sindaopcpb.org.br\/index.php\/wp-json\/wp\/v2\/media?parent=32585"}],"wp:term":[{"taxonomy":"category","embeddable":true,"href":"https:\/\/sindaopcpb.org.br\/index.php\/wp-json\/wp\/v2\/categories?post=32585"},{"taxonomy":"post_tag","embeddable":true,"href":"https:\/\/sindaopcpb.org.br\/index.php\/wp-json\/wp\/v2\/tags?post=32585"}],"curies":[{"name":"wp","href":"https:\/\/api.w.org\/{rel}","templated":true}]}}