{"id":32550,"date":"2023-09-01T17:21:22","date_gmt":"2023-09-01T20:21:22","guid":{"rendered":"https:\/\/wpa.wscom.com.br\/?p=920911"},"modified":"2023-09-01T17:21:22","modified_gmt":"2023-09-01T20:21:22","slug":"pagamento-do-piso-da-enfermagem-em-joao-pessoa-e-antecipado-e-sera-realizado-neste-sabado","status":"publish","type":"post","link":"https:\/\/sindaopcpb.org.br\/index.php\/2023\/09\/01\/pagamento-do-piso-da-enfermagem-em-joao-pessoa-e-antecipado-e-sera-realizado-neste-sabado\/","title":{"rendered":"Pagamento do piso da Enfermagem em Jo\u00e3o Pessoa \u00e9 antecipado e ser\u00e1 realizado neste s\u00e1bado"},"content":{"rendered":"<p>A Prefeitura de Jo\u00e3o Pessoa anunciou a antecipa\u00e7\u00e3o do pagamento do piso nacional da enfermagem para este s\u00e1bado (2). A determina\u00e7\u00e3o partiu do prefeito C\u00edcero Lucena e do seu vice Leo Bezerra, refor\u00e7ando o respeito da gest\u00e3o municipal pela categoria. Os valores s\u00e3o retroativos, referentes aos meses de maio, junho, julho e agosto.<\/p>\n<p>S\u00e3o aproximadamente 3.500 profissionais \u2013 entre enfermeiros, t\u00e9cnicos e auxiliares-, que ir\u00e3o receber valores referentes ao novo piso (R$ 4.750 para enfermeiros; 70% desse valor para t\u00e9cnicos de enfermagem; e 50% para auxiliares), segundo planilha do Minist\u00e9rio da Sa\u00fade (MS).<\/p>\n<p>\u201cA vontade de demonstrar nosso reconhecimento pelo valor dessa categoria \u00e9 t\u00e3o grande que, apesar de anunciar o pagamento do piso nacional da Enfermagem para segunda-feira, vamos antecipar ainda mais. Por determina\u00e7\u00e3o do prefeito C\u00edcero Lucena e do vice Leo Bezerra, neste s\u00e1bado todos os profissionais da enfermagem estar\u00e3o recebendo os quatro meses retroativos ao pagamento do piso. Isso se chama compromisso. Aqueles que dedicam suas vidas a salvar vidas merecem todo nosso carinho e respeito\u201d, destacou a secret\u00e1ria municipal de Sa\u00fade, Janine Lucena.<\/p>\n<p>Na manh\u00e3 desta sexta-feira (1\u00ba), representantes da categoria se reuniram com o prefeito C\u00edcero Lucena no audit\u00f3rio do Centro de Forma\u00e7\u00e3o de Educadores, em Mangabeira. \u201cO que estamos fazendo aqui \u00e9 um processo de transpar\u00eancia dos procedimentos e das nossas pr\u00e1ticas, chamando os representantes de toda a categoria. \u00c9 um benef\u00edcio para a categoria, dentro daquilo que a lei estabelece, bem como o corte sobre o item \u2018outros\u2019, que girou em torno de 30%. A Prefeitura ir\u00e1 continuar pagando o mesmo valor, sem descontar a diferen\u00e7a que foi cortada\u201d, explicou o prefeito.<\/p>\n<figure class=\"wp-block-gallery has-nested-images columns-default is-cropped wp-block-gallery-1 is-layout-flex\">\n<figure class=\"wp-block-image size-large\"><img decoding=\"async\" loading=\"lazy\" class=\"wp-image-324437\" src=\"https:\/\/www.joaopessoa.pb.gov.br\/wp-content\/uploads\/2023\/09\/Prefeito_piso-enfermagem-3-1024x683.jpeg\" sizes=\"auto, (max-width: 1024px) 100vw, 1024px\" srcset=\"https:\/\/www.joaopessoa.pb.gov.br\/wp-content\/uploads\/2023\/09\/Prefeito_piso-enfermagem-3-1024x683.jpeg 1024w, https:\/\/www.joaopessoa.pb.gov.br\/wp-content\/uploads\/2023\/09\/Prefeito_piso-enfermagem-3-768x512.jpeg 768w, https:\/\/www.joaopessoa.pb.gov.br\/wp-content\/uploads\/2023\/09\/Prefeito_piso-enfermagem-3-1536x1024.jpeg 1536w, https:\/\/www.joaopessoa.pb.gov.br\/wp-content\/uploads\/2023\/09\/Prefeito_piso-enfermagem-3-2048x1366.jpeg 2048w, https:\/\/www.joaopessoa.pb.gov.br\/wp-content\/uploads\/2023\/09\/Prefeito_piso-enfermagem-3-600x400.jpeg 600w\" alt=\"\" width=\"1024\" height=\"683\" data-id=\"324437\" title=\"\"><\/figure>\n<figure class=\"wp-block-image size-large\"><img decoding=\"async\" loading=\"lazy\" class=\"wp-image-324438\" src=\"https:\/\/www.joaopessoa.pb.gov.br\/wp-content\/uploads\/2023\/09\/Prefeito_piso-enfermagem-2-1024x683.jpeg\" sizes=\"auto, (max-width: 1024px) 100vw, 1024px\" srcset=\"https:\/\/www.joaopessoa.pb.gov.br\/wp-content\/uploads\/2023\/09\/Prefeito_piso-enfermagem-2-1024x683.jpeg 1024w, https:\/\/www.joaopessoa.pb.gov.br\/wp-content\/uploads\/2023\/09\/Prefeito_piso-enfermagem-2-768x512.jpeg 768w, https:\/\/www.joaopessoa.pb.gov.br\/wp-content\/uploads\/2023\/09\/Prefeito_piso-enfermagem-2-1536x1024.jpeg 1536w, https:\/\/www.joaopessoa.pb.gov.br\/wp-content\/uploads\/2023\/09\/Prefeito_piso-enfermagem-2-2048x1366.jpeg 2048w, https:\/\/www.joaopessoa.pb.gov.br\/wp-content\/uploads\/2023\/09\/Prefeito_piso-enfermagem-2-600x400.jpeg 600w\" alt=\"\" width=\"1024\" height=\"683\" data-id=\"324438\" title=\"\"><\/figure>\n<\/figure>\n<p>Uma parte dos profissionais n\u00e3o vai receber os valores fixados na planilha, elaborada pelo Minist\u00e9rio da Sa\u00fade, porque j\u00e1 tem remunera\u00e7\u00e3o acima do piso nacional. Esse levantamento foi feito atrav\u00e9s do cruzamento de informa\u00e7\u00f5es oferecidas pela Prefeitura de Jo\u00e3o Pessoa e outros \u00f3rg\u00e3os com os quais os profissionais t\u00eam v\u00ednculos de trabalho.<\/p>\n<p>Por se tratar de Lei Or\u00e7ament\u00e1ria, a Prefeitura de Jo\u00e3o Pessoa precisou encaminhar proposta para a C\u00e2mara Municipal, que votou e aprovou na manh\u00e3 desta sexta-feira (1\u00ba).<\/p>\n<p>\u201cA Prefeitura de Jo\u00e3o Pessoa demonstrou hoje um grande respeito com essa categoria t\u00e3o importante para a sa\u00fade da popula\u00e7\u00e3o, elevando o compromisso com os profissionais que, a partir de agora, v\u00e3o poder validar a corre\u00e7\u00e3o das distor\u00e7\u00f5es que vinham acontecendo com o repasse dos valores do piso da enfermagem\u201d, destacou Milca R\u00eago, presidente do Sindicato dos Enfermeiros no Estado da Para\u00edba (Sindep).<\/p>\n<p><strong>Canal de atendimento<\/strong>\u00a0\u2013 A Prefeitura tamb\u00e9m abriu, a partir desta sexta-feira, um canal de atendimento para auxiliar os profissionais em rela\u00e7\u00e3o a d\u00favidas e demais informa\u00e7\u00f5es referentes ao pagamento.<\/p>\n<p>Basta acessar o aplicativo \u2018Jo\u00e3o Pessoa na Palma da M\u00e3o\u2019. Outra forma \u00e9 presencial, na sede da Secretaria Municipal de Sa\u00fade, no bairro da Torre. Nesse caso, \u00e9 preciso fazer o agendamento no aplicativo para atendimento na pr\u00f3xima segunda (04), ter\u00e7a (05) e quarta-feira (06).<\/p>\n<p>O post <a rel=\"nofollow noopener\" href=\"https:\/\/wscom.com.br\/pagamento-do-piso-da-enfermagem-em-joao-pessoa-e-antecipado-e-sera-realizado-neste-sabado\/\" target=\"_blank\">Pagamento do piso da Enfermagem em Jo\u00e3o Pessoa \u00e9 antecipado e ser\u00e1 realizado neste s\u00e1bado<\/a> apareceu primeiro em <a rel=\"nofollow noopener\" href=\"https:\/\/wscom.com.br\/\" target=\"_blank\">WSCOM<\/a>.<\/p>\n","protected":false},"excerpt":{"rendered":"<p>A Prefeitura de Jo\u00e3o Pessoa anunciou a antecipa\u00e7\u00e3o do pagamento do piso nacional da enfermagem para este s\u00e1bado (2). A determina\u00e7\u00e3o partiu do prefeito C\u00edcero Lucena e do seu vice Leo Bezerra, refor\u00e7ando o respeito da gest\u00e3o municipal pela categoria. Os valores s\u00e3o retroativos, referentes aos meses de maio, junho, julho e agosto. S\u00e3o aproximadamente [\u2026]<\/p>\n<p>O post <a rel=\"nofollow\" href=\"https:\/\/wscom.com.br\/pagamento-do-piso-da-enfermagem-em-joao-pessoa-e-antecipado-e-sera-realizado-neste-sabado\/\">Pagamento do piso da Enfermagem em Jo\u00e3o Pessoa \u00e9 antecipado e ser\u00e1 realizado neste s\u00e1bado<\/a> apareceu primeiro em <a rel=\"nofollow\" href=\"https:\/\/wscom.com.br\/\">WSCOM<\/a>.<\/p>\n","protected":false},"author":49,"featured_media":0,"comment_status":"closed","ping_status":"closed","sticky":false,"template":"","format":"standard","meta":{"advgb_blocks_editor_width":"","advgb_blocks_columns_visual_guide":"","footnotes":""},"categories":[34,71,47],"tags":[35],"class_list":["post-32550","post","type-post","status-publish","format-standard","hentry","category-g1","category-joao-pessoa","category-politica","tag-g1"],"author_meta":{"display_name":"Cristiane Cavalcante","author_link":"https:\/\/sindaopcpb.org.br\/author\/cristiane-cavalcante\/"},"featured_img":null,"coauthors":[],"tax_additional":{"categories":{"linked":["<a href=\"https:\/\/sindaopcpb.org.br\/g1\/\" class=\"advgb-post-tax-term\">G1<\/a>","<a href=\"https:\/\/sindaopcpb.org.br\/joao-pessoa\/\" class=\"advgb-post-tax-term\">Jo\u00e3o Pessoa<\/a>","<a href=\"https:\/\/sindaopcpb.org.br\/politica\/\" class=\"advgb-post-tax-term\">POLITICA<\/a>"],"unlinked":["<span class=\"advgb-post-tax-term\">G1<\/span>","<span class=\"advgb-post-tax-term\">Jo\u00e3o Pessoa<\/span>","<span class=\"advgb-post-tax-term\">POLITICA<\/span>"]},"tags":{"linked":["<a href=\"https:\/\/sindaopcpb.org.br\/politica\/\" class=\"advgb-post-tax-term\">g1<\/a>"],"unlinked":["<span class=\"advgb-post-tax-term\">g1<\/span>"]}},"comment_count":"0","relative_dates":{"created":"Publicado 3 anos atr\u00e1s","modified":"Atualizado 3 anos atr\u00e1s"},"absolute_dates":{"created":"Publicado em 1 de setembro de 2023","modified":"Atualizado em 1 de setembro de 2023"},"absolute_dates_time":{"created":"Publicado em 1 de setembro de 2023 17:21","modified":"Atualizado em 1 de setembro de 2023 17:21"},"featured_img_caption":"","series_order":"","_links":{"self":[{"href":"https:\/\/sindaopcpb.org.br\/index.php\/wp-json\/wp\/v2\/posts\/32550","targetHints":{"allow":["GET"]}}],"collection":[{"href":"https:\/\/sindaopcpb.org.br\/index.php\/wp-json\/wp\/v2\/posts"}],"about":[{"href":"https:\/\/sindaopcpb.org.br\/index.php\/wp-json\/wp\/v2\/types\/post"}],"author":[{"embeddable":true,"href":"https:\/\/sindaopcpb.org.br\/index.php\/wp-json\/wp\/v2\/users\/49"}],"replies":[{"embeddable":true,"href":"https:\/\/sindaopcpb.org.br\/index.php\/wp-json\/wp\/v2\/comments?post=32550"}],"version-history":[{"count":1,"href":"https:\/\/sindaopcpb.org.br\/index.php\/wp-json\/wp\/v2\/posts\/32550\/revisions"}],"predecessor-version":[{"id":32551,"href":"https:\/\/sindaopcpb.org.br\/index.php\/wp-json\/wp\/v2\/posts\/32550\/revisions\/32551"}],"wp:attachment":[{"href":"https:\/\/sindaopcpb.org.br\/index.php\/wp-json\/wp\/v2\/media?parent=32550"}],"wp:term":[{"taxonomy":"category","embeddable":true,"href":"https:\/\/sindaopcpb.org.br\/index.php\/wp-json\/wp\/v2\/categories?post=32550"},{"taxonomy":"post_tag","embeddable":true,"href":"https:\/\/sindaopcpb.org.br\/index.php\/wp-json\/wp\/v2\/tags?post=32550"}],"curies":[{"name":"wp","href":"https:\/\/api.w.org\/{rel}","templated":true}]}}