{"id":32541,"date":"2023-09-01T16:05:00","date_gmt":"2023-09-01T19:05:00","guid":{"rendered":"https:\/\/www.infomoney.com.br\/?p=2232258"},"modified":"2023-09-01T16:05:00","modified_gmt":"2023-09-01T19:05:00","slug":"economia-crescera-3-este-ano-mesmo-se-ultimos-trimestres-tiverem-crescimento-nulo-diz-tebet","status":"publish","type":"post","link":"https:\/\/sindaopcpb.org.br\/index.php\/2023\/09\/01\/economia-crescera-3-este-ano-mesmo-se-ultimos-trimestres-tiverem-crescimento-nulo-diz-tebet\/","title":{"rendered":"Economia crescer\u00e1 3% este ano mesmo se \u00faltimos trimestres tiverem crescimento nulo, diz Tebet"},"content":{"rendered":"<p><img loading=\"lazy\" width=\"300\" height=\"200\" src=\"https:\/\/www.infomoney.com.br\/wp-content\/uploads\/2023\/03\/52621767145_544494f92f_c.jpg?fit=300%2C200&amp;quality=70&amp;strip=all\" class=\"attachment-medium size-medium wp-post-image\" alt=\"\" decoding=\"async\" style=\"float:right; margin:0 0 10px 10px;\" srcset=\"https:\/\/www.infomoney.com.br\/wp-content\/uploads\/2023\/03\/52621767145_544494f92f_c.jpg?w=799&amp;quality=70&amp;strip=all 799w, https:\/\/www.infomoney.com.br\/wp-content\/uploads\/2023\/03\/52621767145_544494f92f_c.jpg?w=300&amp;quality=70&amp;strip=all 300w, https:\/\/www.infomoney.com.br\/wp-content\/uploads\/2023\/03\/52621767145_544494f92f_c.jpg?w=768&amp;quality=70&amp;strip=all 768w, https:\/\/www.infomoney.com.br\/wp-content\/uploads\/2023\/03\/52621767145_544494f92f_c.jpg?w=150&amp;quality=70&amp;strip=all 150w\" sizes=\"auto, (max-width: 300px) 100vw, 300px\" data-attachment-id=\"2094193\" data-permalink=\"https:\/\/www.infomoney.com.br\/politica\/reforma-tributaria-e-a-salvacao-da-lavoura-a-unica-bala-de-prata-que-temos-afirma-tebet\/attachment\/52621767145_544494f92f_c\/\" data-orig-file=\"https:\/\/www.infomoney.com.br\/wp-content\/uploads\/2023\/03\/52621767145_544494f92f_c.jpg?fit=799%2C533&amp;quality=70&amp;strip=all\" data-orig-size=\"799,533\" data-comments-opened=\"0\" data-image-meta=\"{&quot;aperture&quot;:&quot;0&quot;,&quot;credit&quot;:&quot;&quot;,&quot;camera&quot;:&quot;&quot;,&quot;caption&quot;:&quot;&quot;,&quot;created_timestamp&quot;:&quot;0&quot;,&quot;copyright&quot;:&quot;&quot;,&quot;focal_length&quot;:&quot;0&quot;,&quot;iso&quot;:&quot;0&quot;,&quot;shutter_speed&quot;:&quot;0&quot;,&quot;title&quot;:&quot;&quot;,&quot;orientation&quot;:&quot;0&quot;}\" data-image-title=\"Simone Tebet\" data-image-description=\"\" data-image-caption=\"&lt;p&gt;A ministra do Planejamento e Or\u00e7amento, Simone Tebet (MDB), em an\u00fancio da pasta (Foto: Edu Andrade\/Ascom\/MF)&lt;\/p&gt;\n\" data-medium-file=\"https:\/\/www.infomoney.com.br\/wp-content\/uploads\/2023\/03\/52621767145_544494f92f_c.jpg?fit=300%2C200&amp;quality=70&amp;strip=all\" data-large-file=\"https:\/\/www.infomoney.com.br\/wp-content\/uploads\/2023\/03\/52621767145_544494f92f_c.jpg?fit=799%2C533&amp;quality=70&amp;strip=all\" title=\"\"><\/p>\n<p>A ministra do Planejamento e Or&ccedil;amento, Simone Tebet, celebrou, na manh&atilde; desta sexta-feira (1), o resultado do Produto Interno Bruto (PIB) do segundo trimestre, que veio com alta de 0,90% ante o primeiro trimestre de 2023. Para ela, o avan&ccedil;o j&aacute; demonstra que o pa&iacute;s vai registrar um crescimento de 3% ao final deste ano mesmo se a economia ficar estagnada nos semestres seguintes.<\/p>\n<p>&ldquo;A economia brasileira crescer&aacute; 3% em 2023, mesmo que os &uacute;ltimos trimestres do ano tenham crescimento nulo!&rdquo;, comentou em publica&ccedil;&atilde;o no Twitter a ministra, que nesta sexta-feira cumpre agenda na capital paulista. &ldquo;PIB do segundo trimestre cresceu 0,9%, conforme IBGE, 3x mais que as expectativas. N&atilde;o h&aacute; segredo, &eacute; trabalho s&eacute;rio e compromisso com o povo e com o futuro do pa&iacute;s&rdquo;, completou.<\/p>\n<p>O resultado foi divulgado pela manh&atilde; pelo Instituto Brasileiro de Geografia e Estat&iacute;stica (IBGE). Como mostrou o <i>Broadcast<\/i> (sistema de not&iacute;cias em tempo real do Grupo Estado) mais cedo, o dado est&aacute; acima da mediana das previs&otilde;es de analistas do mercado financeiro consultados pelo Proje&ccedil;&otilde;es Broadcast, que esperavam, conforme a mediana das expectativas, alta de 0,3%. O intervalo das estimativas ia de queda de 0,1% a uma alta de 1,1%.<\/p>\n<p>O &uacute;ltimo Boletim Macrofiscal de 2023 da Secretaria de Pol&iacute;tica Econ&ocirc;mica (SPE) do Minist&eacute;rio da Fazenda estimava crescimento do PIB deste ano em 2,5%.<\/p>\n<\/p>\n<div class=\"cta-end\">\n<div class=\"im-cta\" >\n<div class=\"im-shortcode-forms bg-light bg-opacity-25 border rounded-4 p-3 p-sm-4 p-md-3 p-lg-4 px-xxl-5 my-5\" data-configuration='{\"form_name\":false,\"form_hat\":\"Newsletter\",\"form_email\":true,\"form_icon\":\"newsletter\",\"form_phone\":false,\"form_campaign\":\"NIM\",\"form_thankyou\":\"\",\"form_journey\":\"APIEvent-26a5198d-8e09-06ef-5f80-cd9127757ad1\",\"form_button\":\"Quero receber\",\"form_context\":\"newsletter\",\"form_origin\":\"https:\\\/\\\/www.infomoney.com.br\\\/politica\\\/feed\\\/?utm_medium=materia&#038;utm_source=infomoney&#038;utm_campaign=NIM&#038;utm_term=politica&#038;utm_content=newsletter\",\"form_position\":\"final\",\"form_category\":\"cta_form\"}'>\n<div class=\"d-flex flex-column align-items-center align-items-lg-start mb-4 flex-lg-row\">\n<div class=\"rounded-circle mb-2 mb-lg-0 mr-lg-4 me-lg-4 p-3 p-lg-4 bg-blue-400\"><svg width=\"40\" height=\"40\" viewBox=\"0 0 40 40\" fill=\"none\" xmlns=\"http:\/\/www.w3.org\/2000\/svg\"><path d=\"M20 20.25 6.042 11.042v19.041c0 .167.048.299.146.396a.535.535 0 0 0 .395.146h15.792V32.5H6.583a2.328 2.328 0 0 1-1.708-.708 2.328 2.328 0 0 1-.708-1.709V9.917c0-.667.236-1.236.708-1.709A2.328 2.328 0 0 1 6.583 7.5h26.834c.666 0 1.236.236 1.708.708a2.33 2.33 0 0 1 .708 1.709v12.458h-1.875V11.042L20 20.25Zm0-2 13.667-8.875H6.333L20 18.25Zm11.75 18.958-1.292-1.333 3.334-3.375h-9v-1.875h9l-3.375-3.417 1.333-1.291 5.667 5.625-5.667 5.666ZM6.042 11.042v20.791-9.458.25-13.25 1.667Z\" fill=\"#fff\"\/><\/svg><\/div>\n<div class=\"flex-fill text-center text-lg-left\">\n<div class=\"h6 small text-orange-700 lh-base mb-1\">Newsletter<\/div>\n<div class=\"text-body h4 m-0\">Infomorning<\/div>\n<div class=\"text-body small lh-base mt-2\">Receba no seu e-mail logo pela manh&atilde; as not&iacute;cias que v&atilde;o mexer com os mercados, com os seus investimentos e o seu bolso durante o dia<\/div>\n<\/div>\n<\/div>\n<\/div>\n<\/div>\n<\/div>\n<p>The post <a rel=\"nofollow noopener\" href=\"https:\/\/www.infomoney.com.br\/politica\/economia-crescera-3-este-ano-mesmo-se-ultimos-trimestres-tiverem-crescimento-nulo-diz-tebet\/\" target=\"_blank\">Economia crescer\u00e1 3% este ano mesmo se \u00faltimos trimestres tiverem crescimento nulo, diz Tebet<\/a> appeared first on <a rel=\"nofollow noopener\" href=\"https:\/\/www.infomoney.com.br\/\" target=\"_blank\">InfoMoney<\/a>.<\/p>\n","protected":false},"excerpt":{"rendered":"<p><img loading=\"lazy\" decoding=\"async\" width=\"300\" height=\"200\" src=\"https:\/\/www.infomoney.com.br\/wp-content\/uploads\/2023\/03\/52621767145_544494f92f_c.jpg?fit=300%2C200&amp;quality=70&amp;strip=all\" class=\"attachment-medium size-medium wp-post-image\" alt=\"\" data-attachment-id=\"2094193\" data-permalink=\"https:\/\/www.infomoney.com.br\/politica\/reforma-tributaria-e-a-salvacao-da-lavoura-a-unica-bala-de-prata-que-temos-afirma-tebet\/attachment\/52621767145_544494f92f_c\/\" data-orig-file=\"https:\/\/www.infomoney.com.br\/wp-content\/uploads\/2023\/03\/52621767145_544494f92f_c.jpg?fit=799%2C533&amp;quality=70&amp;strip=all\" data-orig-size=\"799,533\" data-comments-opened=\"0\" data-image-meta='{\"aperture\":\"0\",\"credit\":\"\",\"camera\":\"\",\"caption\":\"\",\"created_timestamp\":\"0\",\"copyright\":\"\",\"focal_length\":\"0\",\"iso\":\"0\",\"shutter_speed\":\"0\",\"title\":\"\",\"orientation\":\"0\"}' data-image-title=\"Simone Tebet\" data-image-description=\"\" data-image-caption=\"&lt;p&gt;A ministra do Planejamento e Or\u00e7amento, Simone Tebet (MDB), em an\u00fancio da pasta (Foto: Edu Andrade\/Ascom\/MF)&lt;\/p&gt;\n\" data-medium-file=\"https:\/\/www.infomoney.com.br\/wp-content\/uploads\/2023\/03\/52621767145_544494f92f_c.jpg?fit=300%2C200&amp;quality=70&amp;strip=all\" data-large-file=\"https:\/\/www.infomoney.com.br\/wp-content\/uploads\/2023\/03\/52621767145_544494f92f_c.jpg?fit=799%2C533&amp;quality=70&amp;strip=all\">\u00daltimo Boletim Macrofiscal de 2023 da Secretaria de Pol\u00edtica Econ\u00f4mica (SPE) do Minist\u00e9rio da Fazenda estimava crescimento do PIB deste ano em 2,5%<\/p>\n<p>The post <a rel=\"nofollow\" href=\"https:\/\/www.infomoney.com.br\/politica\/economia-crescera-3-este-ano-mesmo-se-ultimos-trimestres-tiverem-crescimento-nulo-diz-tebet\/\">Economia crescer\u00e1 3% este ano mesmo se \u00faltimos trimestres tiverem crescimento nulo, diz Tebet<\/a> appeared first on <a rel=\"nofollow\" href=\"https:\/\/www.infomoney.com.br\/\">InfoMoney<\/a>.<\/p>\n","protected":false},"author":43,"featured_media":0,"comment_status":"closed","ping_status":"closed","sticky":false,"template":"","format":"standard","meta":{"advgb_blocks_editor_width":"","advgb_blocks_columns_visual_guide":"","footnotes":""},"categories":[3050,34,376,1909,47,360],"tags":[35],"class_list":["post-32541","post","type-post","status-publish","format-standard","hentry","category-crescimento","category-g1","category-ministerio-do-planejamento","category-pib","category-politica","category-simone-tebet","tag-g1"],"author_meta":{"display_name":"Estad\u00e3o Conte\u00fado","author_link":"https:\/\/sindaopcpb.org.br\/author\/estadao-conteudo\/"},"featured_img":null,"coauthors":[],"tax_additional":{"categories":{"linked":["<a href=\"https:\/\/sindaopcpb.org.br\/crescimento\/\" class=\"advgb-post-tax-term\">crescimento<\/a>","<a href=\"https:\/\/sindaopcpb.org.br\/g1\/\" class=\"advgb-post-tax-term\">G1<\/a>","<a href=\"https:\/\/sindaopcpb.org.br\/ministerio-do-planejamento\/\" class=\"advgb-post-tax-term\">Minist\u00e9rio do Planejamento<\/a>","<a href=\"https:\/\/sindaopcpb.org.br\/pib\/\" class=\"advgb-post-tax-term\">PIB<\/a>","<a href=\"https:\/\/sindaopcpb.org.br\/politica\/\" class=\"advgb-post-tax-term\">POLITICA<\/a>","<a href=\"https:\/\/sindaopcpb.org.br\/simone-tebet\/\" class=\"advgb-post-tax-term\">Simone Tebet<\/a>"],"unlinked":["<span class=\"advgb-post-tax-term\">crescimento<\/span>","<span class=\"advgb-post-tax-term\">G1<\/span>","<span class=\"advgb-post-tax-term\">Minist\u00e9rio do Planejamento<\/span>","<span class=\"advgb-post-tax-term\">PIB<\/span>","<span class=\"advgb-post-tax-term\">POLITICA<\/span>","<span class=\"advgb-post-tax-term\">Simone Tebet<\/span>"]},"tags":{"linked":["<a href=\"https:\/\/sindaopcpb.org.br\/simone-tebet\/\" class=\"advgb-post-tax-term\">g1<\/a>"],"unlinked":["<span class=\"advgb-post-tax-term\">g1<\/span>"]}},"comment_count":"0","relative_dates":{"created":"Publicado 3 anos atr\u00e1s","modified":"Atualizado 3 anos atr\u00e1s"},"absolute_dates":{"created":"Publicado em 1 de setembro de 2023","modified":"Atualizado em 1 de setembro de 2023"},"absolute_dates_time":{"created":"Publicado em 1 de setembro de 2023 16:05","modified":"Atualizado em 1 de setembro de 2023 16:05"},"featured_img_caption":"","series_order":"","_links":{"self":[{"href":"https:\/\/sindaopcpb.org.br\/index.php\/wp-json\/wp\/v2\/posts\/32541","targetHints":{"allow":["GET"]}}],"collection":[{"href":"https:\/\/sindaopcpb.org.br\/index.php\/wp-json\/wp\/v2\/posts"}],"about":[{"href":"https:\/\/sindaopcpb.org.br\/index.php\/wp-json\/wp\/v2\/types\/post"}],"author":[{"embeddable":true,"href":"https:\/\/sindaopcpb.org.br\/index.php\/wp-json\/wp\/v2\/users\/43"}],"replies":[{"embeddable":true,"href":"https:\/\/sindaopcpb.org.br\/index.php\/wp-json\/wp\/v2\/comments?post=32541"}],"version-history":[{"count":1,"href":"https:\/\/sindaopcpb.org.br\/index.php\/wp-json\/wp\/v2\/posts\/32541\/revisions"}],"predecessor-version":[{"id":32542,"href":"https:\/\/sindaopcpb.org.br\/index.php\/wp-json\/wp\/v2\/posts\/32541\/revisions\/32542"}],"wp:attachment":[{"href":"https:\/\/sindaopcpb.org.br\/index.php\/wp-json\/wp\/v2\/media?parent=32541"}],"wp:term":[{"taxonomy":"category","embeddable":true,"href":"https:\/\/sindaopcpb.org.br\/index.php\/wp-json\/wp\/v2\/categories?post=32541"},{"taxonomy":"post_tag","embeddable":true,"href":"https:\/\/sindaopcpb.org.br\/index.php\/wp-json\/wp\/v2\/tags?post=32541"}],"curies":[{"name":"wp","href":"https:\/\/api.w.org\/{rel}","templated":true}]}}