{"id":32539,"date":"2023-09-01T16:12:10","date_gmt":"2023-09-01T19:12:10","guid":{"rendered":"https:\/\/www.infomoney.com.br\/?p=2232677"},"modified":"2023-09-01T16:12:10","modified_gmt":"2023-09-01T19:12:10","slug":"stf-tem-maioria-para-validar-contribuicao-assistencial-para-sindicatos","status":"publish","type":"post","link":"https:\/\/sindaopcpb.org.br\/index.php\/2023\/09\/01\/stf-tem-maioria-para-validar-contribuicao-assistencial-para-sindicatos\/","title":{"rendered":"STF tem maioria para validar contribui\u00e7\u00e3o assistencial para sindicatos"},"content":{"rendered":"<p><img loading=\"lazy\" width=\"300\" height=\"179\" src=\"https:\/\/www.infomoney.com.br\/wp-content\/uploads\/2023\/06\/stf-justica.jpg?fit=300%2C179&amp;quality=70&amp;strip=all\" class=\"attachment-medium size-medium wp-post-image\" alt=\"\" decoding=\"async\" style=\"float:right; margin:0 0 10px 10px;\" srcset=\"https:\/\/www.infomoney.com.br\/wp-content\/uploads\/2023\/06\/stf-justica.jpg?w=1170&amp;quality=70&amp;strip=all 1170w, https:\/\/www.infomoney.com.br\/wp-content\/uploads\/2023\/06\/stf-justica.jpg?w=300&amp;quality=70&amp;strip=all 300w, https:\/\/www.infomoney.com.br\/wp-content\/uploads\/2023\/06\/stf-justica.jpg?w=768&amp;quality=70&amp;strip=all 768w, https:\/\/www.infomoney.com.br\/wp-content\/uploads\/2023\/06\/stf-justica.jpg?w=150&amp;quality=70&amp;strip=all 150w\" sizes=\"auto, (max-width: 300px) 100vw, 300px\" data-attachment-id=\"2173041\" data-permalink=\"https:\/\/www.infomoney.com.br\/consumo\/trabalhadores-da-gm-aprovam-layoff-em-sao-jose-dos-campos-vw-paralisa-producao-em-fabricas\/attachment\/fachada-do-edificio-sede-do-supremo-tribunal-federal-stf\/\" data-orig-file=\"https:\/\/www.infomoney.com.br\/wp-content\/uploads\/2023\/06\/stf-justica.jpg?fit=1170%2C700&amp;quality=70&amp;strip=all\" data-orig-size=\"1170,700\" data-comments-opened=\"0\" data-image-meta=\"{&quot;aperture&quot;:&quot;4&quot;,&quot;credit&quot;:&quot;Marcello Casal JrAg\\u00eancia Brasil&quot;,&quot;camera&quot;:&quot;NIKON D4&quot;,&quot;caption&quot;:&quot;Fachada do edif\\u00edcio sede do Supremo Tribunal Federal - STF&quot;,&quot;created_timestamp&quot;:&quot;1597835070&quot;,&quot;copyright&quot;:&quot;Agencia Brasil-EBC&quot;,&quot;focal_length&quot;:&quot;600&quot;,&quot;iso&quot;:&quot;250&quot;,&quot;shutter_speed&quot;:&quot;0.00015625&quot;,&quot;title&quot;:&quot;Fachada do edif\\u00edcio sede do Supremo Tribunal Federal - STF&quot;,&quot;orientation&quot;:&quot;1&quot;}\" data-image-title=\"Est\u00e1tua da Justi\u00e7a em frente ao STF\" data-image-description=\"\" data-image-caption=\"&lt;p&gt;Est\u00e1tua &#8220;A Justi\u00e7a&#8221;, escultura de Alfredo Ceschiatti em frente ao edif\u00edcio-sede do Supremo Tribunal Federal (STF) em Bras\u00edlia (Foto: Marcello Casal Jr.\/Ag\u00eancia Brasil)&lt;\/p&gt;\n\" data-medium-file=\"https:\/\/www.infomoney.com.br\/wp-content\/uploads\/2023\/06\/stf-justica.jpg?fit=300%2C179&amp;quality=70&amp;strip=all\" data-large-file=\"https:\/\/www.infomoney.com.br\/wp-content\/uploads\/2023\/06\/stf-justica.jpg?fit=1170%2C700&amp;quality=70&amp;strip=all\" title=\"\"><\/p>\n<p>O Supremo Tribunal Federal (STF) formou, nesta sexta-feira (1&ordm;), maioria de votos para validar a legalidade da contribui&ccedil;&atilde;o assistencial para custear o funcionamento de sindicatos.<\/p>\n<p>A contribui&ccedil;&atilde;o assistencial n&atilde;o se confunde com a contribui&ccedil;&atilde;o sindical, mais conhecida como imposto sindical, que foi extinto com a reforma trabalhista de 2017 e n&atilde;o est&aacute; sendo analisado pelos ministros neste julgamento.<\/p>\n<p>O caso espec&iacute;fico julgado pela Corte trata da possibilidade de cobran&ccedil;a nos casos de trabalhadores n&atilde;o filiados aos sindicatos e de forma obrigat&oacute;ria por meio de acordo e conven&ccedil;&atilde;o coletiva de trabalho.<\/p>\n<p>O julgamento foi iniciado em 2020 e, ap&oacute;s diversos pedidos de vista, foi retomado nesta sexta-feira.<\/p>\n<p>At&eacute; o momento, seis ministros seguem voto proferido pelo relator, ministro Gilmar Mendes, em 2020. Para o ministro, a cobran&ccedil;a &eacute; constitucional e uma tese deve ser definida para balizar o julgamento da quest&atilde;o pelo Judici&aacute;rio de todo o pa&iacute;s.<\/p>\n<p>&ldquo;&Eacute; constitucional a institui&ccedil;&atilde;o, por acordo ou conven&ccedil;&atilde;o coletivos, de contribui&ccedil;&otilde;es assistenciais a serem impostas a todos os empregados da categoria, ainda que n&atilde;o sindicalizados, desde que assegurado o direito de oposi&ccedil;&atilde;o&rdquo;, defende o ministro.<\/p>\n<p>O caso voltou &agrave; tona em fun&ccedil;&atilde;o de um recurso apresentado pelos sindicatos envolvidos no julgamento. Na vota&ccedil;&atilde;o, Mendes mudou seu entendimento em rela&ccedil;&atilde;o ao julgamento da quest&atilde;o em 2017, quando o Supremo entendeu que a cobran&ccedil;a da contribui&ccedil;&atilde;o assistencial era inconstitucional.<\/p>\n<p>No entendimento de Mendes, a falta da cobran&ccedil;a enfraquece o sistema sindical.<\/p>\n<p>&ldquo;A mudan&ccedil;a de tais premissas e a realidade f&aacute;tica constatada a partir de tais altera&ccedil;&otilde;es normativas acabam por demonstrar a necessidade de evolu&ccedil;&atilde;o do entendimento anteriormente firmado por esta Corte sobre a mat&eacute;ria, de forma a alinh&aacute;-lo com os ditames da Constitui&ccedil;&atilde;o Federal&rdquo;, afirmou o ministro.<\/p>\n<p>O voto de Mendes &eacute; seguido pelos ministros Alexandre de Moraes, Lu&iacute;s Roberto Barroso, C&aacute;rmen L&uacute;cia, Dias Toffoli e o ex-ministro Marco Aur&eacute;lio, que se manifestou sobre a quest&atilde;o antes de se aposentar.<\/p>\n<p>O julgamento ocorre no plen&aacute;rio virtual, modalidade na qual os ministros inserem os votos no sistema eletr&ocirc;nico do STF e n&atilde;o h&aacute; delibera&ccedil;&atilde;o presencial. O julgamento ficar&aacute; aberto at&eacute; 11 de setembro.<\/p>\n<\/p>\n<div class=\"cta-end\">\n<div class=\"im-cta\" >\n<div class=\"im-shortcode-forms bg-light bg-opacity-25 border rounded-4 p-3 p-sm-4 p-md-3 p-lg-4 px-xxl-5 my-5\" data-configuration='{\"form_name\":false,\"form_hat\":\"Newsletter\",\"form_email\":true,\"form_icon\":\"newsletter\",\"form_phone\":false,\"form_campaign\":\"NIM\",\"form_thankyou\":\"\",\"form_journey\":\"APIEvent-26a5198d-8e09-06ef-5f80-cd9127757ad1\",\"form_button\":\"Quero receber\",\"form_context\":\"newsletter\",\"form_origin\":\"https:\\\/\\\/www.infomoney.com.br\\\/politica\\\/feed\\\/?utm_medium=materia&#038;utm_source=infomoney&#038;utm_campaign=NIM&#038;utm_term=politica&#038;utm_content=newsletter\",\"form_position\":\"final\",\"form_category\":\"cta_form\"}'>\n<div class=\"d-flex flex-column align-items-center align-items-lg-start mb-4 flex-lg-row\">\n<div class=\"rounded-circle mb-2 mb-lg-0 mr-lg-4 me-lg-4 p-3 p-lg-4 bg-blue-400\"><svg width=\"40\" height=\"40\" viewBox=\"0 0 40 40\" fill=\"none\" xmlns=\"http:\/\/www.w3.org\/2000\/svg\"><path d=\"M20 20.25 6.042 11.042v19.041c0 .167.048.299.146.396a.535.535 0 0 0 .395.146h15.792V32.5H6.583a2.328 2.328 0 0 1-1.708-.708 2.328 2.328 0 0 1-.708-1.709V9.917c0-.667.236-1.236.708-1.709A2.328 2.328 0 0 1 6.583 7.5h26.834c.666 0 1.236.236 1.708.708a2.33 2.33 0 0 1 .708 1.709v12.458h-1.875V11.042L20 20.25Zm0-2 13.667-8.875H6.333L20 18.25Zm11.75 18.958-1.292-1.333 3.334-3.375h-9v-1.875h9l-3.375-3.417 1.333-1.291 5.667 5.625-5.667 5.666ZM6.042 11.042v20.791-9.458.25-13.25 1.667Z\" fill=\"#fff\"\/><\/svg><\/div>\n<div class=\"flex-fill text-center text-lg-left\">\n<div class=\"h6 small text-orange-700 lh-base mb-1\">Newsletter<\/div>\n<div class=\"text-body h4 m-0\">Infomorning<\/div>\n<div class=\"text-body small lh-base mt-2\">Receba no seu e-mail logo pela manh&atilde; as not&iacute;cias que v&atilde;o mexer com os mercados, com os seus investimentos e o seu bolso durante o dia<\/div>\n<\/div>\n<\/div>\n<\/div>\n<\/div>\n<\/div>\n<p>The post <a rel=\"nofollow noopener\" href=\"https:\/\/www.infomoney.com.br\/politica\/stf-tem-maioria-para-validar-contribuicao-assistencial-para-sindicatos\/\" target=\"_blank\">STF tem maioria para validar contribui\u00e7\u00e3o assistencial para sindicatos<\/a> appeared first on <a rel=\"nofollow noopener\" href=\"https:\/\/www.infomoney.com.br\/\" target=\"_blank\">InfoMoney<\/a>.<\/p>\n","protected":false},"excerpt":{"rendered":"<p><img loading=\"lazy\" decoding=\"async\" width=\"300\" height=\"179\" src=\"https:\/\/www.infomoney.com.br\/wp-content\/uploads\/2023\/06\/stf-justica.jpg?fit=300%2C179&amp;quality=70&amp;strip=all\" class=\"attachment-medium size-medium wp-post-image\" alt=\"\" data-attachment-id=\"2173041\" data-permalink=\"https:\/\/www.infomoney.com.br\/consumo\/trabalhadores-da-gm-aprovam-layoff-em-sao-jose-dos-campos-vw-paralisa-producao-em-fabricas\/attachment\/fachada-do-edificio-sede-do-supremo-tribunal-federal-stf\/\" data-orig-file=\"https:\/\/www.infomoney.com.br\/wp-content\/uploads\/2023\/06\/stf-justica.jpg?fit=1170%2C700&amp;quality=70&amp;strip=all\" data-orig-size=\"1170,700\" data-comments-opened=\"0\" data-image-meta='{\"aperture\":\"4\",\"credit\":\"Marcello Casal JrAg\\u00eancia Brasil\",\"camera\":\"NIKON D4\",\"caption\":\"Fachada do edif\\u00edcio sede do Supremo Tribunal Federal - STF\",\"created_timestamp\":\"1597835070\",\"copyright\":\"Agencia Brasil-EBC\",\"focal_length\":\"600\",\"iso\":\"250\",\"shutter_speed\":\"0.00015625\",\"title\":\"Fachada do edif\\u00edcio sede do Supremo Tribunal Federal - STF\",\"orientation\":\"1\"}' data-image-title=\"Est\u00e1tua da Justi\u00e7a em frente ao STF\" data-image-description=\"\" data-image-caption=\"&lt;p&gt;Est\u00e1tua \u201cA Justi\u00e7a\u201d, escultura de Alfredo Ceschiatti em frente ao edif\u00edcio-sede do Supremo Tribunal Federal (STF) em Bras\u00edlia (Foto: Marcello Casal Jr.\/Ag\u00eancia Brasil)&lt;\/p&gt;\n\" data-medium-file=\"https:\/\/www.infomoney.com.br\/wp-content\/uploads\/2023\/06\/stf-justica.jpg?fit=300%2C179&amp;quality=70&amp;strip=all\" data-large-file=\"https:\/\/www.infomoney.com.br\/wp-content\/uploads\/2023\/06\/stf-justica.jpg?fit=1170%2C700&amp;quality=70&amp;strip=all\">Julgamento virtual ficar\u00e1 aberto at\u00e9 11 de setembro<\/p>\n<p>The post <a rel=\"nofollow\" href=\"https:\/\/www.infomoney.com.br\/politica\/stf-tem-maioria-para-validar-contribuicao-assistencial-para-sindicatos\/\">STF tem maioria para validar contribui\u00e7\u00e3o assistencial para sindicatos<\/a> appeared first on <a rel=\"nofollow\" href=\"https:\/\/www.infomoney.com.br\/\">InfoMoney<\/a>.<\/p>\n","protected":false},"author":44,"featured_media":0,"comment_status":"closed","ping_status":"closed","sticky":false,"template":"","format":"standard","meta":{"advgb_blocks_editor_width":"","advgb_blocks_columns_visual_guide":"","footnotes":""},"categories":[1388,34,1021,1576,47,1390,449],"tags":[35],"class_list":["post-32539","post","type-post","status-publish","format-standard","hentry","category-contribuicao-sindical","category-g1","category-gilmar-mendes","category-julgamento","category-politica","category-sindicato","category-stf","tag-g1"],"author_meta":{"display_name":"Ag\u00eancia Brasil","author_link":"https:\/\/sindaopcpb.org.br\/author\/agencia-brasil\/"},"featured_img":null,"coauthors":[],"tax_additional":{"categories":{"linked":["<a href=\"https:\/\/sindaopcpb.org.br\/contribuicao-sindical\/\" class=\"advgb-post-tax-term\">contribui\u00e7\u00e3o sindical<\/a>","<a href=\"https:\/\/sindaopcpb.org.br\/g1\/\" class=\"advgb-post-tax-term\">G1<\/a>","<a href=\"https:\/\/sindaopcpb.org.br\/gilmar-mendes\/\" class=\"advgb-post-tax-term\">gilmar mendes<\/a>","<a href=\"https:\/\/sindaopcpb.org.br\/julgamento\/\" class=\"advgb-post-tax-term\">julgamento<\/a>","<a href=\"https:\/\/sindaopcpb.org.br\/politica\/\" class=\"advgb-post-tax-term\">POLITICA<\/a>","<a href=\"https:\/\/sindaopcpb.org.br\/sindicato\/\" class=\"advgb-post-tax-term\">Sindicato<\/a>","<a href=\"https:\/\/sindaopcpb.org.br\/stf\/\" class=\"advgb-post-tax-term\">STF<\/a>"],"unlinked":["<span class=\"advgb-post-tax-term\">contribui\u00e7\u00e3o sindical<\/span>","<span class=\"advgb-post-tax-term\">G1<\/span>","<span class=\"advgb-post-tax-term\">gilmar mendes<\/span>","<span class=\"advgb-post-tax-term\">julgamento<\/span>","<span class=\"advgb-post-tax-term\">POLITICA<\/span>","<span class=\"advgb-post-tax-term\">Sindicato<\/span>","<span class=\"advgb-post-tax-term\">STF<\/span>"]},"tags":{"linked":["<a href=\"https:\/\/sindaopcpb.org.br\/stf\/\" class=\"advgb-post-tax-term\">g1<\/a>"],"unlinked":["<span class=\"advgb-post-tax-term\">g1<\/span>"]}},"comment_count":"0","relative_dates":{"created":"Publicado 3 anos atr\u00e1s","modified":"Atualizado 3 anos atr\u00e1s"},"absolute_dates":{"created":"Publicado em 1 de setembro de 2023","modified":"Atualizado em 1 de setembro de 2023"},"absolute_dates_time":{"created":"Publicado em 1 de setembro de 2023 16:12","modified":"Atualizado em 1 de setembro de 2023 16:12"},"featured_img_caption":"","series_order":"","_links":{"self":[{"href":"https:\/\/sindaopcpb.org.br\/index.php\/wp-json\/wp\/v2\/posts\/32539","targetHints":{"allow":["GET"]}}],"collection":[{"href":"https:\/\/sindaopcpb.org.br\/index.php\/wp-json\/wp\/v2\/posts"}],"about":[{"href":"https:\/\/sindaopcpb.org.br\/index.php\/wp-json\/wp\/v2\/types\/post"}],"author":[{"embeddable":true,"href":"https:\/\/sindaopcpb.org.br\/index.php\/wp-json\/wp\/v2\/users\/44"}],"replies":[{"embeddable":true,"href":"https:\/\/sindaopcpb.org.br\/index.php\/wp-json\/wp\/v2\/comments?post=32539"}],"version-history":[{"count":1,"href":"https:\/\/sindaopcpb.org.br\/index.php\/wp-json\/wp\/v2\/posts\/32539\/revisions"}],"predecessor-version":[{"id":32540,"href":"https:\/\/sindaopcpb.org.br\/index.php\/wp-json\/wp\/v2\/posts\/32539\/revisions\/32540"}],"wp:attachment":[{"href":"https:\/\/sindaopcpb.org.br\/index.php\/wp-json\/wp\/v2\/media?parent=32539"}],"wp:term":[{"taxonomy":"category","embeddable":true,"href":"https:\/\/sindaopcpb.org.br\/index.php\/wp-json\/wp\/v2\/categories?post=32539"},{"taxonomy":"post_tag","embeddable":true,"href":"https:\/\/sindaopcpb.org.br\/index.php\/wp-json\/wp\/v2\/tags?post=32539"}],"curies":[{"name":"wp","href":"https:\/\/api.w.org\/{rel}","templated":true}]}}