{"id":32525,"date":"2023-09-01T16:01:48","date_gmt":"2023-09-01T19:01:48","guid":{"rendered":"https:\/\/wpa.wscom.com.br\/?p=920896"},"modified":"2023-09-01T16:01:48","modified_gmt":"2023-09-01T19:01:48","slug":"programacao-de-setembro-do-centro-de-convencoes-tem-14-bis-ze-ramalho-maria-rita-melim-e-outras-atracoes-confira","status":"publish","type":"post","link":"https:\/\/sindaopcpb.org.br\/index.php\/2023\/09\/01\/programacao-de-setembro-do-centro-de-convencoes-tem-14-bis-ze-ramalho-maria-rita-melim-e-outras-atracoes-confira\/","title":{"rendered":"Programa\u00e7\u00e3o de setembro do Centro de Conven\u00e7\u00f5es tem 14 Bis, Z\u00e9 Ramalho, Maria Rita, Melim e outras atra\u00e7\u00f5es; confira"},"content":{"rendered":"<p>O Centro de Conven\u00e7\u00f5es de Jo\u00e3o Pessoa continua com uma programa\u00e7\u00e3o intensa e diversa neste m\u00eas de setembro, que tem in\u00edcio neste s\u00e1bado, dia 2, com o super show U2 One Love &amp; Orquestra. O tributo \u00e0 banda irlandesa \u00e9 considerado o maior da Am\u00e9rica Latina e come\u00e7a \u00e0s 21h. Os ingressos variam de R$ 50 a R$ 200 e est\u00e3o sendo vendidos no Ingresso Digital.<\/p>\n<p>No domingo, dia 3, os f\u00e3s t\u00eam um encontro marcado no Teatro Pedra do Reino com Fl\u00e1vio Venturini, S\u00e1 e Guarabyra e 14 Bis, a partir das 19h. O show marca 40 anos de carreira dos artistas consagrados na MPB. Os bilhetes tamb\u00e9m est\u00e3o \u00e0 venda no Ingresso Digital e custam entre R$ 100 e R$ 300.<\/p>\n<p>J\u00e1 o paraibano Z\u00e9 Ramalho se apresenta em Jo\u00e3o Pessoa no dia 15, a partir das 18h, com a 2\u00aa temporada do Show dos Sucessos, que inclui m\u00fasicas in\u00e9ditas do novo \u00e1lbum Ateu Psicod\u00e9lico. Os bilhetes podem ser encontrados no Uhuu e custam a partir de R$ 100.<\/p>\n<p>O pastor Deive Leonardo, youtuber com o maior canal de prega\u00e7\u00e3o individual do mundo, com mais de 8 milh\u00f5es de inscritos, ministra palestra \u2018A Resposta II\u2019 no dia 16, \u00e0s 20h. Os ingressos est\u00e3o sendo vendidos no Ingresso Digital e variam de R$ 45 a R$ 280.<\/p>\n<p>Maria Rita, uma das vozes mais premiadas da MPB, traz o show \u2018Samba da Maria\u2019 para a capital paraibana no pr\u00f3ximo dia 17, a partir das 19h. Os ingressos custam entre R$ 110 e R$ 280 e est\u00e3o dispon\u00edveis no Sympla.<\/p>\n<p>J\u00e1 no dia 22, a Banda Melim apresenta o \u00e1lbum \u201cQuintal\u201d, projeto que marca o in\u00edcio de uma nova era para os irm\u00e3os Rodrigo, Gabriela e Diogo. O show come\u00e7a \u00e0s 21h e os ingressos no Sympla variam entre R$ 80 e R$ 210.<\/p>\n<p>O Centro de Conven\u00e7\u00f5es tamb\u00e9m vai sediar este m\u00eas dois grandes congressos nacionais: o de Endocrinologia e Metabologia (06 a 09) e o de Cirurgia de Cabe\u00e7a e Pesco\u00e7o (20 a 22). O Pavilh\u00e3o de Congressos tamb\u00e9m recebe nos dias 27 e 28, a Confer\u00eancia Estadual de Assist\u00eancia Social da Para\u00edba.<\/p>\n<p>J\u00e1 no Pavilh\u00e3o de Feiras, as Testemunhas de Jeov\u00e1 realizam o congresso \u2018Seja paciente\u2019. O evento acontece em dois finais de semana, de 1 a 3 e de 8 a 10 de setembro<\/p>\n<p>A programa\u00e7\u00e3o com todos os eventos tamb\u00e9m vai estar dispon\u00edvel no Instagram @teatropedradoreinooficialccjp.<\/p>\n<p><strong>TEATRO PEDRA DO REINO<\/strong><\/p>\n<p>Dia 02 \u2013 U2 One Love &amp; Orquestra<br \/>\nDia 03 \u2013 Fl\u00e1vio Venturini, S\u00e1 e Guarabira e 14 Bis<br \/>\nDia 15 \u2013 Z\u00e9 Ramalho<br \/>\nDia 16 \u2013 Deive Leonardo<br \/>\nDia 17 \u2013 Maria Rita<br \/>\nDia 22 \u2013 Melim<\/p>\n<p><strong>PAVILH\u00c3O DE CONGRESSOS<\/strong><\/p>\n<p>Dias 06 a 09 &#8211; Congresso Brasileiro de Endocrinologia e Metabologia<br \/>\nDias 20 a 22 &#8211; XXIX Congresso Brasileiro de Cirurgia de Cabe\u00e7a e Pesco\u00e7o<br \/>\nDias 27 e 28 &#8211; XIV Confer\u00eancia Estadual de Assist\u00eancia Social da Para\u00edba<\/p>\n<p><strong>PAVILH\u00c3O DE FEIRAS<\/strong><\/p>\n<p>Dias 01 a 03 \u2013 Congresso \u2018Seja Paciente\u2019, com Testemunhas de Jeov\u00e1<br \/>\nDias 08 a 10 &#8211; Congresso \u2018Seja Paciente\u2019, com Testemunhas de Jeov\u00e1<\/p>\n<p>O post <a rel=\"nofollow noopener\" href=\"https:\/\/wscom.com.br\/programacao-de-setembro-do-centro-de-convencoes-tem-14-bis-ze-ramalho-maria-rita-melim-e-outras-atracoes-confira\/\" target=\"_blank\">Programa\u00e7\u00e3o de setembro do Centro de Conven\u00e7\u00f5es tem 14 Bis, Z\u00e9 Ramalho, Maria Rita, Melim e outras atra\u00e7\u00f5es; confira<\/a> apareceu primeiro em <a rel=\"nofollow noopener\" href=\"https:\/\/wscom.com.br\/\" target=\"_blank\">WSCOM<\/a>.<\/p>\n","protected":false},"excerpt":{"rendered":"<p>O Centro de Conven\u00e7\u00f5es de Jo\u00e3o Pessoa continua com uma programa\u00e7\u00e3o intensa e diversa neste m\u00eas de setembro, que tem in\u00edcio neste s\u00e1bado, dia 2, com o super show U2 One Love &amp; Orquestra. O tributo \u00e0 banda irlandesa \u00e9 considerado o maior da Am\u00e9rica Latina e come\u00e7a \u00e0s 21h. Os ingressos variam de R$ [\u2026]<\/p>\n<p>O post <a rel=\"nofollow\" href=\"https:\/\/wscom.com.br\/programacao-de-setembro-do-centro-de-convencoes-tem-14-bis-ze-ramalho-maria-rita-melim-e-outras-atracoes-confira\/\">Programa\u00e7\u00e3o de setembro do Centro de Conven\u00e7\u00f5es tem 14 Bis, Z\u00e9 Ramalho, Maria Rita, Melim e outras atra\u00e7\u00f5es; confira<\/a> apareceu primeiro em <a rel=\"nofollow\" href=\"https:\/\/wscom.com.br\/\">WSCOM<\/a>.<\/p>\n","protected":false},"author":49,"featured_media":0,"comment_status":"closed","ping_status":"closed","sticky":false,"template":"","format":"standard","meta":{"advgb_blocks_editor_width":"","advgb_blocks_columns_visual_guide":"","footnotes":""},"categories":[5892,170,3747,34,71,8570,8571,5556],"tags":[35],"class_list":["post-32525","post","type-post","status-publish","format-standard","hentry","category-centro-de-convencoes","category-cultura","category-eventos","category-g1","category-joao-pessoa","category-maria-rita","category-melim","category-ze-ramalho","tag-g1"],"author_meta":{"display_name":"Cristiane Cavalcante","author_link":"https:\/\/sindaopcpb.org.br\/author\/cristiane-cavalcante\/"},"featured_img":null,"coauthors":[],"tax_additional":{"categories":{"linked":["<a href=\"https:\/\/sindaopcpb.org.br\/centro-de-convencoes\/\" class=\"advgb-post-tax-term\">centro de conven\u00e7\u00f5es<\/a>","<a href=\"https:\/\/sindaopcpb.org.br\/cultura\/\" class=\"advgb-post-tax-term\">Cultura<\/a>","<a href=\"https:\/\/sindaopcpb.org.br\/eventos\/\" class=\"advgb-post-tax-term\">eventos<\/a>","<a href=\"https:\/\/sindaopcpb.org.br\/g1\/\" class=\"advgb-post-tax-term\">G1<\/a>","<a href=\"https:\/\/sindaopcpb.org.br\/joao-pessoa\/\" class=\"advgb-post-tax-term\">Jo\u00e3o Pessoa<\/a>","<a href=\"https:\/\/sindaopcpb.org.br\/maria-rita\/\" class=\"advgb-post-tax-term\">Maria Rita<\/a>","<a href=\"https:\/\/sindaopcpb.org.br\/melim\/\" class=\"advgb-post-tax-term\">MELIM<\/a>","<a href=\"https:\/\/sindaopcpb.org.br\/ze-ramalho\/\" class=\"advgb-post-tax-term\">z\u00e9 ramalho<\/a>"],"unlinked":["<span class=\"advgb-post-tax-term\">centro de conven\u00e7\u00f5es<\/span>","<span class=\"advgb-post-tax-term\">Cultura<\/span>","<span class=\"advgb-post-tax-term\">eventos<\/span>","<span class=\"advgb-post-tax-term\">G1<\/span>","<span class=\"advgb-post-tax-term\">Jo\u00e3o Pessoa<\/span>","<span class=\"advgb-post-tax-term\">Maria Rita<\/span>","<span class=\"advgb-post-tax-term\">MELIM<\/span>","<span class=\"advgb-post-tax-term\">z\u00e9 ramalho<\/span>"]},"tags":{"linked":["<a href=\"https:\/\/sindaopcpb.org.br\/ze-ramalho\/\" class=\"advgb-post-tax-term\">g1<\/a>"],"unlinked":["<span class=\"advgb-post-tax-term\">g1<\/span>"]}},"comment_count":"0","relative_dates":{"created":"Publicado 3 anos atr\u00e1s","modified":"Atualizado 3 anos atr\u00e1s"},"absolute_dates":{"created":"Publicado em 1 de setembro de 2023","modified":"Atualizado em 1 de setembro de 2023"},"absolute_dates_time":{"created":"Publicado em 1 de setembro de 2023 16:01","modified":"Atualizado em 1 de setembro de 2023 16:01"},"featured_img_caption":"","series_order":"","_links":{"self":[{"href":"https:\/\/sindaopcpb.org.br\/index.php\/wp-json\/wp\/v2\/posts\/32525","targetHints":{"allow":["GET"]}}],"collection":[{"href":"https:\/\/sindaopcpb.org.br\/index.php\/wp-json\/wp\/v2\/posts"}],"about":[{"href":"https:\/\/sindaopcpb.org.br\/index.php\/wp-json\/wp\/v2\/types\/post"}],"author":[{"embeddable":true,"href":"https:\/\/sindaopcpb.org.br\/index.php\/wp-json\/wp\/v2\/users\/49"}],"replies":[{"embeddable":true,"href":"https:\/\/sindaopcpb.org.br\/index.php\/wp-json\/wp\/v2\/comments?post=32525"}],"version-history":[{"count":1,"href":"https:\/\/sindaopcpb.org.br\/index.php\/wp-json\/wp\/v2\/posts\/32525\/revisions"}],"predecessor-version":[{"id":32526,"href":"https:\/\/sindaopcpb.org.br\/index.php\/wp-json\/wp\/v2\/posts\/32525\/revisions\/32526"}],"wp:attachment":[{"href":"https:\/\/sindaopcpb.org.br\/index.php\/wp-json\/wp\/v2\/media?parent=32525"}],"wp:term":[{"taxonomy":"category","embeddable":true,"href":"https:\/\/sindaopcpb.org.br\/index.php\/wp-json\/wp\/v2\/categories?post=32525"},{"taxonomy":"post_tag","embeddable":true,"href":"https:\/\/sindaopcpb.org.br\/index.php\/wp-json\/wp\/v2\/tags?post=32525"}],"curies":[{"name":"wp","href":"https:\/\/api.w.org\/{rel}","templated":true}]}}