{"id":32478,"date":"2023-09-01T13:45:29","date_gmt":"2023-09-01T16:45:29","guid":{"rendered":"https:\/\/wpa.wscom.com.br\/?p=920857"},"modified":"2023-09-01T13:45:29","modified_gmt":"2023-09-01T16:45:29","slug":"cineclube-o-homem-de-areia-tem-sessoes-no-sesc-cabo-branco-devido-a-reforma-da-fcja","status":"publish","type":"post","link":"https:\/\/sindaopcpb.org.br\/index.php\/2023\/09\/01\/cineclube-o-homem-de-areia-tem-sessoes-no-sesc-cabo-branco-devido-a-reforma-da-fcja\/","title":{"rendered":"Cineclube O Homem de Areia tem sess\u00f5es no Sesc Cabo Branco devido a reforma da FCJA"},"content":{"rendered":"<p>Cineclube O Homem de Areia, da Funda\u00e7\u00e3o Casa de Jos\u00e9 Am\u00e9rico, em Jo\u00e3o Pessoa, vai funcionar temporariamente em novo endere\u00e7o. At\u00e9 que seja conclu\u00edda a reforma do audit\u00f3rio da Funda\u00e7\u00e3o, onde as sess\u00f5es sempre ocorreram, o tradicional encontro em torno da s\u00e9tima arte passa a acontecer no audit\u00f3rio do Sesc Cabo Branco. O filme que inaugura essa mudan\u00e7a ser\u00e1 \u201cA Roda da Fortuna\u201d (1953), na pr\u00f3xima quarta-feira (6), \u00e0s 19h30.<\/p>\n<p>Trata-se de uma com\u00e9dia musical estadunidense dirigida por Vincente Minnelli. A sess\u00e3o ter\u00e1 o coment\u00e1rio do jornalista e cr\u00edtico de cinema Renato F\u00e9lix.<\/p>\n<p>A mudan\u00e7a de local se tornou poss\u00edvel devido \u00e0 parceria entre a FCJA e a Federa\u00e7\u00e3o do Com\u00e9rcio de Bens, Servi\u00e7os e Turismo (Fecom\u00e9rcio-PB). Ela acontecer\u00e1 por um curto per\u00edodo, necess\u00e1rio para que as sess\u00f5es do cineclube n\u00e3o fiquem suspensas. Segundo a vice-presidente da FCJA, Fernanda Albuquerque, o objetivo \u00e9 n\u00e3o deixar o p\u00fablico desamparado.<\/p>\n<p>\u201cNossos frequentadores s\u00e3o ass\u00edduos, apreciam esse encontro mensal. Al\u00e9m disso, o audit\u00f3rio do Sesc Cabo Branco, que tem uma estrutura excelente, est\u00e1 localizado na mesma avenida da Funda\u00e7\u00e3o, o que vai facilitar a adapta\u00e7\u00e3o\u201d, observou.<\/p>\n<p><strong>Filme de setembro &#8211;<\/strong> A hist\u00f3ria de \u201cA Roda da Fortuna\u201d gira em torno de Tony Hunter (Fred Astaire), astro dos palcos e do cinema que est\u00e1 passando por um per\u00edodo de baixa na carreira e aceita um convite para estrelar um espet\u00e1culo musical na Broadway. O extravagante diretor da montagem, Jeffrey Cordova (Jack Buchanan), transforma completamente a pe\u00e7a e exige a contrata\u00e7\u00e3o da bailarina Gabrielle Gerard (Cyd Charisse), que n\u00e3o consegue se entender com Tony. Est\u00e1 armada a confus\u00e3o.<\/p>\n<p>O filme \u00e9 considerado um dos \u00faltimos grandes musicais da era de ouro da MGM. Ocupa a 17\u00aa coloca\u00e7\u00e3o na Lista dos 25 maiores musicais estadunidenses de todos os tempos, idealizada pelo American Film Institute (AFI) e divulgada em 2006.<\/p>\n<p>O post <a rel=\"nofollow noopener\" href=\"https:\/\/wscom.com.br\/cineclube-o-homem-de-areia-tem-sessoes-no-sesc-cabo-branco-devido-a-reforma-da-fcja\/\" target=\"_blank\">Cineclube O Homem de Areia tem sess\u00f5es no Sesc Cabo Branco devido a reforma da FCJA<\/a> apareceu primeiro em <a rel=\"nofollow noopener\" href=\"https:\/\/wscom.com.br\/\" target=\"_blank\">WSCOM<\/a>.<\/p>\n","protected":false},"excerpt":{"rendered":"<p>Cineclube O Homem de Areia, da Funda\u00e7\u00e3o Casa de Jos\u00e9 Am\u00e9rico, em Jo\u00e3o Pessoa, vai funcionar temporariamente em novo endere\u00e7o. At\u00e9 que seja conclu\u00edda a reforma do audit\u00f3rio da Funda\u00e7\u00e3o, onde as sess\u00f5es sempre ocorreram, o tradicional encontro em torno da s\u00e9tima arte passa a acontecer no audit\u00f3rio do Sesc Cabo Branco. O filme que [\u2026]<\/p>\n<p>O post <a rel=\"nofollow\" href=\"https:\/\/wscom.com.br\/cineclube-o-homem-de-areia-tem-sessoes-no-sesc-cabo-branco-devido-a-reforma-da-fcja\/\">Cineclube O Homem de Areia tem sess\u00f5es no Sesc Cabo Branco devido a reforma da FCJA<\/a> apareceu primeiro em <a rel=\"nofollow\" href=\"https:\/\/wscom.com.br\/\">WSCOM<\/a>.<\/p>\n","protected":false},"author":49,"featured_media":0,"comment_status":"closed","ping_status":"closed","sticky":false,"template":"","format":"standard","meta":{"advgb_blocks_editor_width":"","advgb_blocks_columns_visual_guide":"","footnotes":""},"categories":[5621,940,34,71,8555,8556],"tags":[35],"class_list":["post-32478","post","type-post","status-publish","format-standard","hentry","category-cineclube-o-homem-de-areia","category-cinema","category-g1","category-joao-pessoa","category-reforma-da-fcja","category-sessoes-no-sesc-cabo-branco","tag-g1"],"author_meta":{"display_name":"Cristiane Cavalcante","author_link":"https:\/\/sindaopcpb.org.br\/author\/cristiane-cavalcante\/"},"featured_img":null,"coauthors":[],"tax_additional":{"categories":{"linked":["<a href=\"https:\/\/sindaopcpb.org.br\/cineclube-o-homem-de-areia\/\" class=\"advgb-post-tax-term\">Cineclube O Homem de Areia<\/a>","<a href=\"https:\/\/sindaopcpb.org.br\/cinema\/\" class=\"advgb-post-tax-term\">Cinema<\/a>","<a href=\"https:\/\/sindaopcpb.org.br\/g1\/\" class=\"advgb-post-tax-term\">G1<\/a>","<a href=\"https:\/\/sindaopcpb.org.br\/joao-pessoa\/\" class=\"advgb-post-tax-term\">Jo\u00e3o Pessoa<\/a>","<a href=\"https:\/\/sindaopcpb.org.br\/reforma-da-fcja\/\" class=\"advgb-post-tax-term\">reforma da FCJA<\/a>","<a href=\"https:\/\/sindaopcpb.org.br\/sessoes-no-sesc-cabo-branco\/\" class=\"advgb-post-tax-term\">sess\u00f5es no Sesc Cabo Branco<\/a>"],"unlinked":["<span class=\"advgb-post-tax-term\">Cineclube O Homem de Areia<\/span>","<span class=\"advgb-post-tax-term\">Cinema<\/span>","<span class=\"advgb-post-tax-term\">G1<\/span>","<span class=\"advgb-post-tax-term\">Jo\u00e3o Pessoa<\/span>","<span class=\"advgb-post-tax-term\">reforma da FCJA<\/span>","<span class=\"advgb-post-tax-term\">sess\u00f5es no Sesc Cabo Branco<\/span>"]},"tags":{"linked":["<a href=\"https:\/\/sindaopcpb.org.br\/sessoes-no-sesc-cabo-branco\/\" class=\"advgb-post-tax-term\">g1<\/a>"],"unlinked":["<span class=\"advgb-post-tax-term\">g1<\/span>"]}},"comment_count":"0","relative_dates":{"created":"Publicado 3 anos atr\u00e1s","modified":"Atualizado 3 anos atr\u00e1s"},"absolute_dates":{"created":"Publicado em 1 de setembro de 2023","modified":"Atualizado em 1 de setembro de 2023"},"absolute_dates_time":{"created":"Publicado em 1 de setembro de 2023 13:45","modified":"Atualizado em 1 de setembro de 2023 13:45"},"featured_img_caption":"","series_order":"","_links":{"self":[{"href":"https:\/\/sindaopcpb.org.br\/index.php\/wp-json\/wp\/v2\/posts\/32478","targetHints":{"allow":["GET"]}}],"collection":[{"href":"https:\/\/sindaopcpb.org.br\/index.php\/wp-json\/wp\/v2\/posts"}],"about":[{"href":"https:\/\/sindaopcpb.org.br\/index.php\/wp-json\/wp\/v2\/types\/post"}],"author":[{"embeddable":true,"href":"https:\/\/sindaopcpb.org.br\/index.php\/wp-json\/wp\/v2\/users\/49"}],"replies":[{"embeddable":true,"href":"https:\/\/sindaopcpb.org.br\/index.php\/wp-json\/wp\/v2\/comments?post=32478"}],"version-history":[{"count":1,"href":"https:\/\/sindaopcpb.org.br\/index.php\/wp-json\/wp\/v2\/posts\/32478\/revisions"}],"predecessor-version":[{"id":32479,"href":"https:\/\/sindaopcpb.org.br\/index.php\/wp-json\/wp\/v2\/posts\/32478\/revisions\/32479"}],"wp:attachment":[{"href":"https:\/\/sindaopcpb.org.br\/index.php\/wp-json\/wp\/v2\/media?parent=32478"}],"wp:term":[{"taxonomy":"category","embeddable":true,"href":"https:\/\/sindaopcpb.org.br\/index.php\/wp-json\/wp\/v2\/categories?post=32478"},{"taxonomy":"post_tag","embeddable":true,"href":"https:\/\/sindaopcpb.org.br\/index.php\/wp-json\/wp\/v2\/tags?post=32478"}],"curies":[{"name":"wp","href":"https:\/\/api.w.org\/{rel}","templated":true}]}}