{"id":32471,"date":"2023-09-01T12:11:44","date_gmt":"2023-09-01T15:11:44","guid":{"rendered":"https:\/\/www.infomoney.com.br\/?p=2232160"},"modified":"2023-09-01T12:11:44","modified_gmt":"2023-09-01T15:11:44","slug":"lira-veto-de-lula-a-trecho-do-arcabouco-fiscal-tem-muitas-chances-de-ser-derrubado-no-congresso","status":"publish","type":"post","link":"https:\/\/sindaopcpb.org.br\/index.php\/2023\/09\/01\/lira-veto-de-lula-a-trecho-do-arcabouco-fiscal-tem-muitas-chances-de-ser-derrubado-no-congresso\/","title":{"rendered":"Lira: veto de Lula a trecho do arcabou\u00e7o fiscal tem \u201cmuitas chances\u201d de ser derrubado no Congresso"},"content":{"rendered":"<p><img loading=\"lazy\" width=\"300\" height=\"185\" src=\"https:\/\/www.infomoney.com.br\/wp-content\/uploads\/2023\/08\/img20230614200151481.jpg?fit=300%2C185&amp;quality=70&amp;strip=all\" class=\"attachment-medium size-medium wp-post-image\" alt=\"\" decoding=\"async\" style=\"float:right; margin:0 0 10px 10px;\" srcset=\"https:\/\/www.infomoney.com.br\/wp-content\/uploads\/2023\/08\/img20230614200151481.jpg?w=1984&amp;quality=70&amp;strip=all 1984w, https:\/\/www.infomoney.com.br\/wp-content\/uploads\/2023\/08\/img20230614200151481.jpg?w=300&amp;quality=70&amp;strip=all 300w, https:\/\/www.infomoney.com.br\/wp-content\/uploads\/2023\/08\/img20230614200151481.jpg?w=768&amp;quality=70&amp;strip=all 768w, https:\/\/www.infomoney.com.br\/wp-content\/uploads\/2023\/08\/img20230614200151481.jpg?w=1280&amp;quality=70&amp;strip=all 1280w, https:\/\/www.infomoney.com.br\/wp-content\/uploads\/2023\/08\/img20230614200151481.jpg?w=1536&amp;quality=70&amp;strip=all 1536w, https:\/\/www.infomoney.com.br\/wp-content\/uploads\/2023\/08\/img20230614200151481.jpg?w=150&amp;quality=70&amp;strip=all 150w\" sizes=\"auto, (max-width: 300px) 100vw, 300px\" data-attachment-id=\"2227684\" data-permalink=\"https:\/\/www.infomoney.com.br\/politica\/expert-xp-2023-confirma-participacao-de-lira-galipolo-ceron-e-mais-liderancas-da-politica\/attachment\/img20230614200151481\/\" data-orig-file=\"https:\/\/www.infomoney.com.br\/wp-content\/uploads\/2023\/08\/img20230614200151481.jpg?fit=1984%2C1223&amp;quality=70&amp;strip=all\" data-orig-size=\"1984,1223\" data-comments-opened=\"0\" data-image-meta=\"{&quot;aperture&quot;:&quot;1.8&quot;,&quot;credit&quot;:&quot;&quot;,&quot;camera&quot;:&quot;ILCE-7M3&quot;,&quot;caption&quot;:&quot;&quot;,&quot;created_timestamp&quot;:&quot;1686789690&quot;,&quot;copyright&quot;:&quot;&quot;,&quot;focal_length&quot;:&quot;85&quot;,&quot;iso&quot;:&quot;2500&quot;,&quot;shutter_speed&quot;:&quot;0.003125&quot;,&quot;title&quot;:&quot;&quot;,&quot;orientation&quot;:&quot;1&quot;}\" data-image-title=\"Arthur Lira, presidente da C\u00e2mara dos Deputados (Pablo Valadares\/C\u00e2mara dos Deputados)\" data-image-description=\"\" data-image-caption=\"&lt;p&gt;Arthur Lira, presidente da C\u00e2mara dos Deputados (Pablo Valadares\/C\u00e2mara dos Deputados)&lt;\/p&gt;\n\" data-medium-file=\"https:\/\/www.infomoney.com.br\/wp-content\/uploads\/2023\/08\/img20230614200151481.jpg?fit=300%2C185&amp;quality=70&amp;strip=all\" data-large-file=\"https:\/\/www.infomoney.com.br\/wp-content\/uploads\/2023\/08\/img20230614200151481.jpg?fit=1280%2C789&amp;quality=70&amp;strip=all\" title=\"\"><\/p>\n<p><iframe loading=\"lazy\" class=\"youtube-player\" width=\"640\" height=\"360\" src=\"https:\/\/www.youtube.com\/embed\/1WzKutNsIwo?version=3&amp;rel=1&amp;showsearch=0&amp;showinfo=1&amp;iv_load_policy=1&amp;fs=1&amp;hl=pt-BR&amp;autohide=2&amp;wmode=transparent\" allowfullscreen=\"true\" style=\"border:0;\" sandbox=\"allow-scripts allow-same-origin allow-popups allow-presentation\"><\/iframe><\/p>\n<p>O presidente da C&acirc;mara dos Deputados, <strong>Arthur Lira (PP-AL)<\/strong>, afirmou, nesta sexta-feira (1), que o veto apresentado pelo presidente Luiz In&aacute;cio Lula da Silva (PT) a um trecho do projeto de lei complementar que trata do novo marco fiscal (PLP 93\/2023) tem &ldquo;muitas chances&rdquo; de ser derrubado pelo Congresso Nacional.<\/p>\n<p>O dispositivo referido derrubou a proibi&ccedil;&atilde;o de que a Lei de Diretrizes Or&ccedil;ament&aacute;rias previsse a exclus&atilde;o de despesas prim&aacute;rias da meta de resultado prim&aacute;rio dos or&ccedil;amentos fiscal e da seguridade social.<\/p>\n<p>O pedido foi motivado pela necessidade de permitir a execu&ccedil;&atilde;o de encontro de contas de precat&oacute;rios na Lei de Diretrizes Or&ccedil;ament&aacute;rias (LDO) de 2024 como exce&ccedil;&atilde;o &agrave; meta estabelecida. Caso contr&aacute;rio, se esse dispositivo do arcabou&ccedil;o fosse sancionado, seria preciso tirar da pe&ccedil;a essa previs&atilde;o, impossibilitando a&ccedil;&otilde;es nesse sentido.<\/p>\n<p>&ldquo;&Eacute; prerrogativa do presidente o veto a qualquer mat&eacute;ria legislativa que ele julgue que possa prejudicar seu governo ou que tenha inconstitucionalidades. Mas tamb&eacute;m &eacute; prerrogativa do Congresso Nacional analisar esse veto, derrub&aacute;-lo ou mant&ecirc;-lo&rdquo;, afirmou durante painel pela Expert XP 2023.<\/p>\n<p>O parlamentar disse que ainda n&atilde;o h&aacute; ju&iacute;zo de m&eacute;rito formado sobre o assunto, mas que via chances elevadas de o veto presidencial ser derrubado pelo parlamento.<\/p>\n<p>&ldquo;Eu n&atilde;o tenho ainda o ju&iacute;zo de m&eacute;rito, mas, pelo caminhar das discuss&otilde;es depois das altera&ccedil;&otilde;es no Senado e manuten&ccedil;&atilde;o da C&acirc;mara do texto original, excluindo as emendas condicionadas, penso que, em linhas gerais, esse veto tem muitas chances de ser derrubado no Congresso Nacional&rdquo;, disse.<\/p>\n<p>Durante o evento, Lira reiterou que o texto aprovado pelas duas casas legislativas e encaminhado &agrave; san&ccedil;&atilde;o presidencial foi constru&iacute;do &ldquo;a v&aacute;rias m&atilde;os&rdquo;, inclusive a pr&oacute;pria equipe econ&ocirc;mica do governo, e disse que, sem as modifica&ccedil;&otilde;es implementadas pelos parlamentares, o texto original n&atilde;o avan&ccedil;aria.<\/p>\n<p>Ele citou nominalmente o ministro da Fazenda, Fernando Haddad (PT), e Gabriel Gal&iacute;polo, que &agrave; &eacute;poca das tratativas era secret&aacute;rio-executivo da pasta e hoje &eacute; diretor de Pol&iacute;tica Monet&aacute;ria do Banco Central.<\/p>\n<p>&ldquo;O texto foi constru&iacute;do a v&aacute;rias m&atilde;os. A C&acirc;mara dialogou com a Economia, n&oacute;s abrimos os espa&ccedil;os para que o governo pudesse colocar suas raz&otilde;es, e todas as altera&ccedil;&otilde;es que houveram <em>(sic)<\/em> no texto por parte da C&acirc;mara dos Deputados foram para o texto parecer ser o que ele necessariamente precisa ser. N&oacute;s n&atilde;o ter&iacute;amos apoio legislativo se n&atilde;o tiv&eacute;ssemos feito as altera&ccedil;&otilde;es. O arcabou&ccedil;o n&atilde;o passaria se viesse na sua forma original&rdquo;, frisou.<\/p>\n<p>No painel, Lira tamb&eacute;m foi questionado sobre a interlocu&ccedil;&atilde;o com Haddad ap&oacute;s atritos p&uacute;blicos entre os dois semanas atr&aacute;s. Em resposta, o parlamentar disse a rela&ccedil;&atilde;o &eacute; &ldquo;muito pr&oacute;xima, respeitosa e institucional&rdquo;.<\/p>\n<\/p>\n<div class=\"cta-end\">\n<div class=\"im-cta\" >\n<div class=\"im-shortcode-forms bg-light bg-opacity-25 border rounded-4 p-3 p-sm-4 p-md-3 p-lg-4 px-xxl-5 my-5\" data-configuration='{\"form_name\":false,\"form_hat\":\"Newsletter\",\"form_email\":true,\"form_icon\":\"newsletter\",\"form_phone\":false,\"form_campaign\":\"NIM\",\"form_thankyou\":\"\",\"form_journey\":\"APIEvent-26a5198d-8e09-06ef-5f80-cd9127757ad1\",\"form_button\":\"Quero receber\",\"form_context\":\"newsletter\",\"form_origin\":\"https:\\\/\\\/www.infomoney.com.br\\\/politica\\\/feed\\\/?utm_medium=materia&#038;utm_source=infomoney&#038;utm_campaign=NIM&#038;utm_term=politica&#038;utm_content=newsletter\",\"form_position\":\"final\",\"form_category\":\"cta_form\"}'>\n<div class=\"d-flex flex-column align-items-center align-items-lg-start mb-4 flex-lg-row\">\n<div class=\"rounded-circle mb-2 mb-lg-0 mr-lg-4 me-lg-4 p-3 p-lg-4 bg-blue-400\"><svg width=\"40\" height=\"40\" viewBox=\"0 0 40 40\" fill=\"none\" xmlns=\"http:\/\/www.w3.org\/2000\/svg\"><path d=\"M20 20.25 6.042 11.042v19.041c0 .167.048.299.146.396a.535.535 0 0 0 .395.146h15.792V32.5H6.583a2.328 2.328 0 0 1-1.708-.708 2.328 2.328 0 0 1-.708-1.709V9.917c0-.667.236-1.236.708-1.709A2.328 2.328 0 0 1 6.583 7.5h26.834c.666 0 1.236.236 1.708.708a2.33 2.33 0 0 1 .708 1.709v12.458h-1.875V11.042L20 20.25Zm0-2 13.667-8.875H6.333L20 18.25Zm11.75 18.958-1.292-1.333 3.334-3.375h-9v-1.875h9l-3.375-3.417 1.333-1.291 5.667 5.625-5.667 5.666ZM6.042 11.042v20.791-9.458.25-13.25 1.667Z\" fill=\"#fff\"\/><\/svg><\/div>\n<div class=\"flex-fill text-center text-lg-left\">\n<div class=\"h6 small text-orange-700 lh-base mb-1\">Newsletter<\/div>\n<div class=\"text-body h4 m-0\">Infomorning<\/div>\n<div class=\"text-body small lh-base mt-2\">Receba no seu e-mail logo pela manh&atilde; as not&iacute;cias que v&atilde;o mexer com os mercados, com os seus investimentos e o seu bolso durante o dia<\/div>\n<\/div>\n<\/div>\n<\/div>\n<\/div>\n<\/div>\n<p>The post <a rel=\"nofollow noopener\" href=\"https:\/\/www.infomoney.com.br\/politica\/lira-veto-de-lula-a-trecho-do-arcabouco-fiscal-tem-muitas-chances-de-ser-derrubado-no-congresso\/\" target=\"_blank\">Lira: veto de Lula a trecho do arcabou\u00e7o fiscal tem &#8220;muitas chances&#8221; de ser derrubado no Congresso<\/a> appeared first on <a rel=\"nofollow noopener\" href=\"https:\/\/www.infomoney.com.br\/\" target=\"_blank\">InfoMoney<\/a>.<\/p>\n","protected":false},"excerpt":{"rendered":"<p><img loading=\"lazy\" decoding=\"async\" width=\"300\" height=\"185\" src=\"https:\/\/www.infomoney.com.br\/wp-content\/uploads\/2023\/08\/img20230614200151481.jpg?fit=300%2C185&amp;quality=70&amp;strip=all\" class=\"attachment-medium size-medium wp-post-image\" alt=\"\" data-attachment-id=\"2227684\" data-permalink=\"https:\/\/www.infomoney.com.br\/politica\/expert-xp-2023-confirma-participacao-de-lira-galipolo-ceron-e-mais-liderancas-da-politica\/attachment\/img20230614200151481\/\" data-orig-file=\"https:\/\/www.infomoney.com.br\/wp-content\/uploads\/2023\/08\/img20230614200151481.jpg?fit=1984%2C1223&amp;quality=70&amp;strip=all\" data-orig-size=\"1984,1223\" data-comments-opened=\"0\" data-image-meta='{\"aperture\":\"1.8\",\"credit\":\"\",\"camera\":\"ILCE-7M3\",\"caption\":\"\",\"created_timestamp\":\"1686789690\",\"copyright\":\"\",\"focal_length\":\"85\",\"iso\":\"2500\",\"shutter_speed\":\"0.003125\",\"title\":\"\",\"orientation\":\"1\"}' data-image-title=\"Arthur Lira, presidente da C\u00e2mara dos Deputados (Pablo Valadares\/C\u00e2mara dos Deputados)\" data-image-description=\"\" data-image-caption=\"&lt;p&gt;Arthur Lira, presidente da C\u00e2mara dos Deputados (Pablo Valadares\/C\u00e2mara dos Deputados)&lt;\/p&gt;\n\" data-medium-file=\"https:\/\/www.infomoney.com.br\/wp-content\/uploads\/2023\/08\/img20230614200151481.jpg?fit=300%2C185&amp;quality=70&amp;strip=all\" data-large-file=\"https:\/\/www.infomoney.com.br\/wp-content\/uploads\/2023\/08\/img20230614200151481.jpg?fit=1280%2C789&amp;quality=70&amp;strip=all\">Em painel pela Expert XP 2023, presidente da C\u00e2mara dos Deputados diz que texto foi constru\u00eddo a muitas m\u00e3os e n\u00e3o teria sido aprovado sem modifica\u00e7\u00f5es<\/p>\n<p>The post <a rel=\"nofollow\" href=\"https:\/\/www.infomoney.com.br\/politica\/lira-veto-de-lula-a-trecho-do-arcabouco-fiscal-tem-muitas-chances-de-ser-derrubado-no-congresso\/\">Lira: veto de Lula a trecho do arcabou\u00e7o fiscal tem \u201cmuitas chances\u201d de ser derrubado no Congresso<\/a> appeared first on <a rel=\"nofollow\" href=\"https:\/\/www.infomoney.com.br\/\">InfoMoney<\/a>.<\/p>\n","protected":false},"author":52,"featured_media":0,"comment_status":"closed","ping_status":"closed","sticky":false,"template":"","format":"standard","meta":{"advgb_blocks_editor_width":"","advgb_blocks_columns_visual_guide":"","footnotes":""},"categories":[108,275,276,559,34,129,47,6152],"tags":[35],"class_list":["post-32471","post","type-post","status-publish","format-standard","hentry","category-arcabouco-fiscal","category-arthur-lira","category-camara-dos-deputados","category-contas-publicas","category-g1","category-luiz-inacio-lula-da-silva","category-politica","category-veto","tag-g1"],"author_meta":{"display_name":"Marcos Mortari","author_link":"https:\/\/sindaopcpb.org.br\/author\/marcos-mortari\/"},"featured_img":null,"coauthors":[],"tax_additional":{"categories":{"linked":["<a href=\"https:\/\/sindaopcpb.org.br\/arcabouco-fiscal\/\" class=\"advgb-post-tax-term\">Arcabou\u00e7o Fiscal<\/a>","<a href=\"https:\/\/sindaopcpb.org.br\/arthur-lira\/\" class=\"advgb-post-tax-term\">Arthur Lira<\/a>","<a href=\"https:\/\/sindaopcpb.org.br\/camara-dos-deputados\/\" class=\"advgb-post-tax-term\">C\u00e2mara dos Deputados<\/a>","<a href=\"https:\/\/sindaopcpb.org.br\/contas-publicas\/\" class=\"advgb-post-tax-term\">Contas P\u00fablicas<\/a>","<a href=\"https:\/\/sindaopcpb.org.br\/g1\/\" class=\"advgb-post-tax-term\">G1<\/a>","<a href=\"https:\/\/sindaopcpb.org.br\/luiz-inacio-lula-da-silva\/\" class=\"advgb-post-tax-term\">Luiz In\u00e1cio Lula da Silva<\/a>","<a href=\"https:\/\/sindaopcpb.org.br\/politica\/\" class=\"advgb-post-tax-term\">POLITICA<\/a>","<a href=\"https:\/\/sindaopcpb.org.br\/veto\/\" class=\"advgb-post-tax-term\">Veto<\/a>"],"unlinked":["<span class=\"advgb-post-tax-term\">Arcabou\u00e7o Fiscal<\/span>","<span class=\"advgb-post-tax-term\">Arthur Lira<\/span>","<span class=\"advgb-post-tax-term\">C\u00e2mara dos Deputados<\/span>","<span class=\"advgb-post-tax-term\">Contas P\u00fablicas<\/span>","<span class=\"advgb-post-tax-term\">G1<\/span>","<span class=\"advgb-post-tax-term\">Luiz In\u00e1cio Lula da Silva<\/span>","<span class=\"advgb-post-tax-term\">POLITICA<\/span>","<span class=\"advgb-post-tax-term\">Veto<\/span>"]},"tags":{"linked":["<a href=\"https:\/\/sindaopcpb.org.br\/veto\/\" class=\"advgb-post-tax-term\">g1<\/a>"],"unlinked":["<span class=\"advgb-post-tax-term\">g1<\/span>"]}},"comment_count":"0","relative_dates":{"created":"Publicado 3 anos atr\u00e1s","modified":"Atualizado 3 anos atr\u00e1s"},"absolute_dates":{"created":"Publicado em 1 de setembro de 2023","modified":"Atualizado em 1 de setembro de 2023"},"absolute_dates_time":{"created":"Publicado em 1 de setembro de 2023 12:11","modified":"Atualizado em 1 de setembro de 2023 12:11"},"featured_img_caption":"","series_order":"","_links":{"self":[{"href":"https:\/\/sindaopcpb.org.br\/index.php\/wp-json\/wp\/v2\/posts\/32471","targetHints":{"allow":["GET"]}}],"collection":[{"href":"https:\/\/sindaopcpb.org.br\/index.php\/wp-json\/wp\/v2\/posts"}],"about":[{"href":"https:\/\/sindaopcpb.org.br\/index.php\/wp-json\/wp\/v2\/types\/post"}],"author":[{"embeddable":true,"href":"https:\/\/sindaopcpb.org.br\/index.php\/wp-json\/wp\/v2\/users\/52"}],"replies":[{"embeddable":true,"href":"https:\/\/sindaopcpb.org.br\/index.php\/wp-json\/wp\/v2\/comments?post=32471"}],"version-history":[{"count":1,"href":"https:\/\/sindaopcpb.org.br\/index.php\/wp-json\/wp\/v2\/posts\/32471\/revisions"}],"predecessor-version":[{"id":32472,"href":"https:\/\/sindaopcpb.org.br\/index.php\/wp-json\/wp\/v2\/posts\/32471\/revisions\/32472"}],"wp:attachment":[{"href":"https:\/\/sindaopcpb.org.br\/index.php\/wp-json\/wp\/v2\/media?parent=32471"}],"wp:term":[{"taxonomy":"category","embeddable":true,"href":"https:\/\/sindaopcpb.org.br\/index.php\/wp-json\/wp\/v2\/categories?post=32471"},{"taxonomy":"post_tag","embeddable":true,"href":"https:\/\/sindaopcpb.org.br\/index.php\/wp-json\/wp\/v2\/tags?post=32471"}],"curies":[{"name":"wp","href":"https:\/\/api.w.org\/{rel}","templated":true}]}}