{"id":32372,"date":"2023-08-31T18:24:53","date_gmt":"2023-08-31T21:24:53","guid":{"rendered":"https:\/\/g1.globo.com\/pb\/paraiba\/noticia\/2023\/08\/31\/falta-agua-no-conde-na-paraiba-nesta-sexta-feira-1o.ghtml"},"modified":"2023-08-31T18:24:53","modified_gmt":"2023-08-31T21:24:53","slug":"falta-agua-no-conde-na-paraiba-nesta-sexta-feira-1o","status":"publish","type":"post","link":"https:\/\/sindaopcpb.org.br\/index.php\/2023\/08\/31\/falta-agua-no-conde-na-paraiba-nesta-sexta-feira-1o\/","title":{"rendered":"Falta \u00e1gua no Conde, na Para\u00edba, nesta sexta-feira (1\u00ba)"},"content":{"rendered":"   <img src=\"https:\/\/s2.glbimg.com\/hJzhAroHL56-GDcZEqjtfzw9lVQ=\/i.s3.glbimg.com\/v1\/AUTH_59edd422c0c84a879bd37670ae4f538a\/internal_photos\/bs\/2022\/b\/v\/NkhRRwQmaJ6LYZBoAlbA\/whatsapp-image-2022-08-07-at-10.59.40.jpeg\" \/><br \/>     Suspens\u00e3o do abastecimento de \u00e1gua acontece a partir das 8h desta sexta-feira (1\u00ba). Torneira com gota de \u00e1gua\nIgor J\u00e1come\/g1\nO munic\u00edpio do Conde, na Grande Jo\u00e3o Pessoa, e o distrito de Jacum\u00e3 ficar\u00e3o sem \u00e1gua a partir das 8h desta sexta-feira (1\u00ba), A informa\u00e7\u00e3o foi divulgada pela Companhia de \u00c1gua e Esgotos da Para\u00edba (Cagepa).\nEssa suspens\u00e3o do abastecimento  \u00e9 para que sejam realizadas as limpezas e desinfec\u00e7\u00f5es dos reservat\u00f3rios que abastecem as localidades. \nConforme a Cagepa, o retorno do abastecimento ser\u00e1 gradativo a partir das 12h desta sexta-feira (1\u00b0).\nMais informa\u00e7\u00f5es sobre a suspens\u00e3o do abastecimento podem ser obtidas pelo n\u00famero de telefone 115, pelo WhatsApp ((83) 98198-4495) ou site.\nVeja locais onde o abastecimento ser\u00e1 suspenso\nMunic\u00edpio do Conde\nDistrito de Jacum\u00e3\nV\u00eddeos mais assistidos do g1 Para\u00edba  ","protected":false},"excerpt":{"rendered":"<p>        Suspens\u00e3o do abastecimento de \u00e1gua acontece a partir das 8h desta sexta-feira (1\u00ba). Torneira com gota de \u00e1gua<br \/>\nIgor J\u00e1come\/g1<br \/>\nO munic\u00edpio do Conde, na Grande Jo\u00e3o Pessoa, e o distrito de Jacum\u00e3 ficar\u00e3o sem \u00e1gua a partir das 8h desta sexta-feira &#8230;<\/p>\n","protected":false},"author":2,"featured_media":0,"comment_status":"closed","ping_status":"closed","sticky":false,"template":"","format":"standard","meta":{"advgb_blocks_editor_width":"","advgb_blocks_columns_visual_guide":"","footnotes":""},"categories":[34],"tags":[35],"class_list":["post-32372","post","type-post","status-publish","format-standard","hentry","category-g1","tag-g1"],"author_meta":{"display_name":"g1 &gt; Para\u00edba","author_link":"https:\/\/sindaopcpb.org.br\/author\/g1-paraiba\/"},"featured_img":null,"coauthors":[],"tax_additional":{"categories":{"linked":["<a href=\"https:\/\/sindaopcpb.org.br\/g1\/\" class=\"advgb-post-tax-term\">G1<\/a>"],"unlinked":["<span class=\"advgb-post-tax-term\">G1<\/span>"]},"tags":{"linked":["<a href=\"https:\/\/sindaopcpb.org.br\/g1\/\" class=\"advgb-post-tax-term\">g1<\/a>"],"unlinked":["<span class=\"advgb-post-tax-term\">g1<\/span>"]}},"comment_count":"0","relative_dates":{"created":"Publicado 3 anos atr\u00e1s","modified":"Atualizado 3 anos atr\u00e1s"},"absolute_dates":{"created":"Publicado em 31 de agosto de 2023","modified":"Atualizado em 31 de agosto de 2023"},"absolute_dates_time":{"created":"Publicado em 31 de agosto de 2023 18:24","modified":"Atualizado em 31 de agosto de 2023 18:24"},"featured_img_caption":"","series_order":"","_links":{"self":[{"href":"https:\/\/sindaopcpb.org.br\/index.php\/wp-json\/wp\/v2\/posts\/32372","targetHints":{"allow":["GET"]}}],"collection":[{"href":"https:\/\/sindaopcpb.org.br\/index.php\/wp-json\/wp\/v2\/posts"}],"about":[{"href":"https:\/\/sindaopcpb.org.br\/index.php\/wp-json\/wp\/v2\/types\/post"}],"author":[{"embeddable":true,"href":"https:\/\/sindaopcpb.org.br\/index.php\/wp-json\/wp\/v2\/users\/2"}],"replies":[{"embeddable":true,"href":"https:\/\/sindaopcpb.org.br\/index.php\/wp-json\/wp\/v2\/comments?post=32372"}],"version-history":[{"count":1,"href":"https:\/\/sindaopcpb.org.br\/index.php\/wp-json\/wp\/v2\/posts\/32372\/revisions"}],"predecessor-version":[{"id":32373,"href":"https:\/\/sindaopcpb.org.br\/index.php\/wp-json\/wp\/v2\/posts\/32372\/revisions\/32373"}],"wp:attachment":[{"href":"https:\/\/sindaopcpb.org.br\/index.php\/wp-json\/wp\/v2\/media?parent=32372"}],"wp:term":[{"taxonomy":"category","embeddable":true,"href":"https:\/\/sindaopcpb.org.br\/index.php\/wp-json\/wp\/v2\/categories?post=32372"},{"taxonomy":"post_tag","embeddable":true,"href":"https:\/\/sindaopcpb.org.br\/index.php\/wp-json\/wp\/v2\/tags?post=32372"}],"curies":[{"name":"wp","href":"https:\/\/api.w.org\/{rel}","templated":true}]}}