{"id":32369,"date":"2023-08-31T18:06:01","date_gmt":"2023-08-31T21:06:01","guid":{"rendered":"https:\/\/wpa.wscom.com.br\/?p=920750"},"modified":"2023-08-31T18:06:01","modified_gmt":"2023-08-31T21:06:01","slug":"municipio-de-conde-tera-abastecimento-de-agua-interrompido-nesta-sexta-feira","status":"publish","type":"post","link":"https:\/\/sindaopcpb.org.br\/index.php\/2023\/08\/31\/municipio-de-conde-tera-abastecimento-de-agua-interrompido-nesta-sexta-feira\/","title":{"rendered":"Munic\u00edpio de Conde ter\u00e1 abastecimento de \u00e1gua interrompido nesta sexta-feira"},"content":{"rendered":"<p>A Cagepa comunicou aos moradores do munic\u00edpio de <strong>Conde<\/strong> e distrito de Jacum\u00e3 que o abastecimento d&#8217;\u00e1gua ser\u00e1 suspenso, temporariamente, nesta sexta-feira (1\u00b0) a partir das 8h.<\/p>\n<p>A suspens\u00e3o no fornecimento ser\u00e1 necess\u00e1ria para que sejam realizadas as limpezas e desinfec\u00e7\u00f5es dos reservat\u00f3rios que abastecem as localidades.<\/p>\n<p>A previs\u00e3o \u00e9 que o abastecimento seja restabelecido, gradativamente, a partir das 12h desta sexta-feira (1\u00b0).<\/p>\n<p>&nbsp;<\/p>\n<p>O post <a rel=\"nofollow noopener\" href=\"https:\/\/wscom.com.br\/municipio-de-conde-tera-abastecimento-de-agua-interrompido-nesta-sexta-feira\/\" target=\"_blank\">Munic\u00edpio de Conde ter\u00e1 abastecimento de \u00e1gua interrompido nesta sexta-feira<\/a> apareceu primeiro em <a rel=\"nofollow noopener\" href=\"https:\/\/wscom.com.br\/\" target=\"_blank\">WSCOM<\/a>.<\/p>\n","protected":false},"excerpt":{"rendered":"<p>A Cagepa comunicou aos moradores do munic\u00edpio de Conde e distrito de Jacum\u00e3 que o abastecimento d\u2019\u00e1gua ser\u00e1 suspenso, temporariamente, nesta sexta-feira (1\u00b0) a partir das 8h. A suspens\u00e3o no fornecimento ser\u00e1 necess\u00e1ria para que sejam realizadas as limpezas e desinfec\u00e7\u00f5es dos reservat\u00f3rios que abastecem as localidades. A previs\u00e3o \u00e9 que o abastecimento seja restabelecido, [\u2026]<\/p>\n<p>O post <a rel=\"nofollow\" href=\"https:\/\/wscom.com.br\/municipio-de-conde-tera-abastecimento-de-agua-interrompido-nesta-sexta-feira\/\">Munic\u00edpio de Conde ter\u00e1 abastecimento de \u00e1gua interrompido nesta sexta-feira<\/a> apareceu primeiro em <a rel=\"nofollow\" href=\"https:\/\/wscom.com.br\/\">WSCOM<\/a>.<\/p>\n","protected":false},"author":50,"featured_media":0,"comment_status":"closed","ping_status":"closed","sticky":false,"template":"","format":"standard","meta":{"advgb_blocks_editor_width":"","advgb_blocks_columns_visual_guide":"","footnotes":""},"categories":[1065,7309,34,54],"tags":[35],"class_list":["post-32369","post","type-post","status-publish","format-standard","hentry","category-cagepa","category-falta","category-g1","category-paraiba","tag-g1"],"author_meta":{"display_name":"Wallyson","author_link":"https:\/\/sindaopcpb.org.br\/author\/wallyson\/"},"featured_img":null,"coauthors":[],"tax_additional":{"categories":{"linked":["<a href=\"https:\/\/sindaopcpb.org.br\/cagepa\/\" class=\"advgb-post-tax-term\">Cagepa<\/a>","<a href=\"https:\/\/sindaopcpb.org.br\/falta\/\" class=\"advgb-post-tax-term\">Falta<\/a>","<a href=\"https:\/\/sindaopcpb.org.br\/g1\/\" class=\"advgb-post-tax-term\">G1<\/a>","<a href=\"https:\/\/sindaopcpb.org.br\/paraiba\/\" class=\"advgb-post-tax-term\">Para\u00edba<\/a>"],"unlinked":["<span class=\"advgb-post-tax-term\">Cagepa<\/span>","<span class=\"advgb-post-tax-term\">Falta<\/span>","<span class=\"advgb-post-tax-term\">G1<\/span>","<span class=\"advgb-post-tax-term\">Para\u00edba<\/span>"]},"tags":{"linked":["<a href=\"https:\/\/sindaopcpb.org.br\/paraiba\/\" class=\"advgb-post-tax-term\">g1<\/a>"],"unlinked":["<span class=\"advgb-post-tax-term\">g1<\/span>"]}},"comment_count":"0","relative_dates":{"created":"Publicado 3 anos atr\u00e1s","modified":"Atualizado 3 anos atr\u00e1s"},"absolute_dates":{"created":"Publicado em 31 de agosto de 2023","modified":"Atualizado em 31 de agosto de 2023"},"absolute_dates_time":{"created":"Publicado em 31 de agosto de 2023 18:06","modified":"Atualizado em 31 de agosto de 2023 18:06"},"featured_img_caption":"","series_order":"","_links":{"self":[{"href":"https:\/\/sindaopcpb.org.br\/index.php\/wp-json\/wp\/v2\/posts\/32369","targetHints":{"allow":["GET"]}}],"collection":[{"href":"https:\/\/sindaopcpb.org.br\/index.php\/wp-json\/wp\/v2\/posts"}],"about":[{"href":"https:\/\/sindaopcpb.org.br\/index.php\/wp-json\/wp\/v2\/types\/post"}],"author":[{"embeddable":true,"href":"https:\/\/sindaopcpb.org.br\/index.php\/wp-json\/wp\/v2\/users\/50"}],"replies":[{"embeddable":true,"href":"https:\/\/sindaopcpb.org.br\/index.php\/wp-json\/wp\/v2\/comments?post=32369"}],"version-history":[{"count":1,"href":"https:\/\/sindaopcpb.org.br\/index.php\/wp-json\/wp\/v2\/posts\/32369\/revisions"}],"predecessor-version":[{"id":32370,"href":"https:\/\/sindaopcpb.org.br\/index.php\/wp-json\/wp\/v2\/posts\/32369\/revisions\/32370"}],"wp:attachment":[{"href":"https:\/\/sindaopcpb.org.br\/index.php\/wp-json\/wp\/v2\/media?parent=32369"}],"wp:term":[{"taxonomy":"category","embeddable":true,"href":"https:\/\/sindaopcpb.org.br\/index.php\/wp-json\/wp\/v2\/categories?post=32369"},{"taxonomy":"post_tag","embeddable":true,"href":"https:\/\/sindaopcpb.org.br\/index.php\/wp-json\/wp\/v2\/tags?post=32369"}],"curies":[{"name":"wp","href":"https:\/\/api.w.org\/{rel}","templated":true}]}}