{"id":32253,"date":"2023-08-31T11:47:30","date_gmt":"2023-08-31T14:47:30","guid":{"rendered":"https:\/\/wpa.wscom.com.br\/?p=920674"},"modified":"2023-08-31T11:47:30","modified_gmt":"2023-08-31T14:47:30","slug":"federacao-paraibana-pede-reconhecimento-de-titulo-da-serie-b-para-o-treze-de-1986","status":"publish","type":"post","link":"https:\/\/sindaopcpb.org.br\/index.php\/2023\/08\/31\/federacao-paraibana-pede-reconhecimento-de-titulo-da-serie-b-para-o-treze-de-1986\/","title":{"rendered":"Federa\u00e7\u00e3o Paraibana pede reconhecimento de t\u00edtulo da S\u00e9rie B para o Treze de 1986"},"content":{"rendered":"<p>A Federa\u00e7\u00e3o Paraibana de Futebol (FPF) confirmou pedido \u00e0 Confedera\u00e7\u00e3o Brasileira de Futebol (CBF) para reconhecimento de um t\u00edtulo referente ao equivalente a uma S\u00e9rie B ao <strong>Treze<\/strong>, no ano de 1986. A informa\u00e7\u00e3o \u00e9 do ge.<\/p>\n<p>O time paraibano foi vencedor de um dos grupos do Torneio Paralelo e conseguiu se classificar para a segunda fase do Campeonato Brasileiro daquele ano, terminando em 35\u00ba colocado.<\/p>\n<p>Os vencedores dos outros tr\u00eas grupos do torneio foram Inter de Limeira, Central de Caruaru e Crici\u00fama.<\/p>\n<p>O Treze justificou o pedido dizendo que o Torneio Paralelo tinha como objetivo o acesso: &#8220;Em rela\u00e7\u00e3o ao pleito do Treze, tudo \u00e9 mais simples e mais claro: a Ta\u00e7a de Prata, o Campeonato Brasileiro da S\u00e9rie B e o Torneio Paralelo compartilham rigorosamente a mesma finalidade, a mesma at\u00e9 hoje: qualificar clubes para a elite do futebol nacional&#8221;.<\/p>\n<p>Michelle Ramalho, presidente da Federa\u00e7\u00e3o Paraibana, defendeu o reconhecimento: \u201cEntendemos que \u00e9 um pleito justo. N\u00e3o apenas do Treze, mas dos outros clubes que tamb\u00e9m conquistaram o acesso dentro do campo em 1986. A CBF vem sendo sol\u00edcita nesse tipo de an\u00e1lise hist\u00f3rica, reconhecendo t\u00edtulos do passado. Queremos o mesmo em rela\u00e7\u00e3o \u00e0 S\u00e9rie B de 1986\u201d.<\/p>\n<p>O post <a rel=\"nofollow noopener\" href=\"https:\/\/wscom.com.br\/federacao-paraibana-pede-reconhecimento-de-titulo-da-serie-b-para-o-treze-de-1986\/\" target=\"_blank\">Federa\u00e7\u00e3o Paraibana pede reconhecimento de t\u00edtulo da S\u00e9rie B para o Treze de 1986<\/a> apareceu primeiro em <a rel=\"nofollow noopener\" href=\"https:\/\/wscom.com.br\/\" target=\"_blank\">WSCOM<\/a>.<\/p>\n","protected":false},"excerpt":{"rendered":"<p>A Federa\u00e7\u00e3o Paraibana de Futebol (FPF) confirmou pedido \u00e0 Confedera\u00e7\u00e3o Brasileira de Futebol (CBF) para reconhecimento de um t\u00edtulo referente ao equivalente a uma S\u00e9rie B ao Treze, no ano de 1986. A informa\u00e7\u00e3o \u00e9 do ge. O time paraibano foi vencedor de um dos grupos do Torneio Paralelo e conseguiu se classificar para a [\u2026]<\/p>\n<p>O post <a rel=\"nofollow\" href=\"https:\/\/wscom.com.br\/federacao-paraibana-pede-reconhecimento-de-titulo-da-serie-b-para-o-treze-de-1986\/\">Federa\u00e7\u00e3o Paraibana pede reconhecimento de t\u00edtulo da S\u00e9rie B para o Treze de 1986<\/a> apareceu primeiro em <a rel=\"nofollow\" href=\"https:\/\/wscom.com.br\/\">WSCOM<\/a>.<\/p>\n","protected":false},"author":50,"featured_media":0,"comment_status":"closed","ping_status":"closed","sticky":false,"template":"","format":"standard","meta":{"advgb_blocks_editor_width":"","advgb_blocks_columns_visual_guide":"","footnotes":""},"categories":[3209,79,34,8228,85],"tags":[35],"class_list":["post-32253","post","type-post","status-publish","format-standard","hentry","category-fpf","category-futebol","category-g1","category-serie-b","category-treze","tag-g1"],"author_meta":{"display_name":"Wallyson","author_link":"https:\/\/sindaopcpb.org.br\/author\/wallyson\/"},"featured_img":null,"coauthors":[],"tax_additional":{"categories":{"linked":["<a href=\"https:\/\/sindaopcpb.org.br\/fpf\/\" class=\"advgb-post-tax-term\">fpf<\/a>","<a href=\"https:\/\/sindaopcpb.org.br\/futebol\/\" class=\"advgb-post-tax-term\">Futebol<\/a>","<a href=\"https:\/\/sindaopcpb.org.br\/g1\/\" class=\"advgb-post-tax-term\">G1<\/a>","<a href=\"https:\/\/sindaopcpb.org.br\/serie-b\/\" class=\"advgb-post-tax-term\">s\u00e9rie b<\/a>","<a href=\"https:\/\/sindaopcpb.org.br\/treze\/\" class=\"advgb-post-tax-term\">Treze<\/a>"],"unlinked":["<span class=\"advgb-post-tax-term\">fpf<\/span>","<span class=\"advgb-post-tax-term\">Futebol<\/span>","<span class=\"advgb-post-tax-term\">G1<\/span>","<span class=\"advgb-post-tax-term\">s\u00e9rie b<\/span>","<span class=\"advgb-post-tax-term\">Treze<\/span>"]},"tags":{"linked":["<a href=\"https:\/\/sindaopcpb.org.br\/treze\/\" class=\"advgb-post-tax-term\">g1<\/a>"],"unlinked":["<span class=\"advgb-post-tax-term\">g1<\/span>"]}},"comment_count":"0","relative_dates":{"created":"Publicado 3 anos atr\u00e1s","modified":"Atualizado 3 anos atr\u00e1s"},"absolute_dates":{"created":"Publicado em 31 de agosto de 2023","modified":"Atualizado em 31 de agosto de 2023"},"absolute_dates_time":{"created":"Publicado em 31 de agosto de 2023 11:47","modified":"Atualizado em 31 de agosto de 2023 11:47"},"featured_img_caption":"","series_order":"","_links":{"self":[{"href":"https:\/\/sindaopcpb.org.br\/index.php\/wp-json\/wp\/v2\/posts\/32253","targetHints":{"allow":["GET"]}}],"collection":[{"href":"https:\/\/sindaopcpb.org.br\/index.php\/wp-json\/wp\/v2\/posts"}],"about":[{"href":"https:\/\/sindaopcpb.org.br\/index.php\/wp-json\/wp\/v2\/types\/post"}],"author":[{"embeddable":true,"href":"https:\/\/sindaopcpb.org.br\/index.php\/wp-json\/wp\/v2\/users\/50"}],"replies":[{"embeddable":true,"href":"https:\/\/sindaopcpb.org.br\/index.php\/wp-json\/wp\/v2\/comments?post=32253"}],"version-history":[{"count":1,"href":"https:\/\/sindaopcpb.org.br\/index.php\/wp-json\/wp\/v2\/posts\/32253\/revisions"}],"predecessor-version":[{"id":32254,"href":"https:\/\/sindaopcpb.org.br\/index.php\/wp-json\/wp\/v2\/posts\/32253\/revisions\/32254"}],"wp:attachment":[{"href":"https:\/\/sindaopcpb.org.br\/index.php\/wp-json\/wp\/v2\/media?parent=32253"}],"wp:term":[{"taxonomy":"category","embeddable":true,"href":"https:\/\/sindaopcpb.org.br\/index.php\/wp-json\/wp\/v2\/categories?post=32253"},{"taxonomy":"post_tag","embeddable":true,"href":"https:\/\/sindaopcpb.org.br\/index.php\/wp-json\/wp\/v2\/tags?post=32253"}],"curies":[{"name":"wp","href":"https:\/\/api.w.org\/{rel}","templated":true}]}}