{"id":32251,"date":"2023-08-31T11:52:51","date_gmt":"2023-08-31T14:52:51","guid":{"rendered":"https:\/\/wpa.wscom.com.br\/?p=920677"},"modified":"2023-08-31T11:52:51","modified_gmt":"2023-08-31T14:52:51","slug":"faustao-se-manifesta-apos-transplante-coracao-parece-bater-ainda-mais-forte","status":"publish","type":"post","link":"https:\/\/sindaopcpb.org.br\/index.php\/2023\/08\/31\/faustao-se-manifesta-apos-transplante-coracao-parece-bater-ainda-mais-forte\/","title":{"rendered":"Faust\u00e3o se manifesta ap\u00f3s transplante: \u201cCora\u00e7\u00e3o parece bater ainda mais forte\u201d"},"content":{"rendered":"<p>Fausto Silva, de 73 anos, revelou como se sente ap\u00f3s passar por um transplante de cora\u00e7\u00e3o, no \u00faltimo domingo. Animado, o apresentador disse que seu &#8216;cora\u00e7\u00e3o parece bater ainda mais forte&#8217;, demonstrou surpresa com sua recupera\u00e7\u00e3o e destacou a import\u00e2ncia da doa\u00e7\u00e3o de \u00f3rg\u00e3os.<\/p>\n<p>&#8220;Estou me sentindo \u00f3timo. Por mim, eu sa\u00eda daqui amanh\u00e3, estou abismado com a minha recupera\u00e7\u00e3o. N\u00e3o tenho nada para reclamar. Sinto apenas uma leve dor nas costas, \u00e9 um detalhe perto de tudo que aconteceu&#8221;, disse Faust\u00e3o em entrevista ao colunista Lucas Pasin, do &#8220;Splash&#8221;, nesta quinta-feira.<br \/>\nO apresentador ainda comentou a sensa\u00e7\u00e3o de ter um novo cora\u00e7\u00e3o. &#8220;Sinto como se o meu cora\u00e7\u00e3o batesse ainda mais forte, \u00e9 uma sensa\u00e7\u00e3o \u00fanica. Tiveram que tirar um monte de entulho de dentro de mim, e colocaram um cora\u00e7\u00e3o novo, de um garot\u00e3o de 35 anos. \u00c9 algo que me faz sentir muito vivo&#8221;, afirmou ele, que teceu v\u00e1rios elogios a sua equipe m\u00e9dica e ao Sistema \u00danico de Sa\u00fade (SUS).<\/p>\n<p>&#8220;Ontem parecia que eu estava num dia normal na minha vida. Sentei, andei, conversei. \u00c9 um absurdo poder fazer tudo isso. S\u00f3 tenho a agradecer aos meus m\u00e9dicos e ao SUS. Tudo isso tamb\u00e9m \u00e9 gra\u00e7as ao SUS. N\u00e3o \u00e9 porque eu tenho dinheiro que estou bem. Tudo isso que eu fiz tamb\u00e9m \u00e9 feito no SUS, e isso precisa ser valorizado. \u00c9 importante que todos se informem sobre, e essa ser\u00e1 agora a minha miss\u00e3o&#8221;, garantiu.<\/p>\n<p>O artista tamb\u00e9m recordou seu primeiro pensamento ap\u00f3s a realiza\u00e7\u00e3o do transplante. &#8220;A primeira coisa que eu pensei foi: eu preciso motivar a doa\u00e7\u00e3o de \u00f3rg\u00e3os. O Brasil tem que ser o primeiro lugar do mundo. Tem que existir mais projetos. Precisamos fazer alguma coisa para melhorar isso, e pensarmos nos pr\u00f3ximos. Precisamos usar a f\u00e9 na doa\u00e7\u00e3o. Se eu n\u00e3o tivesse f\u00e9, n\u00e3o estaria vivo.&#8221;<\/p>\n<p>Em entrevista ao colunista Fl\u00e1vio Ricco, do portal &#8220;R7&#8221;, Faust\u00e3o agradeceu a fam\u00edlia de seu doador. &#8220;Quero muito agradecer o doador, na pessoa do pai dele. A sua imensa generosidade de permitir que eu continuasse vivendo. N\u00e3o tenho como agradecer a esse pai, a vi\u00fava e o irm\u00e3o desse mo\u00e7o, que eu sei era um atleta&#8221;, disse. &#8220;Transportar para outra pessoa o direito de continuar viver \u00e9 muito mais que uma generosidade. Foi uma ben\u00e7\u00e3o que Deus me deu&#8221;, completou.<\/p>\n<p><strong>Boletim m\u00e9dico<\/strong><\/p>\n<p>Em um boletim m\u00e9dico desta quarta-feira (30), o hospital afirmou que Fausto consegue se comunicar normalmente 72 horas depois da opera\u00e7\u00e3o e que j\u00e1 iniciou a fisioterapia. &#8220;O paciente Fausto Silva continua evoluindo dentro do esperado. Est\u00e1 se comunicando normalmente e se mostra muito disposto, ap\u00f3s 72 horas desde a realiza\u00e7\u00e3o do transplante de cora\u00e7\u00e3o. A fun\u00e7\u00e3o card\u00edaca est\u00e1 normalizada e est\u00e1vel e, hoje, foram retirados o dreno e alguns cateteres, al\u00e9m do paciente ter iniciado a fisioterapia&#8221;, diz a nota.<\/p>\n<p>O transplante foi realizado para tratar o quadro de insufici\u00eancia card\u00edaca que manteve o famoso internado desde o come\u00e7o do m\u00eas. Faust\u00e3o conseguiu um \u00f3rg\u00e3o compat\u00edvel apenas 7 dias ap\u00f3s ter entrado na lista de espera do SUS.<\/p>\n<p>O post <a rel=\"nofollow noopener\" href=\"https:\/\/wscom.com.br\/faustao-se-manifesta-apos-transplante-coracao-parece-bater-ainda-mais-forte\/\" target=\"_blank\">Faust\u00e3o se manifesta ap\u00f3s transplante: &#8220;Cora\u00e7\u00e3o parece bater ainda mais forte&#8221;<\/a> apareceu primeiro em <a rel=\"nofollow noopener\" href=\"https:\/\/wscom.com.br\/\" target=\"_blank\">WSCOM<\/a>.<\/p>\n","protected":false},"excerpt":{"rendered":"<p>Fausto Silva, de 73 anos, revelou como se sente ap\u00f3s passar por um transplante de cora\u00e7\u00e3o, no \u00faltimo domingo. Animado, o apresentador disse que seu \u2018cora\u00e7\u00e3o parece bater ainda mais forte\u2019, demonstrou surpresa com sua recupera\u00e7\u00e3o e destacou a import\u00e2ncia da doa\u00e7\u00e3o de \u00f3rg\u00e3os. \u201cEstou me sentindo \u00f3timo. Por mim, eu sa\u00eda daqui amanh\u00e3, estou [\u2026]<\/p>\n<p>O post <a rel=\"nofollow\" href=\"https:\/\/wscom.com.br\/faustao-se-manifesta-apos-transplante-coracao-parece-bater-ainda-mais-forte\/\">Faust\u00e3o se manifesta ap\u00f3s transplante: \u201cCora\u00e7\u00e3o parece bater ainda mais forte\u201d<\/a> apareceu primeiro em <a rel=\"nofollow\" href=\"https:\/\/wscom.com.br\/\">WSCOM<\/a>.<\/p>\n","protected":false},"author":50,"featured_media":0,"comment_status":"closed","ping_status":"closed","sticky":false,"template":"","format":"standard","meta":{"advgb_blocks_editor_width":"","advgb_blocks_columns_visual_guide":"","footnotes":""},"categories":[436,7886,34,4038],"tags":[35],"class_list":["post-32251","post","type-post","status-publish","format-standard","hentry","category-celebridades","category-faustao","category-g1","category-transplante","tag-g1"],"author_meta":{"display_name":"Wallyson","author_link":"https:\/\/sindaopcpb.org.br\/author\/wallyson\/"},"featured_img":null,"coauthors":[],"tax_additional":{"categories":{"linked":["<a href=\"https:\/\/sindaopcpb.org.br\/celebridades\/\" class=\"advgb-post-tax-term\">Celebridades<\/a>","<a href=\"https:\/\/sindaopcpb.org.br\/faustao\/\" class=\"advgb-post-tax-term\">FAUST\u00c3O<\/a>","<a href=\"https:\/\/sindaopcpb.org.br\/g1\/\" class=\"advgb-post-tax-term\">G1<\/a>","<a href=\"https:\/\/sindaopcpb.org.br\/transplante\/\" class=\"advgb-post-tax-term\">TRANSPLANTE<\/a>"],"unlinked":["<span class=\"advgb-post-tax-term\">Celebridades<\/span>","<span class=\"advgb-post-tax-term\">FAUST\u00c3O<\/span>","<span class=\"advgb-post-tax-term\">G1<\/span>","<span class=\"advgb-post-tax-term\">TRANSPLANTE<\/span>"]},"tags":{"linked":["<a href=\"https:\/\/sindaopcpb.org.br\/transplante\/\" class=\"advgb-post-tax-term\">g1<\/a>"],"unlinked":["<span class=\"advgb-post-tax-term\">g1<\/span>"]}},"comment_count":"0","relative_dates":{"created":"Publicado 3 anos atr\u00e1s","modified":"Atualizado 3 anos atr\u00e1s"},"absolute_dates":{"created":"Publicado em 31 de agosto de 2023","modified":"Atualizado em 31 de agosto de 2023"},"absolute_dates_time":{"created":"Publicado em 31 de agosto de 2023 11:52","modified":"Atualizado em 31 de agosto de 2023 11:52"},"featured_img_caption":"","series_order":"","_links":{"self":[{"href":"https:\/\/sindaopcpb.org.br\/index.php\/wp-json\/wp\/v2\/posts\/32251","targetHints":{"allow":["GET"]}}],"collection":[{"href":"https:\/\/sindaopcpb.org.br\/index.php\/wp-json\/wp\/v2\/posts"}],"about":[{"href":"https:\/\/sindaopcpb.org.br\/index.php\/wp-json\/wp\/v2\/types\/post"}],"author":[{"embeddable":true,"href":"https:\/\/sindaopcpb.org.br\/index.php\/wp-json\/wp\/v2\/users\/50"}],"replies":[{"embeddable":true,"href":"https:\/\/sindaopcpb.org.br\/index.php\/wp-json\/wp\/v2\/comments?post=32251"}],"version-history":[{"count":1,"href":"https:\/\/sindaopcpb.org.br\/index.php\/wp-json\/wp\/v2\/posts\/32251\/revisions"}],"predecessor-version":[{"id":32252,"href":"https:\/\/sindaopcpb.org.br\/index.php\/wp-json\/wp\/v2\/posts\/32251\/revisions\/32252"}],"wp:attachment":[{"href":"https:\/\/sindaopcpb.org.br\/index.php\/wp-json\/wp\/v2\/media?parent=32251"}],"wp:term":[{"taxonomy":"category","embeddable":true,"href":"https:\/\/sindaopcpb.org.br\/index.php\/wp-json\/wp\/v2\/categories?post=32251"},{"taxonomy":"post_tag","embeddable":true,"href":"https:\/\/sindaopcpb.org.br\/index.php\/wp-json\/wp\/v2\/tags?post=32251"}],"curies":[{"name":"wp","href":"https:\/\/api.w.org\/{rel}","templated":true}]}}