{"id":32238,"date":"2023-08-31T09:34:44","date_gmt":"2023-08-31T12:34:44","guid":{"rendered":"https:\/\/wpa.wscom.com.br\/?p=920648"},"modified":"2023-08-31T09:34:44","modified_gmt":"2023-08-31T12:34:44","slug":"desembargador-jose-ricardo-porto-recebe-homenagem-da-oab-paraiba-2","status":"publish","type":"post","link":"https:\/\/sindaopcpb.org.br\/index.php\/2023\/08\/31\/desembargador-jose-ricardo-porto-recebe-homenagem-da-oab-paraiba-2\/","title":{"rendered":"Desembargador Jos\u00e9 Ricardo Porto recebe homenagem da OAB\/Para\u00edba"},"content":{"rendered":"<p>&nbsp;<\/p>\n<p>&nbsp;<\/p>\n<p>O desembargador Jos\u00e9 Ricardo Porto foi homenageado na manh\u00e3 desta segunda-feira (28) pela Ordem dos Advogados do Brasil, seccional da Para\u00edba, pela sua trajet\u00f3ria na advocacia e na OAB\/PB. A homenagem aconteceu durante a solenidade de entrega de carteiras aos novos advogados.<\/p>\n<p>Em sua sauda\u00e7\u00e3o, o presidente da OAB\/PB, Harrison Targino, lembrou que o desembargador chegou ao Tribunal de Justi\u00e7a pelo quinto constitucional da advocacia. &#8220;Esta Casa, por decis\u00e3o de toda a diretoria, faz quest\u00e3o de proclamar o respeito pela sua trajet\u00f3ria de advogado e o respeito que Vossa Excel\u00eancia tem tido com a advocacia, no seu trato com os colegas que lhe buscam para realizar a sua miss\u00e3o&#8221;, afirmou.<\/p>\n<p>Falando aos novos advogados, o desembargador disse que o profissional da advocacia deve ter acima de tudo conceito, \u00e9tica, altivez, dignidade, sensatez e prud\u00eancia. Citando o jurista Bernardo Cabral, Porto destacou que a \u201c advocacia \u00e9 um estado de esp\u00edrito e o direito e a express\u00e3o mais bela de todas as artes\u201d.<\/p>\n<p>Jos\u00e9 Ricardo Porto disse que o pa\u00eds convive com situa\u00e7\u00f5es estranhas e incomum. Ele citou o caso, que ganhou repercuss\u00e3o na m\u00eddia, de um advogado com fortes liga\u00e7\u00f5es com os altos escal\u00f5es da Rep\u00fablica, que viajou a Miami nos Estados Unidos para recomprar rel\u00f3gio. \u201cO advogado n\u00e3o \u00e9 relojoeiro. O profissional da advocacia \u00e9 um mercador de esperan\u00e7as que imp\u00f5e respeito a sociedade pela sua postura altiva, \u00e9tica e inteligente na busca incessante da paz social e respeito a Constitui\u00e7\u00e3o do Pa\u00eds\u201d.<\/p>\n<p>Citando Leandro Karnal, Ricardo Porto asseverou: \u201cA democracia n\u00e3o \u00e9 o para\u00edso, mas ela consegue garantir que a gente n\u00e3o chegue no inferno\u201d.<\/p>\n<p>Na defesa da Constitui\u00e7\u00e3o, proclamou que os envolvidos nos atos antidemocr\u00e1ticos, golpistas e oportunistas, devem ser punidos de acordo com a lei. \u201cO que n\u00e3o podemos \u00e9 compactuar e passar a m\u00e3o de forma panor\u00e2mica, em todos que tramaram em desfavor do estado democr\u00e1tico de direito, ningu\u00e9m est\u00e1 acima da lei\u201d.<\/p>\n<p>O desembargador fez quest\u00e3o de registrar o seu respeito e admira\u00e7\u00e3o pelas For\u00e7as Armadas brasileiras. \u201cN\u00f3s devemos preservar as institui\u00e7\u00f5es. S\u00e3o carreiras de Estado, que est\u00e3o atuando em sincronia com a Constitui\u00e7\u00e3o, portanto significar dizer que a presen\u00e7a de um grupo bem inexpressivo e diminuto de maus brasileiros em suas fileiras n\u00e3o compromete os relevantes servi\u00e7os que prestam a nossa P\u00e1tria, notadamente no tocante a preserva\u00e7\u00e3o da democracia\u201d.<\/p>\n<p>O post <a rel=\"nofollow noopener\" href=\"https:\/\/wscom.com.br\/desembargador-jose-ricardo-porto-recebe-homenagem-da-oab-paraiba-2\/\" target=\"_blank\">Desembargador Jos\u00e9 Ricardo Porto recebe homenagem da OAB\/Para\u00edba<\/a> apareceu primeiro em <a rel=\"nofollow noopener\" href=\"https:\/\/wscom.com.br\/\" target=\"_blank\">WSCOM<\/a>.<\/p>\n","protected":false},"excerpt":{"rendered":"<p>\u00a0 \u00a0 O desembargador Jos\u00e9 Ricardo Porto foi homenageado na manh\u00e3 desta segunda-feira (28) pela Ordem dos Advogados do Brasil, seccional da Para\u00edba, pela sua trajet\u00f3ria na advocacia e na OAB\/PB. A homenagem aconteceu durante a solenidade de entrega de carteiras aos novos advogados. Em sua sauda\u00e7\u00e3o, o presidente da OAB\/PB, Harrison Targino, lembrou que [\u2026]<\/p>\n<p>O post <a rel=\"nofollow\" href=\"https:\/\/wscom.com.br\/desembargador-jose-ricardo-porto-recebe-homenagem-da-oab-paraiba-2\/\">Desembargador Jos\u00e9 Ricardo Porto recebe homenagem da OAB\/Para\u00edba<\/a> apareceu primeiro em <a rel=\"nofollow\" href=\"https:\/\/wscom.com.br\/\">WSCOM<\/a>.<\/p>\n","protected":false},"author":42,"featured_media":0,"comment_status":"closed","ping_status":"closed","sticky":false,"template":"","format":"standard","meta":{"advgb_blocks_editor_width":"","advgb_blocks_columns_visual_guide":"","footnotes":""},"categories":[870,34,3132,1718,5059,278,927],"tags":[35],"class_list":["post-32238","post","type-post","status-publish","format-standard","hentry","category-desembargador","category-g1","category-harrison-targino","category-homenagem","category-jose-ricardo-porto","category-justica","category-oab-pb","tag-g1"],"author_meta":{"display_name":"Rafael Andrade","author_link":"https:\/\/sindaopcpb.org.br\/author\/rafael-andrade\/"},"featured_img":null,"coauthors":[],"tax_additional":{"categories":{"linked":["<a href=\"https:\/\/sindaopcpb.org.br\/desembargador\/\" class=\"advgb-post-tax-term\">desembargador<\/a>","<a href=\"https:\/\/sindaopcpb.org.br\/g1\/\" class=\"advgb-post-tax-term\">G1<\/a>","<a href=\"https:\/\/sindaopcpb.org.br\/harrison-targino\/\" class=\"advgb-post-tax-term\">Harrison Targino<\/a>","<a href=\"https:\/\/sindaopcpb.org.br\/homenagem\/\" class=\"advgb-post-tax-term\">Homenagem<\/a>","<a href=\"https:\/\/sindaopcpb.org.br\/jose-ricardo-porto\/\" class=\"advgb-post-tax-term\">Jos\u00e9 ricardo Porto<\/a>","<a href=\"https:\/\/sindaopcpb.org.br\/justica\/\" class=\"advgb-post-tax-term\">Justi\u00e7a<\/a>","<a href=\"https:\/\/sindaopcpb.org.br\/oab-pb\/\" class=\"advgb-post-tax-term\">oab-pb<\/a>"],"unlinked":["<span class=\"advgb-post-tax-term\">desembargador<\/span>","<span class=\"advgb-post-tax-term\">G1<\/span>","<span class=\"advgb-post-tax-term\">Harrison Targino<\/span>","<span class=\"advgb-post-tax-term\">Homenagem<\/span>","<span class=\"advgb-post-tax-term\">Jos\u00e9 ricardo Porto<\/span>","<span class=\"advgb-post-tax-term\">Justi\u00e7a<\/span>","<span class=\"advgb-post-tax-term\">oab-pb<\/span>"]},"tags":{"linked":["<a href=\"https:\/\/sindaopcpb.org.br\/oab-pb\/\" class=\"advgb-post-tax-term\">g1<\/a>"],"unlinked":["<span class=\"advgb-post-tax-term\">g1<\/span>"]}},"comment_count":"0","relative_dates":{"created":"Publicado 3 anos atr\u00e1s","modified":"Atualizado 3 anos atr\u00e1s"},"absolute_dates":{"created":"Publicado em 31 de agosto de 2023","modified":"Atualizado em 31 de agosto de 2023"},"absolute_dates_time":{"created":"Publicado em 31 de agosto de 2023 09:34","modified":"Atualizado em 31 de agosto de 2023 09:34"},"featured_img_caption":"","series_order":"","_links":{"self":[{"href":"https:\/\/sindaopcpb.org.br\/index.php\/wp-json\/wp\/v2\/posts\/32238","targetHints":{"allow":["GET"]}}],"collection":[{"href":"https:\/\/sindaopcpb.org.br\/index.php\/wp-json\/wp\/v2\/posts"}],"about":[{"href":"https:\/\/sindaopcpb.org.br\/index.php\/wp-json\/wp\/v2\/types\/post"}],"author":[{"embeddable":true,"href":"https:\/\/sindaopcpb.org.br\/index.php\/wp-json\/wp\/v2\/users\/42"}],"replies":[{"embeddable":true,"href":"https:\/\/sindaopcpb.org.br\/index.php\/wp-json\/wp\/v2\/comments?post=32238"}],"version-history":[{"count":1,"href":"https:\/\/sindaopcpb.org.br\/index.php\/wp-json\/wp\/v2\/posts\/32238\/revisions"}],"predecessor-version":[{"id":32239,"href":"https:\/\/sindaopcpb.org.br\/index.php\/wp-json\/wp\/v2\/posts\/32238\/revisions\/32239"}],"wp:attachment":[{"href":"https:\/\/sindaopcpb.org.br\/index.php\/wp-json\/wp\/v2\/media?parent=32238"}],"wp:term":[{"taxonomy":"category","embeddable":true,"href":"https:\/\/sindaopcpb.org.br\/index.php\/wp-json\/wp\/v2\/categories?post=32238"},{"taxonomy":"post_tag","embeddable":true,"href":"https:\/\/sindaopcpb.org.br\/index.php\/wp-json\/wp\/v2\/tags?post=32238"}],"curies":[{"name":"wp","href":"https:\/\/api.w.org\/{rel}","templated":true}]}}