{"id":32224,"date":"2023-08-31T09:46:45","date_gmt":"2023-08-31T12:46:45","guid":{"rendered":"https:\/\/g1.globo.com\/pb\/paraiba\/noticia\/2023\/08\/31\/policia-civil-da-paraiba-conclui-que-motorista-vitima-de-ataque-em-onibus-morreu-por-infeccao.ghtml"},"modified":"2023-08-31T09:46:45","modified_gmt":"2023-08-31T12:46:45","slug":"policia-civil-da-paraiba-conclui-que-motorista-vitima-de-ataque-em-onibus-morreu-por-infeccao","status":"publish","type":"post","link":"https:\/\/sindaopcpb.org.br\/index.php\/2023\/08\/31\/policia-civil-da-paraiba-conclui-que-motorista-vitima-de-ataque-em-onibus-morreu-por-infeccao\/","title":{"rendered":"Pol\u00edcia Civil da Para\u00edba conclui que motorista v\u00edtima de ataque em \u00f4nibus morreu por infec\u00e7\u00e3o"},"content":{"rendered":"   <img src=\"https:\/\/s2.glbimg.com\/ibZ1-7mBM91dc6dkGZDaDb_jiZ4=\/i.s3.glbimg.com\/v1\/AUTH_59edd422c0c84a879bd37670ae4f538a\/internal_photos\/bs\/2023\/8\/K\/BZcrAiRcA8IALhuPVS5w\/onibus-1.jpg\" \/><br \/>     Apesar de ter 54% do corpo queimado, foi a infec\u00e7\u00e3o generalizada decorrente do problema que o matou. \u00d4nibus ficou completamente destru\u00eddo ap\u00f3s ser incendiado com passageiros e motorista dentro, em Jo\u00e3o Pessoa\nReprodu\u00e7\u00e3o\/TV Cabo Branco\nA Pol\u00edcia Civil da Para\u00edba concluiu nessa quarta-feira (30) que o motorista que teve 54% de seu corpo queimado num ataque a \u00f4nibus em Jo\u00e3o Pessoa morreu em decorr\u00eancia de uma infec\u00e7\u00e3o generalizada. A conclus\u00e3o \u00e9 da per\u00edcia realizada no corpo da v\u00edtima e que foi divulgada 30 dias ap\u00f3s o \u00f3bito.\nPerito respons\u00e1vel pela an\u00e1lise do corpo, Fl\u00e1vio Fabres confirmou que o cad\u00e1ver apresentava uma \u00e1rea de cobertura de queimadura de grandes propor\u00e7\u00f5es e que foi essa condi\u00e7\u00e3o que provocou a infec\u00e7\u00e3o que o levou \u00e0 morte.\nFabres ponderou ainda que o resultado do laudo \u00e9 pe\u00e7a fundamental nas investiga\u00e7\u00f5es e que esse documento poder\u00e1 colaborar para o delegado da investiga\u00e7\u00e3o qualificar o tipo de homic\u00eddio cometido contra o motorista. Ele exemplifica duas das qualifica\u00e7\u00f5es mais evidentes, que seria a morte por fogo e por meio cruel, mas destacou que outras ainda poder\u00e3o ser inclu\u00eddas.\nPor fim, ele explicou que o laudo, embora tenha sa\u00eddo dentro do prazo, demorou um pouco porque muitas vezes s\u00e3o necess\u00e1rios exames complementares e investiga\u00e7\u00f5es maiores no corpo para identificar a causa real da morte.\nO motorista morreu em 30 de julho deste ano, no Hospital de Emerg\u00eancia e Trauma de Jo\u00e3o Pessoa. No dia 18 do mesmo m\u00eas, ele conduzia o \u00f4nibus que foi incendiado por criminosos no bairro de Padre Z\u00e9. Outros cinco passageiros estavam no ve\u00edculo, ficaram feridos, mas sem tanta gravidade.\nDesde ent\u00e3o, duas opera\u00e7\u00f5es policiais j\u00e1 foram realizadas e oito pessoas foram apontadas como respons\u00e1veis pelo crime. Em 29 de julho, um homem identificado por dirigir o carro que levou os autores do ataque at\u00e9 o \u00f4nibus acabou preso. J\u00e1 em 23 de agosto, dois outros mandados de pris\u00e3o foram cumpridos. Tr\u00eas pessoas s\u00e3o consideradas foragidas e duas ainda precisam ser melhor identificadas.\nV\u00eddeos mais assistidos da Para\u00edba  ","protected":false},"excerpt":{"rendered":"<p>        Apesar de ter 54% do corpo queimado, foi a infec\u00e7\u00e3o generalizada decorrente do problema que o matou. \u00d4nibus ficou completamente destru\u00eddo ap\u00f3s ser incendiado com passageiros e motorista dentro, em Jo\u00e3o Pessoa<br \/>\nReprodu\u00e7\u00e3o\/TV Cabo Branco<br \/>\nA Pol\u00edcia&#8230;<\/p>\n","protected":false},"author":2,"featured_media":0,"comment_status":"closed","ping_status":"closed","sticky":false,"template":"","format":"standard","meta":{"advgb_blocks_editor_width":"","advgb_blocks_columns_visual_guide":"","footnotes":""},"categories":[34],"tags":[35],"class_list":["post-32224","post","type-post","status-publish","format-standard","hentry","category-g1","tag-g1"],"author_meta":{"display_name":"g1 &gt; Para\u00edba","author_link":"https:\/\/sindaopcpb.org.br\/author\/g1-paraiba\/"},"featured_img":null,"coauthors":[],"tax_additional":{"categories":{"linked":["<a href=\"https:\/\/sindaopcpb.org.br\/g1\/\" class=\"advgb-post-tax-term\">G1<\/a>"],"unlinked":["<span class=\"advgb-post-tax-term\">G1<\/span>"]},"tags":{"linked":["<a href=\"https:\/\/sindaopcpb.org.br\/g1\/\" class=\"advgb-post-tax-term\">g1<\/a>"],"unlinked":["<span class=\"advgb-post-tax-term\">g1<\/span>"]}},"comment_count":"0","relative_dates":{"created":"Publicado 3 anos atr\u00e1s","modified":"Atualizado 3 anos atr\u00e1s"},"absolute_dates":{"created":"Publicado em 31 de agosto de 2023","modified":"Atualizado em 31 de agosto de 2023"},"absolute_dates_time":{"created":"Publicado em 31 de agosto de 2023 09:46","modified":"Atualizado em 31 de agosto de 2023 09:46"},"featured_img_caption":"","series_order":"","_links":{"self":[{"href":"https:\/\/sindaopcpb.org.br\/index.php\/wp-json\/wp\/v2\/posts\/32224","targetHints":{"allow":["GET"]}}],"collection":[{"href":"https:\/\/sindaopcpb.org.br\/index.php\/wp-json\/wp\/v2\/posts"}],"about":[{"href":"https:\/\/sindaopcpb.org.br\/index.php\/wp-json\/wp\/v2\/types\/post"}],"author":[{"embeddable":true,"href":"https:\/\/sindaopcpb.org.br\/index.php\/wp-json\/wp\/v2\/users\/2"}],"replies":[{"embeddable":true,"href":"https:\/\/sindaopcpb.org.br\/index.php\/wp-json\/wp\/v2\/comments?post=32224"}],"version-history":[{"count":1,"href":"https:\/\/sindaopcpb.org.br\/index.php\/wp-json\/wp\/v2\/posts\/32224\/revisions"}],"predecessor-version":[{"id":32225,"href":"https:\/\/sindaopcpb.org.br\/index.php\/wp-json\/wp\/v2\/posts\/32224\/revisions\/32225"}],"wp:attachment":[{"href":"https:\/\/sindaopcpb.org.br\/index.php\/wp-json\/wp\/v2\/media?parent=32224"}],"wp:term":[{"taxonomy":"category","embeddable":true,"href":"https:\/\/sindaopcpb.org.br\/index.php\/wp-json\/wp\/v2\/categories?post=32224"},{"taxonomy":"post_tag","embeddable":true,"href":"https:\/\/sindaopcpb.org.br\/index.php\/wp-json\/wp\/v2\/tags?post=32224"}],"curies":[{"name":"wp","href":"https:\/\/api.w.org\/{rel}","templated":true}]}}