{"id":32165,"date":"2023-08-30T17:43:00","date_gmt":"2023-08-30T20:43:00","guid":{"rendered":"https:\/\/www.infomoney.com.br\/?p=2230087"},"modified":"2023-08-30T17:43:00","modified_gmt":"2023-08-30T20:43:00","slug":"nao-esta-em-discussao-a-volta-do-imposto-sindical-afirma-ministro-do-trabalho","status":"publish","type":"post","link":"https:\/\/sindaopcpb.org.br\/index.php\/2023\/08\/30\/nao-esta-em-discussao-a-volta-do-imposto-sindical-afirma-ministro-do-trabalho\/","title":{"rendered":"\u2018N\u00e3o est\u00e1 em discuss\u00e3o a volta do imposto sindical\u2019, afirma ministro do Trabalho"},"content":{"rendered":"<p><img loading=\"lazy\" width=\"300\" height=\"179\" src=\"https:\/\/www.infomoney.com.br\/wp-content\/uploads\/2023\/01\/luizmarinho.jpg?fit=300%2C179&amp;quality=70&amp;strip=all\" class=\"attachment-medium size-medium wp-post-image\" alt=\"\" decoding=\"async\" style=\"float:right; margin:0 0 10px 10px;\" srcset=\"https:\/\/www.infomoney.com.br\/wp-content\/uploads\/2023\/01\/luizmarinho.jpg?w=1170&amp;quality=70&amp;strip=all 1170w, https:\/\/www.infomoney.com.br\/wp-content\/uploads\/2023\/01\/luizmarinho.jpg?w=300&amp;quality=70&amp;strip=all 300w, https:\/\/www.infomoney.com.br\/wp-content\/uploads\/2023\/01\/luizmarinho.jpg?w=768&amp;quality=70&amp;strip=all 768w, https:\/\/www.infomoney.com.br\/wp-content\/uploads\/2023\/01\/luizmarinho.jpg?w=150&amp;quality=70&amp;strip=all 150w\" sizes=\"auto, (max-width: 300px) 100vw, 300px\" data-attachment-id=\"2040636\" data-permalink=\"https:\/\/www.infomoney.com.br\/minhas-financas\/saque-aniversario-do-fgts-governo-vai-proibir-novos-pedidos-a-partir-de-marco\/attachment\/luizmarinho\/\" data-orig-file=\"https:\/\/www.infomoney.com.br\/wp-content\/uploads\/2023\/01\/luizmarinho.jpg?fit=1170%2C700&amp;quality=70&amp;strip=all\" data-orig-size=\"1170,700\" data-comments-opened=\"0\" data-image-meta=\"{&quot;aperture&quot;:&quot;4&quot;,&quot;credit&quot;:&quot;Marcelo Camargo\\\/Ag\\u00eancia Brasil&quot;,&quot;camera&quot;:&quot;NIKON D4&quot;,&quot;caption&quot;:&quot;O ministro do Trabalho, Luiz Marinho, durante encontro com dirigentes de centrais sindicais, no Pal\\u00e1cio do Planalto.&quot;,&quot;created_timestamp&quot;:&quot;1674046866&quot;,&quot;copyright&quot;:&quot;Ag\\u00eancia Brasil\\\/EBC&quot;,&quot;focal_length&quot;:&quot;600&quot;,&quot;iso&quot;:&quot;1250&quot;,&quot;shutter_speed&quot;:&quot;0.0025&quot;,&quot;title&quot;:&quot;&quot;,&quot;orientation&quot;:&quot;0&quot;}\" data-image-title=\"Luiz Marinho\" data-image-description=\"\" data-image-caption=\"&lt;p&gt;O ministro do Trabalho, Luiz Marinho (PT), durante encontro com dirigentes de centrais sindicais, no Pal\u00e1cio do Planalto (Foto: Marcelo Camargo\/Ag\u00eancia Brasil)&lt;\/p&gt;\n\" data-medium-file=\"https:\/\/www.infomoney.com.br\/wp-content\/uploads\/2023\/01\/luizmarinho.jpg?fit=300%2C179&amp;quality=70&amp;strip=all\" data-large-file=\"https:\/\/www.infomoney.com.br\/wp-content\/uploads\/2023\/01\/luizmarinho.jpg?fit=1170%2C700&amp;quality=70&amp;strip=all\" title=\"\"><\/p>\n<p>O ministro do Trabalho e Emprego, Luiz Marinho, descartou nesta quarta-feira (30), o retorno do imposto sindical, mas voltou a defender a cria&ccedil;&atilde;o de uma &ldquo;contribui&ccedil;&atilde;o negocial&rdquo;, decidida em assembleias com a participa&ccedil;&atilde;o de trabalhadores e empregadores. &ldquo;N&atilde;o est&aacute; em discuss&atilde;o a volta do imposto sindical. Falamos em contribui&ccedil;&atilde;o negocial, apenas quando h&aacute; negocia&ccedil;&atilde;o. Quem vai decidir sobre contribui&ccedil;&atilde;o ser&aacute; assembleia com trabalhadores e empregadores&rdquo;, afirmou.<\/p>\n<p>E completou: &ldquo;Para representar bem os trabalhadores, os sindicatos precisam ter capacidade. Quem pode propiciar essa condi&ccedil;&atilde;o aos sindicatos &eacute; a categoria, e a decis&atilde;o deve ser por assembleia.&rdquo;<\/p>\n<p>O ministro defendeu ainda que os trabalhadores que n&atilde;o sejam s&oacute;cios dos sindicatos tamb&eacute;m paguem a contribui&ccedil;&atilde;o negocial, j&aacute; que tamb&eacute;m ser&atilde;o beneficiados pelas negocia&ccedil;&otilde;es coletivas. &ldquo;O que a assembleia deliberar, todos t&ecirc;m de cumprir. &Eacute; assim que as entidades democr&aacute;ticas decidem as coisas&rdquo;, argumentou.<\/p>\n<p>Segundo Marinho, o governo n&atilde;o est&aacute; elaborando um projeto de lei sobre o tema, mas provocando que as centrais sindicais e os empregadores construam um entendimento sobre a quest&atilde;o. &ldquo;O governo ir&aacute; chancelar e encaminhar para o Parlamento, que ter&aacute; a voz final&rdquo;, acrescentou. &ldquo;O Supremo Tribunal Federal j&aacute; legisla demais, ent&atilde;o &eacute; preciso que o Parlamento fale sobre o assunto&rdquo;, alfinetou.<\/p>\n<p>Ele ainda minimizou eventuais resist&ecirc;ncias do presidente da C&acirc;mara dos Deputados, Arthur Lira (PP-AL), sobre a quest&atilde;o. &ldquo;J&aacute; vimos diversas entrevistas antes de uma mat&eacute;ria estar em an&aacute;lise. &Agrave;s vezes, ele se posiciona no calor do momento, e voc&ecirc; j&aacute; viu v&aacute;rias vezes o Lira falar isso n&atilde;o vai e depois agora vai. Faz parte do processo democr&aacute;tico e vejo isso com naturalidade&rdquo;, concluiu.<\/p>\n<\/p>\n<div class=\"cta-end\">\n<div class=\"im-cta\" >\n<div class=\"im-shortcode-forms bg-light bg-opacity-25 border rounded-4 p-3 p-sm-4 p-md-3 p-lg-4 px-xxl-5 my-5\" data-configuration='{\"form_name\":false,\"form_hat\":\"Newsletter\",\"form_email\":true,\"form_icon\":\"newsletter\",\"form_phone\":false,\"form_campaign\":\"NIM\",\"form_thankyou\":\"\",\"form_journey\":\"APIEvent-26a5198d-8e09-06ef-5f80-cd9127757ad1\",\"form_button\":\"Quero receber\",\"form_context\":\"newsletter\",\"form_origin\":\"https:\\\/\\\/www.infomoney.com.br\\\/politica\\\/feed\\\/?utm_medium=materia&#038;utm_source=infomoney&#038;utm_campaign=NIM&#038;utm_term=politica&#038;utm_content=newsletter\",\"form_position\":\"final\",\"form_category\":\"cta_form\"}'>\n<div class=\"d-flex flex-column align-items-center align-items-lg-start mb-4 flex-lg-row\">\n<div class=\"rounded-circle mb-2 mb-lg-0 mr-lg-4 me-lg-4 p-3 p-lg-4 bg-blue-400\"><svg width=\"40\" height=\"40\" viewBox=\"0 0 40 40\" fill=\"none\" xmlns=\"http:\/\/www.w3.org\/2000\/svg\"><path d=\"M20 20.25 6.042 11.042v19.041c0 .167.048.299.146.396a.535.535 0 0 0 .395.146h15.792V32.5H6.583a2.328 2.328 0 0 1-1.708-.708 2.328 2.328 0 0 1-.708-1.709V9.917c0-.667.236-1.236.708-1.709A2.328 2.328 0 0 1 6.583 7.5h26.834c.666 0 1.236.236 1.708.708a2.33 2.33 0 0 1 .708 1.709v12.458h-1.875V11.042L20 20.25Zm0-2 13.667-8.875H6.333L20 18.25Zm11.75 18.958-1.292-1.333 3.334-3.375h-9v-1.875h9l-3.375-3.417 1.333-1.291 5.667 5.625-5.667 5.666ZM6.042 11.042v20.791-9.458.25-13.25 1.667Z\" fill=\"#fff\"\/><\/svg><\/div>\n<div class=\"flex-fill text-center text-lg-left\">\n<div class=\"h6 small text-orange-700 lh-base mb-1\">Newsletter<\/div>\n<div class=\"text-body h4 m-0\">Infomorning<\/div>\n<div class=\"text-body small lh-base mt-2\">Receba no seu e-mail logo pela manh&atilde; as not&iacute;cias que v&atilde;o mexer com os mercados, com os seus investimentos e o seu bolso durante o dia<\/div>\n<\/div>\n<\/div>\n<\/div>\n<\/div>\n<\/div>\n<p>The post <a rel=\"nofollow noopener\" href=\"https:\/\/www.infomoney.com.br\/politica\/nao-esta-em-discussao-a-volta-do-imposto-sindical-afirma-ministro-do-trabalho\/\" target=\"_blank\">&#8216;N\u00e3o est\u00e1 em discuss\u00e3o a volta do imposto sindical&#8217;, afirma ministro do Trabalho<\/a> appeared first on <a rel=\"nofollow noopener\" href=\"https:\/\/www.infomoney.com.br\/\" target=\"_blank\">InfoMoney<\/a>.<\/p>\n","protected":false},"excerpt":{"rendered":"<p><img loading=\"lazy\" decoding=\"async\" width=\"300\" height=\"179\" src=\"https:\/\/www.infomoney.com.br\/wp-content\/uploads\/2023\/01\/luizmarinho.jpg?fit=300%2C179&amp;quality=70&amp;strip=all\" class=\"attachment-medium size-medium wp-post-image\" alt=\"\" data-attachment-id=\"2040636\" data-permalink=\"https:\/\/www.infomoney.com.br\/minhas-financas\/saque-aniversario-do-fgts-governo-vai-proibir-novos-pedidos-a-partir-de-marco\/attachment\/luizmarinho\/\" data-orig-file=\"https:\/\/www.infomoney.com.br\/wp-content\/uploads\/2023\/01\/luizmarinho.jpg?fit=1170%2C700&amp;quality=70&amp;strip=all\" data-orig-size=\"1170,700\" data-comments-opened=\"0\" data-image-meta='{\"aperture\":\"4\",\"credit\":\"Marcelo Camargo\\\/Ag\\u00eancia Brasil\",\"camera\":\"NIKON D4\",\"caption\":\"O ministro do Trabalho, Luiz Marinho, durante encontro com dirigentes de centrais sindicais, no Pal\\u00e1cio do Planalto.\",\"created_timestamp\":\"1674046866\",\"copyright\":\"Ag\\u00eancia Brasil\\\/EBC\",\"focal_length\":\"600\",\"iso\":\"1250\",\"shutter_speed\":\"0.0025\",\"title\":\"\",\"orientation\":\"0\"}' data-image-title=\"Luiz Marinho\" data-image-description=\"\" data-image-caption=\"&lt;p&gt;O ministro do Trabalho, Luiz Marinho (PT), durante encontro com dirigentes de centrais sindicais, no Pal\u00e1cio do Planalto (Foto: Marcelo Camargo\/Ag\u00eancia Brasil)&lt;\/p&gt;\n\" data-medium-file=\"https:\/\/www.infomoney.com.br\/wp-content\/uploads\/2023\/01\/luizmarinho.jpg?fit=300%2C179&amp;quality=70&amp;strip=all\" data-large-file=\"https:\/\/www.infomoney.com.br\/wp-content\/uploads\/2023\/01\/luizmarinho.jpg?fit=1170%2C700&amp;quality=70&amp;strip=all\">Segundo Luiz Marinho, governo n\u00e3o est\u00e1 elaborando um projeto de lei sobre o tema, mas provocando que centrais sindicais e empregadores construam consenso<\/p>\n<p>The post <a rel=\"nofollow\" href=\"https:\/\/www.infomoney.com.br\/politica\/nao-esta-em-discussao-a-volta-do-imposto-sindical-afirma-ministro-do-trabalho\/\">\u2018N\u00e3o est\u00e1 em discuss\u00e3o a volta do imposto sindical\u2019, afirma ministro do Trabalho<\/a> appeared first on <a rel=\"nofollow\" href=\"https:\/\/www.infomoney.com.br\/\">InfoMoney<\/a>.<\/p>\n","protected":false},"author":43,"featured_media":0,"comment_status":"closed","ping_status":"closed","sticky":false,"template":"","format":"standard","meta":{"advgb_blocks_editor_width":"","advgb_blocks_columns_visual_guide":"","footnotes":""},"categories":[34,556,571,300,47,1390],"tags":[35],"class_list":["post-32165","post","type-post","status-publish","format-standard","hentry","category-g1","category-impostos","category-luiz-marinho","category-ministerio-do-trabalho","category-politica","category-sindicato","tag-g1"],"author_meta":{"display_name":"Estad\u00e3o Conte\u00fado","author_link":"https:\/\/sindaopcpb.org.br\/author\/estadao-conteudo\/"},"featured_img":null,"coauthors":[],"tax_additional":{"categories":{"linked":["<a href=\"https:\/\/sindaopcpb.org.br\/g1\/\" class=\"advgb-post-tax-term\">G1<\/a>","<a href=\"https:\/\/sindaopcpb.org.br\/impostos\/\" class=\"advgb-post-tax-term\">Impostos<\/a>","<a href=\"https:\/\/sindaopcpb.org.br\/luiz-marinho\/\" class=\"advgb-post-tax-term\">Luiz Marinho<\/a>","<a href=\"https:\/\/sindaopcpb.org.br\/ministerio-do-trabalho\/\" class=\"advgb-post-tax-term\">Minist\u00e9rio do Trabalho<\/a>","<a href=\"https:\/\/sindaopcpb.org.br\/politica\/\" class=\"advgb-post-tax-term\">POLITICA<\/a>","<a href=\"https:\/\/sindaopcpb.org.br\/sindicato\/\" class=\"advgb-post-tax-term\">Sindicato<\/a>"],"unlinked":["<span class=\"advgb-post-tax-term\">G1<\/span>","<span class=\"advgb-post-tax-term\">Impostos<\/span>","<span class=\"advgb-post-tax-term\">Luiz Marinho<\/span>","<span class=\"advgb-post-tax-term\">Minist\u00e9rio do Trabalho<\/span>","<span class=\"advgb-post-tax-term\">POLITICA<\/span>","<span class=\"advgb-post-tax-term\">Sindicato<\/span>"]},"tags":{"linked":["<a href=\"https:\/\/sindaopcpb.org.br\/sindicato\/\" class=\"advgb-post-tax-term\">g1<\/a>"],"unlinked":["<span class=\"advgb-post-tax-term\">g1<\/span>"]}},"comment_count":"0","relative_dates":{"created":"Publicado 3 anos atr\u00e1s","modified":"Atualizado 3 anos atr\u00e1s"},"absolute_dates":{"created":"Publicado em 30 de agosto de 2023","modified":"Atualizado em 30 de agosto de 2023"},"absolute_dates_time":{"created":"Publicado em 30 de agosto de 2023 17:43","modified":"Atualizado em 30 de agosto de 2023 17:43"},"featured_img_caption":"","series_order":"","_links":{"self":[{"href":"https:\/\/sindaopcpb.org.br\/index.php\/wp-json\/wp\/v2\/posts\/32165","targetHints":{"allow":["GET"]}}],"collection":[{"href":"https:\/\/sindaopcpb.org.br\/index.php\/wp-json\/wp\/v2\/posts"}],"about":[{"href":"https:\/\/sindaopcpb.org.br\/index.php\/wp-json\/wp\/v2\/types\/post"}],"author":[{"embeddable":true,"href":"https:\/\/sindaopcpb.org.br\/index.php\/wp-json\/wp\/v2\/users\/43"}],"replies":[{"embeddable":true,"href":"https:\/\/sindaopcpb.org.br\/index.php\/wp-json\/wp\/v2\/comments?post=32165"}],"version-history":[{"count":1,"href":"https:\/\/sindaopcpb.org.br\/index.php\/wp-json\/wp\/v2\/posts\/32165\/revisions"}],"predecessor-version":[{"id":32166,"href":"https:\/\/sindaopcpb.org.br\/index.php\/wp-json\/wp\/v2\/posts\/32165\/revisions\/32166"}],"wp:attachment":[{"href":"https:\/\/sindaopcpb.org.br\/index.php\/wp-json\/wp\/v2\/media?parent=32165"}],"wp:term":[{"taxonomy":"category","embeddable":true,"href":"https:\/\/sindaopcpb.org.br\/index.php\/wp-json\/wp\/v2\/categories?post=32165"},{"taxonomy":"post_tag","embeddable":true,"href":"https:\/\/sindaopcpb.org.br\/index.php\/wp-json\/wp\/v2\/tags?post=32165"}],"curies":[{"name":"wp","href":"https:\/\/api.w.org\/{rel}","templated":true}]}}